{"id":6899,"date":"2013-09-17T09:00:00","date_gmt":"2013-09-17T07:00:00","guid":{"rendered":"https:\/\/wp.muchomaas.com\/la-mecanique-des-dessous-aux-arts6899\/"},"modified":"2023-06-23T23:15:09","modified_gmt":"2023-06-23T21:15:09","slug":"la-mecanique-des-dessous-aux-arts6899","status":"publish","type":"post","link":"https:\/\/archives.regards.fr\/?p=6899","title":{"rendered":"La m\u00e9canique des dessous, aux Arts D\u00e9coratifs"},"content":{"rendered":"<p>Si vous avez chaud, que vous \u00eates sur Paris, allez vous refugier aux Arts D\u00e9coratifs. Entrez dans les salles obscures des \u00e9tages Mode, une p\u00e9nombre justifi\u00e9e par la fragilit\u00e9 des pi\u00e8ces pr\u00e9sent\u00e9es. Il faut quelques minutes pour s&#8217;y habituer mais l&#8217;ambiance est l\u00e0. On plonge alors dans un dr\u00f4le d&#8217;univers, l&#8217;exposition <em>La m\u00e9canique des dessous<\/em> se proposant <em>\u00ab d\u2019explorer les artifices utilis\u00e9s par les femmes et les hommes, du XIVe si\u00e8cle \u00e0 nos jours, pour dessiner leur silhouette \u00bb<\/em>. O\u00f9 on s&#8217;attendait \u00e0 trouver un parfum d&#8217;\u00e9rotisme, on a presque plus l&#8217;impression de traverser une galerie des tortures ! On d\u00e9couvre des appareillages aussi sophistiqu\u00e9s parfois qu&#8217;un pont suspendu qui, selon les modes du moment, cherchent \u00e0 remodeler le corps \u00e0 l&#8217;aide d&#8217;armatures plus ou moins souples, de techniques de la\u00e7age, cerclage, rembourrage&#8230; Le <em>\u00ab\u00a0corps naturel\u00a0\u00bb<\/em> dispara\u00eet derri\u00e8re le <em>\u00ab\u00a0corps culturel\u00a0\u00bb<\/em>. <\/p>\n<p><em>\u00ab Effacer le ventre, comprimer la taille jusqu\u2019\u00e0 la creuser, maintenir la poitrine, rehausser les seins \u2013 parfois les aplatir \u2013, arrondir les hanches \u00bb<\/em>, tout un travail de rectification (et de domination) qui touche en premier lieu la femme \u2013 jusqu&#8217;\u00e0 litt\u00e9ralement la mettre en cage avec un monstrueux corset m\u00e9canique \u2013 mais aussi l&#8217;homme, quoi que dans un sens sensiblement diff\u00e9rent. Car, si l&#8217;on d\u00e9couvre que la gaine n&#8217;est pas qu&#8217;un accessoire f\u00e9minin, selon les variations du go\u00fbt, l&#8217;homme a plut\u00f4t b\u00e9n\u00e9ficier d&#8217;\u00e9l\u00e9ments d&#8217;excroissance que de r\u00e9tention : braguette en volume (jusqu&#8217;\u00e0 simuler un sexe en \u00e9rection \u00e0 la Renaissance !) , faux-mollets, carrure renforc\u00e9e&#8230; Ceci dit, avec l&#8217;armure, l&#8217;homme se retrouve carr\u00e9ment mis en bo\u00eete. <\/p>\n<p><iframe loading=\"lazy\" frameborder=\"0\" width=\"460\" height=\"270\" src=\"http:\/\/www.dailymotion.com\/embed\/video\/x11n94p?foreground=%23FFFFFF&#038;highlight=%23FFF6D9&#038;background=%23666666\"><\/iframe><\/p>\n<p>L&#8217;exposition se termine avec des cr\u00e9ations contemporaines de couturiers qui, \u00e0 l&#8217;instar de Jean Paul Gaultier, rendent visible ce qui autrefois restait cach\u00e9, jouant des \u00e9l\u00e9ments cloisonnants pour, paradoxalement, mieux lib\u00e9rer le corps et l&#8217;\u00e9rotiser. A ne pas manquer, au coeur de l&#8217;exposition, le salon d&#8217;essayage qui permet de tester une douzaine de mod\u00e8les de dessous (cf. photo) : crinoline, tournure, panseron, fraise&#8230; Amusement garanti.<div id='gallery-1' class='gallery galleryid-6899 gallery-columns-3 gallery-size-thumbnail'><figure class='gallery-item'>\n\t\t\t<div class='gallery-icon landscape'>\n\t\t\t\t<a href='https:\/\/archives.regards.fr\/wp-content\/uploads\/2013\/07\/dessous2-9ed.jpg'><img loading=\"lazy\" decoding=\"async\" width=\"150\" height=\"150\" src=\"https:\/\/archives.regards.fr\/wp-content\/uploads\/2013\/07\/dessous2-9ed-150x150.jpg\" class=\"attachment-thumbnail size-thumbnail\" alt=\"dessous2.jpg\" \/><\/a>\n\t\t\t<\/div><\/figure><figure class='gallery-item'>\n\t\t\t<div class='gallery-icon portrait'>\n\t\t\t\t<a href='https:\/\/archives.regards.fr\/wp-content\/uploads\/2013\/07\/9782916914428fs-6e7.gif'><img loading=\"lazy\" decoding=\"async\" width=\"150\" height=\"150\" src=\"https:\/\/archives.regards.fr\/wp-content\/uploads\/2013\/07\/9782916914428fs-6e7-150x150.gif\" class=\"attachment-thumbnail size-thumbnail\" alt=\"9782916914428fs.gif\" \/><\/a>\n\t\t\t<\/div><\/figure>\n\t\t<\/div>\n<\/p>\n","protected":false},"excerpt":{"rendered":"<p>Si vous avez chaud, que vous \u00eates sur Paris, allez vous refugier aux Arts D\u00e9coratifs. Entrez dans les salles obscures des \u00e9tages Mode, une p\u00e9nombre justifi\u00e9e par la fragilit\u00e9 des pi\u00e8ces pr\u00e9sent\u00e9es. Il faut quelques minutes pour s&#8217;y habituer mais l&#8217;ambiance est l\u00e0. On plonge alors dans un dr\u00f4le d&#8217;univers, l&#8217;exposition La m\u00e9canique des dessous [&hellip;]<\/p>\n","protected":false},"author":625,"featured_media":18744,"comment_status":"open","ping_status":"open","sticky":false,"template":"","format":"standard","meta":{"_themeisle_gutenberg_block_has_review":false,"footnotes":""},"categories":[111],"tags":[444],"class_list":["post-6899","post","type-post","status-publish","format-standard","has-post-thumbnail","hentry","category-nos-selections","tag-exposition"],"_links":{"self":[{"href":"https:\/\/archives.regards.fr\/index.php?rest_route=\/wp\/v2\/posts\/6899","targetHints":{"allow":["GET"]}}],"collection":[{"href":"https:\/\/archives.regards.fr\/index.php?rest_route=\/wp\/v2\/posts"}],"about":[{"href":"https:\/\/archives.regards.fr\/index.php?rest_route=\/wp\/v2\/types\/post"}],"author":[{"embeddable":true,"href":"https:\/\/archives.regards.fr\/index.php?rest_route=\/wp\/v2\/users\/625"}],"replies":[{"embeddable":true,"href":"https:\/\/archives.regards.fr\/index.php?rest_route=%2Fwp%2Fv2%2Fcomments&post=6899"}],"version-history":[{"count":0,"href":"https:\/\/archives.regards.fr\/index.php?rest_route=\/wp\/v2\/posts\/6899\/revisions"}],"wp:featuredmedia":[{"embeddable":true,"href":"https:\/\/archives.regards.fr\/index.php?rest_route=\/wp\/v2\/media\/18744"}],"wp:attachment":[{"href":"https:\/\/archives.regards.fr\/index.php?rest_route=%2Fwp%2Fv2%2Fmedia&parent=6899"}],"wp:term":[{"taxonomy":"category","embeddable":true,"href":"https:\/\/archives.regards.fr\/index.php?rest_route=%2Fwp%2Fv2%2Fcategories&post=6899"},{"taxonomy":"post_tag","embeddable":true,"href":"https:\/\/archives.regards.fr\/index.php?rest_route=%2Fwp%2Fv2%2Ftags&post=6899"}],"curies":[{"name":"wp","href":"https:\/\/api.w.org\/{rel}","templated":true}]}}