{"id":6889,"date":"2013-09-02T10:24:26","date_gmt":"2013-09-02T08:24:26","guid":{"rendered":"https:\/\/wp.muchomaas.com\/reforme-des-retraites-les6889\/"},"modified":"2013-09-02T10:24:26","modified_gmt":"2013-09-02T08:24:26","slug":"reforme-des-retraites-les6889","status":"publish","type":"post","link":"https:\/\/archives.regards.fr\/?p=6889","title":{"rendered":"R\u00e9forme des retraites les positions en pr\u00e9sence"},"content":{"rendered":"<h2>CGT<\/h2>\n<p><em>\u00ab Continuer \u00e0 asseoir le financement des retraites sur la seule masse salariale est contre-productif. Nous souhaitons<br \/>\nprendre en compte dans le calcul la part que repr\u00e9sentent les salaires<br \/>\ndans la plus-value et donc int\u00e9grer les revenus financiers des entreprises.<br \/>\nSelon nos calculs, cela repr\u00e9senterait 20 milliards d\u2019euros de<br \/>\nrevenus annuels pour l\u2019ensemble des r\u00e9gimes de retraite. \u00bb<\/em><br \/>\n<strong>(\u00c9ric Aubin, secr\u00e9taire conf\u00e9d\u00e9ral)<\/strong><\/p>\n<h2>FO<\/h2>\n<p><em>\u00ab L\u2019allongement de la dur\u00e9e de cotisation, peut-\u00eatre jusqu\u2019\u00e0 44<br \/>\nans est hypocrite et inacceptable. Pour une g\u00e9n\u00e9ration n\u00e9e en<br \/>\n1989, qui entre sur le march\u00e9 du travail en moyenne aujourd\u2019hui \u00e0 24<br \/>\nans, \u00e7a signifie qu\u2019il faudra attendre 68 ans pour avoir une retraite \u00e0<br \/>\ntaux plein quand l\u2019esp\u00e9rance de vie en bonne sant\u00e9 est \u00e0 62 ans pour<br \/>\nles hommes et 63 ans pour les femmes. \u00bb<\/em><br \/>\n<strong>(Jean-Claude Mailly)<\/strong><\/p>\n<h2>FSU<\/h2>\n<p><em>\u00ab Le fil conducteur de la r\u00e9forme semble \u00eatre l\u2019\u00e9laboration de<br \/>\nmesures pour ajuster les pensions aux ressources des r\u00e9gimes.<br \/>\nLa FSU conteste cette orientation car elle consid\u00e8re que les r\u00e8gles de<br \/>\nliquidation et d\u2019\u00e9volution des pensions doivent permettre d\u2019atteindre<br \/>\ndes objectifs d\u00e9finis d\u00e9mocratiquement (\u00e2ge de la retraite et niveau des<br \/>\npensions) et non pas servir \u00e0 des ajustements qui d\u00e9graderaient encore<br \/>\nla situation des salari\u00e9s. \u00bb<\/em><br \/>\n<strong>(communiqu\u00e9 5 juin 2013)<\/strong><\/p>\n<h2>MEDEF<\/h2>\n<p><em>\u00ab Le gouvernement a eu le courage de dire qu\u2019il<br \/>\nfallait \u00e0 nouveau une r\u00e9forme des retraites, il faut<br \/>\nd\u00e9sormais qu\u2019il ait la capacit\u00e9 p\u00e9dagogique de dire aux Fran\u00e7ais pourquoi<br \/>\net vers quelles modifications il faut aller. [\u2026] Notre pr\u00e9conisation<br \/>\nest d\u2019allonger la dur\u00e9e de cotisation \u00e0 43 ans d\u2019ici 2020 et de repousser<br \/>\nl\u2019\u00e2ge l\u00e9gal de la retraite \u00e0 au moins 65 ans \u00e0 l\u2019horizon 2040. \u00bb<\/em><br \/>\n<strong>(Laurence Parisot)<\/strong><\/p>\n<h2>SUD<\/h2>\n<p><em>\u00ab Nous sommes oppos\u00e9s au rapprochement des r\u00e9gimes,<br \/>\ntoujours pr\u00e9texte \u00e0 l\u2019alignement par le bas. Nous sommes<br \/>\ncontre la transformation en un r\u00e9gime de points ou comptes notionnels<br \/>\nqui supprime les solidarit\u00e9s, \u00e0 l\u2019odeur de la capitalisation, et renvoie<br \/>\nchaque individu \u00e0 lui-m\u00eame en supprimant tout enjeu et revendication<br \/>\ncollective. Nous demandons l\u2019abrogation de toutes les contre-r\u00e9formes<br \/>\ndepuis 1993. \u00bb<\/em> <strong>(Fiche Retraites 2013)<\/strong><\/p>\n","protected":false},"excerpt":{"rendered":"<p>CGT \u00ab Continuer \u00e0 asseoir le financement des retraites sur la seule masse salariale est contre-productif. Nous souhaitons prendre en compte dans le calcul la part que repr\u00e9sentent les salaires dans la plus-value et donc int\u00e9grer les revenus financiers des entreprises. Selon nos calculs, cela repr\u00e9senterait 20 milliards d\u2019euros de revenus annuels pour l\u2019ensemble des [&hellip;]<\/p>\n","protected":false},"author":643,"featured_media":0,"comment_status":"open","ping_status":"open","sticky":false,"template":"","format":"standard","meta":{"_themeisle_gutenberg_block_has_review":false,"footnotes":""},"categories":[1],"tags":[308],"class_list":["post-6889","post","type-post","status-publish","format-standard","hentry","category-non-classe","tag-retraite"],"_links":{"self":[{"href":"https:\/\/archives.regards.fr\/index.php?rest_route=\/wp\/v2\/posts\/6889","targetHints":{"allow":["GET"]}}],"collection":[{"href":"https:\/\/archives.regards.fr\/index.php?rest_route=\/wp\/v2\/posts"}],"about":[{"href":"https:\/\/archives.regards.fr\/index.php?rest_route=\/wp\/v2\/types\/post"}],"author":[{"embeddable":true,"href":"https:\/\/archives.regards.fr\/index.php?rest_route=\/wp\/v2\/users\/643"}],"replies":[{"embeddable":true,"href":"https:\/\/archives.regards.fr\/index.php?rest_route=%2Fwp%2Fv2%2Fcomments&post=6889"}],"version-history":[{"count":0,"href":"https:\/\/archives.regards.fr\/index.php?rest_route=\/wp\/v2\/posts\/6889\/revisions"}],"wp:attachment":[{"href":"https:\/\/archives.regards.fr\/index.php?rest_route=%2Fwp%2Fv2%2Fmedia&parent=6889"}],"wp:term":[{"taxonomy":"category","embeddable":true,"href":"https:\/\/archives.regards.fr\/index.php?rest_route=%2Fwp%2Fv2%2Fcategories&post=6889"},{"taxonomy":"post_tag","embeddable":true,"href":"https:\/\/archives.regards.fr\/index.php?rest_route=%2Fwp%2Fv2%2Ftags&post=6889"}],"curies":[{"name":"wp","href":"https:\/\/api.w.org\/{rel}","templated":true}]}}