{"id":6887,"date":"2013-07-14T09:00:00","date_gmt":"2013-07-14T07:00:00","guid":{"rendered":"https:\/\/wp.muchomaas.com\/bernard-teper-pour-sauver-les6887\/"},"modified":"2023-06-23T23:15:07","modified_gmt":"2023-06-23T21:15:07","slug":"bernard-teper-pour-sauver-les6887","status":"publish","type":"post","link":"https:\/\/archives.regards.fr\/?p=6887","title":{"rendered":"Bernard Teper \u00ab Pour sauver les retraites, il faut changer de syst\u00e8me\u00a0\u00bb"},"content":{"rendered":"<p class=\"post_excerpt\">Bernard Teper est sp\u00e9cialiste de la question des retraites.<br \/>\nIl revient sur les enjeux de la 6e r\u00e9forme annonc\u00e9e en 20<br \/>\nans sur ce sujet. Pour lui, la d\u00e9gradation du r\u00e9gime est<br \/>\nintimement li\u00e9e \u00e0 la nature du capitalisme financier.<\/p>\n<p><strong>Regards.fr.<\/strong> <em> <strong>Il y a 20 ans, le<br \/>\ngouvernement Balladur faisait<br \/>\nadopter la premi\u00e8re r\u00e9forme<br \/>\ndes retraites. Les 20 et 21 juin<br \/>\nprochains, le gouvernement<br \/>\nlance, \u00e0 l\u2019occasion d\u2019une conf\u00e9rence<br \/>\nsociale, sa propre r\u00e9forme.<br \/>\nComment l\u2019analysez-vous ?<\/strong> <\/em><\/p>\n<p><strong>Bernard Teper.<\/strong> Elle s\u2019inscrit dans la<br \/>\ncontinuit\u00e9 d\u2019un processus n\u00e9olib\u00e9ral<br \/>\n\u00e0 l\u2019oeuvre depuis 30 ans. \u00c0 intervalles<br \/>\nr\u00e9guliers, l\u2019oligarchie lance des attaques<br \/>\ncontre les retraites. Nous sommes dans<br \/>\nune crise syst\u00e9mique du capitalisme.<br \/>\nDepuis les ann\u00e9es 1970, le taux de profit<br \/>\ndes entreprises li\u00e9 \u00e0 la production<br \/>\nbaisse. Elles cherchent donc \u00e0 le revitaliser<br \/>\nau travers de la sp\u00e9culation et de la<br \/>\nfinanciarisation. Le r\u00e9sultat est toujours<br \/>\nla cr\u00e9ation de bulles sp\u00e9culatives qui<br \/>\n\u00e9clatent, mettent en danger les banques<br \/>\npriv\u00e9es que la puissance publique est<br \/>\nalors somm\u00e9e de sauver. La dette publique<br \/>\naugmente en cons\u00e9quence et,<br \/>\ndonc, il nous est demand\u00e9 de r\u00e9duire<br \/>\nla d\u00e9pense publique. La retraite, globalement,<br \/>\nrepr\u00e9sente un quart de cette<br \/>\nd\u00e9pense et 13,8 points du produit int\u00e9rieur<br \/>\nbrut (PIB), les richesses produites<br \/>\nen France chaque ann\u00e9e.<\/p>\n<p><em> <strong>Cette situation n\u2019est pas nouvelle.<br \/>\nQu\u2019est-ce qui change cette ann\u00e9e ?<\/strong> <\/em><\/p>\n<p>Rien ! Ce sont toujours les m\u00eames recettes<br \/>\n: allongement de la dur\u00e9e de cotisation,<br \/>\nrecul de l\u2019\u00e2ge l\u00e9gal de d\u00e9part\u2026<br \/>\nEt baisse du pouvoir d\u2019achat, surtout !<br \/>\nAu d\u00e9part, les retraites \u00e9taient index\u00e9es<br \/>\nsur les salaires, lesquels progressaient<br \/>\ntoujours plus vite que le co\u00fbt de la vie.<br \/>\nEn 1993, la premi\u00e8re attaque sur les<br \/>\nretraites se traduit par une indexation de<br \/>\nla progression des retraites sur l\u2019inflation.<br \/>\nEn 2013, le Parti socialiste au pouvoir<br \/>\nannonce qu\u2019il va d\u00e9sindexer les pensions<br \/>\ndu co\u00fbt de la vie. Les retrait\u00e9s vont donc<br \/>\nvivre une baisse de leur pouvoir d\u2019achat<br \/>\nann\u00e9e apr\u00e8s ann\u00e9e. L\u2019accord initi\u00e9 par le<br \/>\nMEDEF et sign\u00e9 par des syndicats minoritaires<br \/>\nsur les retraites compl\u00e9mentaires<br \/>\nAGIRC et ARRCO, qui touchent une<br \/>\nmajorit\u00e9 des salari\u00e9s du priv\u00e9, a ouvert<br \/>\nla voie. Apr\u00e8s avoir bloqu\u00e9 le d\u00e9veloppement<br \/>\ndes retraites, le gouvernement va<br \/>\nen faire baisser le niveau.<\/p>\n<p><em> <strong>Quand on regarde les chiffres du<br \/>\nCOR, qui annonce un d\u00e9ficit des<br \/>\nretraites de 20 milliards en 2018, il<br \/>\nfaut bien trouver des solutions.<\/strong> <\/em><\/p>\n<p>On nous dit en effet qu\u2019il n\u2019y aurait plus<br \/>\nd\u2019argent. Depuis 30 ans, nous observons<br \/>\nune d\u00e9formation du partage de la valeur<br \/>\najout\u00e9e. Donc dans le partage de la richesse<br \/>\nproduite. Entre 1970 et 2010, la<br \/>\nrichesse produite en France a doubl\u00e9.<br \/>\nEn m\u00eame temps, la part des salaires<br \/>\net des prestations sociales a diminu\u00e9<br \/>\nde 9,3 % du PIB selon la Commission<br \/>\neurop\u00e9enne. Cet argent est all\u00e9 aux profits.<br \/>\nSi nous retrouvions la m\u00eame cl\u00e9 de<br \/>\nr\u00e9partition entre capital et travail qu\u2019il y<br \/>\na 30 ans, cela g\u00e9n\u00e9rerait 180 milliards<br \/>\nd\u2019euros pour les salaires et les prestations<br \/>\nsociales. Effectivement, cela aurait<br \/>\npour effet d\u2019ass\u00e9cher les dividendes.<br \/>\nC\u2019est une question de choix politique.<\/p>\n<p><em> <strong>Mais, quand le ratio entre actifs et<br \/>\nretrait\u00e9s diminue, cela met bien en<br \/>\ndanger l\u2019avenir des r\u00e9gimes de retraite.<\/strong> <\/em><\/p>\n<p>Ce fameux rapport entre nombre d\u2019actifs<br \/>\net nombre de retrait\u00e9s n\u2019explique rien.<br \/>\nCe qui compte c\u2019est le rapport entre<br \/>\nl\u2019ensemble des actifs et des retrait\u00e9s<br \/>\nd\u2019un c\u00f4t\u00e9 et ce que les actifs sont capables<br \/>\nde produire comme richesse.<br \/>\nC\u2019est la productivit\u00e9. Selon la plupart<br \/>\ndes instituts nord-am\u00e9ricains, les salari\u00e9s fran\u00e7ais sont les plus productifs du<br \/>\nmonde. Aujourd\u2019hui, avec moins d\u2019actifs,<br \/>\nnous produisons plus de richesses. Je<br \/>\nl\u2019ai dit, en 40 ans, le PIB de la France<br \/>\na doubl\u00e9. Le COR, o\u00f9 les n\u00e9olib\u00e9raux<br \/>\nsont majoritaires, pr\u00e9voit qu\u2019en 2050,<br \/>\nle salaire moyen global aura augment\u00e9<br \/>\nde 50 %. Ce qui illustre encore mon<br \/>\npropos. Enfin, je veux juste rappeler que<br \/>\nnotre indice de f\u00e9condit\u00e9 (le nombre<br \/>\nmoyen d\u2019enfants par femme) est de 2,<br \/>\ncontre 1,4 en Allemagne ou en Espagne.<br \/>\nIl n\u2019y a donc pas de risque d\u00e9mographique.<br \/>\nIl faut reformer un nouveau partage<br \/>\nde la valeur ajout\u00e9e qui soit plus<br \/>\nfavorable aux salari\u00e9s et, singuli\u00e8rement,<br \/>\naux classes populaires.<\/p>\n<p><em> <strong>En fait, ne dites-vous pas que les enjeux<br \/>\nde la r\u00e9forme des retraites sont<br \/>\navant tout id\u00e9ologiques ?<\/strong> <\/em><\/p>\n<p>C\u2019est un tout : politique, \u00e9conomique<br \/>\net id\u00e9ologique. Tout est li\u00e9 au syst\u00e8me<br \/>\nn\u00e9olib\u00e9ral. Si nous ne sortons pas de ce<br \/>\ncadre, on ne peut effectivement pas faire<br \/>\nautrement. Il n\u2019y a pas de probl\u00e8me sp\u00e9cifique<br \/>\ndes retraites. Ce serait illusoire<br \/>\nde croire qu\u2019on puisse les traiter en dehors<br \/>\nde l\u2019approche globale. Les retraites<br \/>\nconstituent le double du budget de<br \/>\nl\u2019\u00c9ducation nationale, voil\u00e0 l\u2019enjeu. C\u2019est<br \/>\nd\u2019ailleurs notre difficult\u00e9 : beaucoup de<br \/>\ngens croient encore que l\u2019on peut r\u00e9pondre<br \/>\navec des rustines. Je dis, et je<br \/>\nne suis pas le seul : si nous voulons sauver<br \/>\nles retraites, il convient de changer<br \/>\nde syst\u00e8me politique.<\/p>\n<p><em> <strong>Il n\u2019y a aucune possibilit\u00e9 que le capitalisme<br \/>\nse r\u00e9forme de l\u2019int\u00e9rieur ?<\/strong> <\/em><\/p>\n<p>Le fonctionnement n\u00e9olib\u00e9ral, qui pr\u00e9vaut<br \/>\ndepuis 40 ans, c\u2019est la privatisation<br \/>\ndes profits et la socialisation des pertes.<br \/>\nSi l\u2019on adapte ce postulat aux retraites<br \/>\ncela donne deux cons\u00e9quences. La privatisation<br \/>\ndes profits c\u2019est la capitalisation<br \/>\ncomme mode de financement des<br \/>\npensions pour les classes moyennes<br \/>\nsup\u00e9rieures. La socialisation des pertes,<br \/>\nc\u2019est faire semblant d\u2019aider les pauvres<br \/>\navec des politiques d\u2019assistance. Le<br \/>\npauvre devient un sous-citoyen qui n\u2019a<br \/>\npas les m\u00eames droits que les autres.<div id='gallery-1' class='gallery galleryid-6887 gallery-columns-3 gallery-size-thumbnail'><figure class='gallery-item'>\n\t\t\t<div class='gallery-icon landscape'>\n\t\t\t\t<a href='https:\/\/archives.regards.fr\/wp-content\/uploads\/2013\/07\/nurs-368.png'><img loading=\"lazy\" decoding=\"async\" width=\"150\" height=\"150\" src=\"https:\/\/archives.regards.fr\/wp-content\/uploads\/2013\/07\/nurs-368-150x150.png\" class=\"attachment-thumbnail size-thumbnail\" alt=\"nurs.png\" \/><\/a>\n\t\t\t<\/div><\/figure>\n\t\t<\/div>\n<\/p>\n","protected":false},"excerpt":{"rendered":"<p>Bernard Teper est sp\u00e9cialiste de la question des retraites.<br \/>\nIl revient sur les enjeux de la 6e r\u00e9forme annonc\u00e9e en 20<br \/>\nans sur ce sujet. Pour lui, la d\u00e9gradation du r\u00e9gime est<br \/>\nintimement li\u00e9e \u00e0 la nature du capitalisme financier.<\/p>\n","protected":false},"author":1149,"featured_media":18731,"comment_status":"open","ping_status":"open","sticky":false,"template":"","format":"standard","meta":{"_themeisle_gutenberg_block_has_review":false,"footnotes":""},"categories":[1],"tags":[308],"class_list":["post-6887","post","type-post","status-publish","format-standard","has-post-thumbnail","hentry","category-non-classe","tag-retraite"],"_links":{"self":[{"href":"https:\/\/archives.regards.fr\/index.php?rest_route=\/wp\/v2\/posts\/6887","targetHints":{"allow":["GET"]}}],"collection":[{"href":"https:\/\/archives.regards.fr\/index.php?rest_route=\/wp\/v2\/posts"}],"about":[{"href":"https:\/\/archives.regards.fr\/index.php?rest_route=\/wp\/v2\/types\/post"}],"author":[{"embeddable":true,"href":"https:\/\/archives.regards.fr\/index.php?rest_route=\/wp\/v2\/users\/1149"}],"replies":[{"embeddable":true,"href":"https:\/\/archives.regards.fr\/index.php?rest_route=%2Fwp%2Fv2%2Fcomments&post=6887"}],"version-history":[{"count":0,"href":"https:\/\/archives.regards.fr\/index.php?rest_route=\/wp\/v2\/posts\/6887\/revisions"}],"wp:featuredmedia":[{"embeddable":true,"href":"https:\/\/archives.regards.fr\/index.php?rest_route=\/wp\/v2\/media\/18731"}],"wp:attachment":[{"href":"https:\/\/archives.regards.fr\/index.php?rest_route=%2Fwp%2Fv2%2Fmedia&parent=6887"}],"wp:term":[{"taxonomy":"category","embeddable":true,"href":"https:\/\/archives.regards.fr\/index.php?rest_route=%2Fwp%2Fv2%2Fcategories&post=6887"},{"taxonomy":"post_tag","embeddable":true,"href":"https:\/\/archives.regards.fr\/index.php?rest_route=%2Fwp%2Fv2%2Ftags&post=6887"}],"curies":[{"name":"wp","href":"https:\/\/api.w.org\/{rel}","templated":true}]}}