{"id":6886,"date":"2013-09-02T12:23:43","date_gmt":"2013-09-02T10:23:43","guid":{"rendered":"https:\/\/wp.muchomaas.com\/article-1993-2013-20-ans-d-attaque-contre-les-retraites\/"},"modified":"2023-06-23T23:15:07","modified_gmt":"2023-06-23T21:15:07","slug":"article-1993-2013-20-ans-d-attaque-contre-les-retraites","status":"publish","type":"post","link":"https:\/\/archives.regards.fr\/?p=6886","title":{"rendered":"1993-2013 : 20 ans d\u2019attaque contre les retraites"},"content":{"rendered":"<h2>1993. R\u00e9forme Balladur<\/h2>\n<p>La premi\u00e8re<br \/>\ngrande r\u00e9forme<br \/>\ndes retraites est<br \/>\nmen\u00e9e par le Premier<br \/>\nministre Balladur.<br \/>\nElle se base<br \/>\nsur le Livre blanc<br \/>\nde 1991\u2026 Trois<br \/>\ngrandes mesures<br \/>\nsont prises : la<br \/>\ndur\u00e9e de cotisation<br \/>\npour b\u00e9n\u00e9ficier<br \/>\nd\u2019une retraite<br \/>\n\u00e0 taux plein passe<br \/>\nprogressivement<br \/>\nde 37,5 ann\u00e9es<br \/>\n\u00e0 40 ann\u00e9es. Le<br \/>\nsalaire moyen<br \/>\nde r\u00e9f\u00e9rence,<br \/>\nbase du calcul<br \/>\nde la pension, est<br \/>\ncalcul\u00e9 sur les 25<br \/>\nmeilleures ann\u00e9es<br \/>\net non plus sur<br \/>\nles 10 meilleures.<br \/>\nLa revalorisation<br \/>\nde la pension se<br \/>\nfera \u00e0 partir de<br \/>\nl\u2019\u00e9volution des<br \/>\nprix et non plus \u00e0<br \/>\npartir de l\u2019\u00e9volution<br \/>\ng\u00e9n\u00e9rale des<br \/>\nsalaires.<\/p>\n<p><strong><em>1995. \u00c9chec de la<br \/>\nr\u00e9forme Jupp\u00e9<\/strong><\/em><\/p>\n<p>Le plan du<br \/>\nPremier ministre<br \/>\nAlain Jupp\u00e9<br \/>\ncontenait une<br \/>\ns\u00e9rie de mesures<br \/>\nconcernant aussi<br \/>\nbien les retraites<br \/>\nque l\u2019assurancemaladie.<br \/>\nToutes<br \/>\nallaient dans le<br \/>\nsens d\u2019une politique<br \/>\nde rigueur.<br \/>\nConcernant les<br \/>\nretraites, la principale<br \/>\nmesure visait<br \/>\n\u00e0 compl\u00e9ter la<br \/>\nr\u00e9forme Balladur.<br \/>\nIl s\u2019agissait de<br \/>\nl\u2019allongement<br \/>\nde la dur\u00e9e de<br \/>\ncotisation de 37,5<br \/>\n\u00e0 40 annuit\u00e9s<br \/>\npour les salari\u00e9s<br \/>\nde la fonction<br \/>\npublique. Les<br \/>\ngr\u00e8ves et mobilisations<br \/>\nmassives<br \/>\nen novembre et<br \/>\nd\u00e9cembre 1995<br \/>\nont fait \u00e9chouer<br \/>\ncette partie du<br \/>\nplan Jupp\u00e9.<\/p>\n<h2>2003. La r\u00e9forme Fillon<\/h2>\n<p>La r\u00e9forme pr\u00e9voit<br \/>\nun allongement<br \/>\nde la dur\u00e9e<br \/>\nde cotisation,<br \/>\ndes incitations<br \/>\n\u00e0 l\u2019activit\u00e9 des<br \/>\nseniors et la mise<br \/>\nen place d\u2019un syst\u00e8me<br \/>\nde retraite<br \/>\npar capitalisation<br \/>\nindividuelle, le<br \/>\nPERP. La dur\u00e9e de<br \/>\ncotisation requise<br \/>\npour b\u00e9n\u00e9ficier<br \/>\nd\u2019une pension \u00e0<br \/>\ntaux plein. Apr\u00e8s<br \/>\nl\u2019alignement de la<br \/>\ndur\u00e9e de cotisation<br \/>\ndes fonctionnaires<br \/>\nsur celle du<br \/>\nr\u00e9gime g\u00e9n\u00e9ral,<br \/>\nla loi pr\u00e9voit un<br \/>\nallongement<br \/>\nde la dur\u00e9e de<br \/>\ncotisation d\u2019un<br \/>\ntrimestre par an,<br \/>\naboutissant \u00e0 41<br \/>\nans en 2012.<\/p>\n<p><strong><em>2007. Le tour des<br \/>\nr\u00e9gimes<br \/>\nsp\u00e9ciaux<\/strong><\/em><\/p>\n<p>La r\u00e9forme entr\u00e9e<br \/>\nen vigueur le<br \/>\n1er juillet 2008<br \/>\npour les agents<br \/>\nde la SNCF et de<br \/>\nla RATP, a avalis\u00e9<br \/>\nl\u2019augmentation<br \/>\nprogressive de la<br \/>\ndur\u00e9e de cotisation<br \/>\npour b\u00e9n\u00e9ficier<br \/>\nd\u2019une retraite<br \/>\n\u00e0 taux plein, de<br \/>\n37,5 ans \u00e0 40 ans<br \/>\nen 2012, soit la<br \/>\nm\u00eame dur\u00e9e que<br \/>\ncelle des fonctionnaires<br \/>\net des<br \/>\nsalari\u00e9s du priv\u00e9.<\/p>\n<p><strong><em>2010. Fin de la retraite<br \/>\n\u00e0 60 ans<\/strong><\/em><\/p>\n<p>La r\u00e9forme Fillon<br \/>\nde 2010 ent\u00e9rine<br \/>\nle rel\u00e8vement<br \/>\nprogressif en six<br \/>\nans, \u00e0 raison de<br \/>\nquatre mois par<br \/>\nan, de l\u2019\u00e2ge l\u00e9gal<br \/>\nde d\u00e9part \u00e0 la<br \/>\nretraite de 60 \u00e0<br \/>\n62 ans, \u00e0 partir<br \/>\nde 2011. Le taux<br \/>\nde cotisation des<br \/>\nagents du secteur<br \/>\npublic est align\u00e9<br \/>\nsur celui du priv\u00e9,<br \/>\npassant en 10<br \/>\nans de 7,85 % \u00e0<br \/>\n10,55 %.<div id='gallery-1' class='gallery galleryid-6886 gallery-columns-3 gallery-size-thumbnail'><figure class='gallery-item'>\n\t\t\t<div class='gallery-icon landscape'>\n\t\t\t\t<a href='https:\/\/archives.regards.fr\/wp-content\/uploads\/2013\/08\/rev-9f9.jpg'><img loading=\"lazy\" decoding=\"async\" width=\"150\" height=\"150\" src=\"https:\/\/archives.regards.fr\/wp-content\/uploads\/2013\/08\/rev-9f9-150x150.jpg\" class=\"attachment-thumbnail size-thumbnail\" alt=\"rev.jpg\" \/><\/a>\n\t\t\t<\/div><\/figure>\n\t\t<\/div>\n<\/p>\n","protected":false},"excerpt":{"rendered":"<p>1993. R\u00e9forme Balladur La premi\u00e8re grande r\u00e9forme des retraites est men\u00e9e par le Premier ministre Balladur. Elle se base sur le Livre blanc de 1991\u2026 Trois grandes mesures sont prises : la dur\u00e9e de cotisation pour b\u00e9n\u00e9ficier d\u2019une retraite \u00e0 taux plein passe progressivement de 37,5 ann\u00e9es \u00e0 40 ann\u00e9es. Le salaire moyen de r\u00e9f\u00e9rence, [&hellip;]<\/p>\n","protected":false},"author":643,"featured_media":18729,"comment_status":"open","ping_status":"open","sticky":false,"template":"","format":"standard","meta":{"_themeisle_gutenberg_block_has_review":false,"footnotes":""},"categories":[1],"tags":[308],"class_list":["post-6886","post","type-post","status-publish","format-standard","has-post-thumbnail","hentry","category-non-classe","tag-retraite"],"_links":{"self":[{"href":"https:\/\/archives.regards.fr\/index.php?rest_route=\/wp\/v2\/posts\/6886","targetHints":{"allow":["GET"]}}],"collection":[{"href":"https:\/\/archives.regards.fr\/index.php?rest_route=\/wp\/v2\/posts"}],"about":[{"href":"https:\/\/archives.regards.fr\/index.php?rest_route=\/wp\/v2\/types\/post"}],"author":[{"embeddable":true,"href":"https:\/\/archives.regards.fr\/index.php?rest_route=\/wp\/v2\/users\/643"}],"replies":[{"embeddable":true,"href":"https:\/\/archives.regards.fr\/index.php?rest_route=%2Fwp%2Fv2%2Fcomments&post=6886"}],"version-history":[{"count":0,"href":"https:\/\/archives.regards.fr\/index.php?rest_route=\/wp\/v2\/posts\/6886\/revisions"}],"wp:featuredmedia":[{"embeddable":true,"href":"https:\/\/archives.regards.fr\/index.php?rest_route=\/wp\/v2\/media\/18729"}],"wp:attachment":[{"href":"https:\/\/archives.regards.fr\/index.php?rest_route=%2Fwp%2Fv2%2Fmedia&parent=6886"}],"wp:term":[{"taxonomy":"category","embeddable":true,"href":"https:\/\/archives.regards.fr\/index.php?rest_route=%2Fwp%2Fv2%2Fcategories&post=6886"},{"taxonomy":"post_tag","embeddable":true,"href":"https:\/\/archives.regards.fr\/index.php?rest_route=%2Fwp%2Fv2%2Ftags&post=6886"}],"curies":[{"name":"wp","href":"https:\/\/api.w.org\/{rel}","templated":true}]}}