{"id":6885,"date":"2013-08-04T14:00:00","date_gmt":"2013-08-04T12:00:00","guid":{"rendered":"https:\/\/wp.muchomaas.com\/retraites-dossier-piegeux-pour-le6885\/"},"modified":"2023-06-23T23:15:07","modified_gmt":"2023-06-23T21:15:07","slug":"retraites-dossier-piegeux-pour-le6885","status":"publish","type":"post","link":"https:\/\/archives.regards.fr\/?p=6885","title":{"rendered":"Retraites\u00a0: dossier pi\u00e9geux pour le gouvernement"},"content":{"rendered":"<p class=\"post_excerpt\">Press\u00e9 par la Commission europ\u00e9enne, le gouvernement<br \/>\nlance en avance sa r\u00e9forme des retraites. Les<br \/>\npropositions connues la situent dans la continuit\u00e9 des<br \/>\nr\u00e9formes pr\u00e9c\u00e9dentes entre allongement de la dur\u00e9e de<br \/>\ncotisation et baisse du niveau des pensions. Le dossier est<br \/>\nsi sensible qu\u2019il divise m\u00eame la majorit\u00e9 actuelle. Mais il<br \/>\ndivise aussi les syndicats.<\/p>\n<p>Attention, dossier explosif<br \/>\n! Le gouvernement<br \/>\nlance sa r\u00e9forme des<br \/>\nretraites \u00e0 l\u2019occasion<br \/>\nd\u2019une nouvelle conf\u00e9rence<br \/>\nsociale les 20 et 21 juin prochains.<br \/>\nLe Premier ministre et la ministre<br \/>\nen charge du dossier, Marisol<br \/>\nTouraine, observent un silence prudent<br \/>\nsur le dossier, renvoyant aux discussions<br \/>\n\u00e0 venir et aux pistes d\u00e9voil\u00e9es<br \/>\npar le rapport de la conseill\u00e8re d\u2019\u00c9tat<br \/>\nYannick Moreau, remis le 14 juin dernier.<br \/>\nPour la majorit\u00e9 en place, il s\u2019agit<br \/>\nde <em>\u00ab sauver notre r\u00e9gime de retraite<br \/>\npar r\u00e9partition \u00bb<\/em>, rien moins. Dans ce<br \/>\ndossier hautement politique, les syndicats<br \/>\navancent d\u00e9j\u00e0 en ordre dispers\u00e9<br \/>\nsous le regard attentif de la<br \/>\nCommission europ\u00e9enne.<\/p>\n<p>Ce sont en effet les commissaires europ\u00e9ens<br \/>\nqui sont \u00e0 l\u2019origine d\u2019un bouleversement<br \/>\ndu calendrier. Initialement, le<br \/>\ngouvernement avait annonc\u00e9 un d\u00e9bat<br \/>\nau d\u00e9but de l\u2019ann\u00e9e 2014 avec prise de<br \/>\nd\u00e9cisions apr\u00e8s les \u00e9lections municipales.<br \/>\nLa sensibilit\u00e9 du dossier justifiait<br \/>\nd\u2019\u00e9viter de froisser une partie de l\u2019\u00e9lectorat<br \/>\ndu Parti socialiste \u00e0 l\u2019approche<br \/>\nd\u2019un scrutin \u00e0 hauts risques pour la majorit\u00e9.<br \/>\nLas, si Fran\u00e7ois Hollande a bien<br \/>\nobtenu que le d\u00e9ficit public fran\u00e7ais soit<br \/>\nramen\u00e9 en dessous de la barre des 3 %<br \/>\ndu produit int\u00e9rieur brut en 2014, la<br \/>\ncommission a exig\u00e9 des contreparties.<br \/>\nLa r\u00e9forme des retraites avant fin 2013<br \/>\nfigure donc dans les \u00ab pr\u00e9conisations \u00bb<br \/>\nde Bruxelles pour la France.<\/p>\n<p>Le d\u00e9bat sera donc raccourci. Dans un<br \/>\nentretien accord\u00e9 \u00e0 <em>L\u2019Express<\/em>, le patron de la CFDT, Laurent Berger, annonce<br \/>\nqu\u2019il sera men\u00e9 en trois mois, donc<br \/>\npendant l\u2019\u00e9t\u00e9 (lire notre article). Autant<br \/>\ndire en catimini. Cette perspective<br \/>\nprovoque d\u00e9j\u00e0 la col\u00e8re d\u2019un Front de<br \/>\ngauche tr\u00e8s uni sur ce dossier. \u00ab<em> Nous<br \/>\nn\u2019accepterons pas une r\u00e9forme \u00e0<br \/>\nmarche forc\u00e9e \u00bb<\/em>, a ainsi pr\u00e9venu Pierre<br \/>\nLaurent, secr\u00e9taire national du PCF. De<br \/>\nleurs c\u00f4t\u00e9s, une partie des syndicats<br \/>\nappelle d\u00e9j\u00e0 \u00e0 la mobilisation, avant<br \/>\nm\u00eame la tenue de la conf\u00e9rence sociale,<br \/>\nesp\u00e9rant placer la rencontre <em>\u00ab sous<br \/>\nla pression des salari\u00e9s \u00bb<\/em>.<\/p>\n<p>La CGT estime en effet que les propositions<br \/>\ndu rapport Moreau<em> \u00ab font la part<br \/>\nbelle au MEDEF \u00bb.<\/em> Allongement de la dur\u00e9e<br \/>\nde cotisation jusqu\u2019\u00e0 44 ans (contre<br \/>\n42 annuit\u00e9s aujourd\u2019hui), recul de l\u2019\u00e2ge<br \/>\nde d\u00e9part en retraite, d\u00e9sindexation de<br \/>\nl\u2019\u00e9volution du montant des pensions sur<br \/>\nle co\u00fbt de la vie font en effet partie des<br \/>\npistes que l\u2019ex-pr\u00e9sidente du Comit\u00e9<br \/>\nd\u2019orientation des retraites (COR) propose<br \/>\nd\u2019explorer. La droite ne s\u2019y trompe<br \/>\npas qui r\u00e9clame, par la voix de Christian<br \/>\nJacob, pr\u00e9sident du groupe UMP \u00e0 l\u2019Assembl\u00e9e<br \/>\nnationale, le d\u00e9part \u00e0 la retraite \u00e0<br \/>\n65 ans. Pour les sp\u00e9cialistes du dossier,<br \/>\ncomme Bernard Teper (<a href=\"6887\">lire notre entretien<\/a>),<br \/>\nil n\u2019y a pas l\u00e0 de rupture avec les<br \/>\npr\u00e9c\u00e9dentes r\u00e9formes, au nombre de cinq<br \/>\nen 20 ans. Un point de vue partag\u00e9 par le<br \/>\nParti de gauche qui pr\u00e9cise dans un communiqu\u00e9<br \/>\n: <em>\u00ab Comme Sarkozy, Hollande<br \/>\nveut qu\u2019on \u201ctravaille plus longtemps\u201d et<br \/>\nveut baisser les pensions. Il est d\u2019accord<br \/>\navec le MEDEF pour que les retraites<br \/>\ncompl\u00e9mentaires soient augment\u00e9es<br \/>\nmoins vite que les prix ! Et il veut \u00e9tendre<br \/>\ncette r\u00e9gression aux pensions de base. \u00bb<\/em><br \/>\nM\u00eame au sein de la majorit\u00e9, le dossier<br \/>\nest sensible. Au sein d\u2019Europe \u00c9cologie-<br \/>\nLes Verts, o\u00f9 il fait d\u00e9bat, le conseil f\u00e9d\u00e9ral<br \/>\n(le \u00ab parlement \u00bb du parti) r\u00e9uni le 25 mai<br \/>\ndernier a demand\u00e9 au gouvernement de<br \/>\nveiller \u00e0 ce que la r\u00e9forme se fasse <em>\u00ab dans<br \/>\nla justice \u00bb<\/em>. La gauche du Parti socialiste,<br \/>\ndop\u00e9e par sa victoire relative \u00e0 l\u2019occasion<br \/>\nde la Convention sur l\u2019Europe, aff\u00fbte d\u00e9j\u00e0<br \/>\nses armes. G\u00e9rard Filoche, un de ses<br \/>\nporte-parole, a d\u00e9j\u00e0 d\u00e9gain\u00e9 sur son blog<br \/>\nsur le th\u00e8me <em>\u00ab pour vivre plus longtemps,<br \/>\nretraite \u00e0 60 ans \u00bb<\/em>. Le d\u00e9fenseur des 37,5<br \/>\nannuit\u00e9s de cotisation pour une retraite \u00e0<br \/>\ntaux plein explique : <em>\u00ab La retraite ne p\u00e8se<br \/>\ngu\u00e8re dans la \u201cdette\u201d. En fait la retraite<br \/>\nc\u2019est du salaire ! \u00bb<\/em><\/p>\n<p>La future r\u00e9forme des retraites va donc<br \/>\nconstituer le point de clivage entre les<br \/>\ntenants de la ligne \u00ab aust\u00e9ritaire \u00bb et<br \/>\nl\u2019autre gauche. Si chacun passe des<br \/>\nmots aux actes, ce dossier pourrait voir<br \/>\nle premier recul du gouvernement depuis<br \/>\njuin 2012 malgr\u00e9 des lignes de faille<br \/>\nbien trop apparentes.<div id='gallery-1' class='gallery galleryid-6885 gallery-columns-3 gallery-size-thumbnail'><figure class='gallery-item'>\n\t\t\t<div class='gallery-icon landscape'>\n\t\t\t\t<a href='https:\/\/archives.regards.fr\/wp-content\/uploads\/2013\/07\/retraite-d4e.png'><img loading=\"lazy\" decoding=\"async\" width=\"150\" height=\"150\" src=\"https:\/\/archives.regards.fr\/wp-content\/uploads\/2013\/07\/retraite-d4e-150x150.png\" class=\"attachment-thumbnail size-thumbnail\" alt=\"retraite.png\" \/><\/a>\n\t\t\t<\/div><\/figure>\n\t\t<\/div>\n<\/p>\n","protected":false},"excerpt":{"rendered":"<p>Press\u00e9 par la Commission europ\u00e9enne, le gouvernement<br \/>\nlance en avance sa r\u00e9forme des retraites. Les<br \/>\npropositions connues la situent dans la continuit\u00e9 des<br \/>\nr\u00e9formes pr\u00e9c\u00e9dentes entre allongement de la dur\u00e9e de<br \/>\ncotisation et baisse du niveau des pensions. Le dossier est<br \/>\nsi sensible qu\u2019il divise m\u00eame la majorit\u00e9 actuelle. Mais il<br \/>\ndivise aussi les syndicats.<\/p>\n","protected":false},"author":1149,"featured_media":18727,"comment_status":"open","ping_status":"open","sticky":false,"template":"","format":"standard","meta":{"_themeisle_gutenberg_block_has_review":false,"footnotes":""},"categories":[8],"tags":[308],"class_list":["post-6885","post","type-post","status-publish","format-standard","has-post-thumbnail","hentry","category-economie","tag-retraite"],"_links":{"self":[{"href":"https:\/\/archives.regards.fr\/index.php?rest_route=\/wp\/v2\/posts\/6885","targetHints":{"allow":["GET"]}}],"collection":[{"href":"https:\/\/archives.regards.fr\/index.php?rest_route=\/wp\/v2\/posts"}],"about":[{"href":"https:\/\/archives.regards.fr\/index.php?rest_route=\/wp\/v2\/types\/post"}],"author":[{"embeddable":true,"href":"https:\/\/archives.regards.fr\/index.php?rest_route=\/wp\/v2\/users\/1149"}],"replies":[{"embeddable":true,"href":"https:\/\/archives.regards.fr\/index.php?rest_route=%2Fwp%2Fv2%2Fcomments&post=6885"}],"version-history":[{"count":0,"href":"https:\/\/archives.regards.fr\/index.php?rest_route=\/wp\/v2\/posts\/6885\/revisions"}],"wp:featuredmedia":[{"embeddable":true,"href":"https:\/\/archives.regards.fr\/index.php?rest_route=\/wp\/v2\/media\/18727"}],"wp:attachment":[{"href":"https:\/\/archives.regards.fr\/index.php?rest_route=%2Fwp%2Fv2%2Fmedia&parent=6885"}],"wp:term":[{"taxonomy":"category","embeddable":true,"href":"https:\/\/archives.regards.fr\/index.php?rest_route=%2Fwp%2Fv2%2Fcategories&post=6885"},{"taxonomy":"post_tag","embeddable":true,"href":"https:\/\/archives.regards.fr\/index.php?rest_route=%2Fwp%2Fv2%2Ftags&post=6885"}],"curies":[{"name":"wp","href":"https:\/\/api.w.org\/{rel}","templated":true}]}}