{"id":6880,"date":"2013-07-05T18:23:23","date_gmt":"2013-07-05T16:23:23","guid":{"rendered":"https:\/\/wp.muchomaas.com\/attac-universite-citoyenne-a-nimes6880\/"},"modified":"2013-07-05T18:23:23","modified_gmt":"2013-07-05T16:23:23","slug":"attac-universite-citoyenne-a-nimes6880","status":"publish","type":"post","link":"https:\/\/archives.regards.fr\/?p=6880","title":{"rendered":"ATTAC &#8211; Universit\u00e9 citoyenne \u00e0 N\u00eemes"},"content":{"rendered":"<p class=\"post_excerpt\">Appel aux lecteurs. Nous avons besoin d&#8217;un coup de main pour tenir le stand de &#8220;Regards&#8221; aux universit\u00e9s d&#8217;\u00e9t\u00e9 d&#8217;ATTAC. Si vous \u00eates partant-e, \u00e9crivez-nous \u00e0 web@regards.fr. <\/p>\n<p>Cette ann\u00e9e, l\u2019universit\u00e9 citoyenne d\u2019Attac France se tiendra \u00e0 l\u2019universit\u00e9 de N\u00eemes sur le site \u00ab Vauban \u00bb situ\u00e9 dans une ancienne citadelle du m\u00eame nom \u00e0 deux pas du centre-ville. Le th\u00e8me g\u00e9n\u00e9ral : \u00abRuptures et transitions, le temps est venu.\u00bb<br \/>\n\u2022 <a href=\"http:\/\/www.france.attac.org\/articles\/universite-dete-dattac-programme-chronologique\">Programme<\/a><br \/>\n\u2022 <a href=\"http:\/\/www.france.attac.org\/evenement\/universite-citoyenne-26-29-juillet-nimes\">Inscriptions et infos pratiques<\/a><br \/>\n\u2022 www.france.attac.org<\/p>\n","protected":false},"excerpt":{"rendered":"<p>Appel aux lecteurs. Nous avons besoin d&#8217;un coup de main pour tenir le stand de &#8220;Regards&#8221; aux universit\u00e9s d&#8217;\u00e9t\u00e9 d&#8217;ATTAC. Si vous \u00eates partant-e, \u00e9crivez-nous \u00e0 web@regards.fr. <\/p>\n","protected":false},"author":643,"featured_media":0,"comment_status":"open","ping_status":"open","sticky":false,"template":"","format":"standard","meta":{"_themeisle_gutenberg_block_has_review":false,"footnotes":""},"categories":[152],"tags":[],"class_list":["post-6880","post","type-post","status-publish","format-standard","hentry","category-agenda-militant"],"_links":{"self":[{"href":"https:\/\/archives.regards.fr\/index.php?rest_route=\/wp\/v2\/posts\/6880","targetHints":{"allow":["GET"]}}],"collection":[{"href":"https:\/\/archives.regards.fr\/index.php?rest_route=\/wp\/v2\/posts"}],"about":[{"href":"https:\/\/archives.regards.fr\/index.php?rest_route=\/wp\/v2\/types\/post"}],"author":[{"embeddable":true,"href":"https:\/\/archives.regards.fr\/index.php?rest_route=\/wp\/v2\/users\/643"}],"replies":[{"embeddable":true,"href":"https:\/\/archives.regards.fr\/index.php?rest_route=%2Fwp%2Fv2%2Fcomments&post=6880"}],"version-history":[{"count":0,"href":"https:\/\/archives.regards.fr\/index.php?rest_route=\/wp\/v2\/posts\/6880\/revisions"}],"wp:attachment":[{"href":"https:\/\/archives.regards.fr\/index.php?rest_route=%2Fwp%2Fv2%2Fmedia&parent=6880"}],"wp:term":[{"taxonomy":"category","embeddable":true,"href":"https:\/\/archives.regards.fr\/index.php?rest_route=%2Fwp%2Fv2%2Fcategories&post=6880"},{"taxonomy":"post_tag","embeddable":true,"href":"https:\/\/archives.regards.fr\/index.php?rest_route=%2Fwp%2Fv2%2Ftags&post=6880"}],"curies":[{"name":"wp","href":"https:\/\/api.w.org\/{rel}","templated":true}]}}