{"id":6879,"date":"2013-07-05T18:09:35","date_gmt":"2013-07-05T16:09:35","guid":{"rendered":"https:\/\/wp.muchomaas.com\/universites-d-ete6879\/"},"modified":"2023-06-23T23:15:06","modified_gmt":"2023-06-23T21:15:06","slug":"universites-d-ete6879","status":"publish","type":"post","link":"https:\/\/archives.regards.fr\/?p=6879","title":{"rendered":"Appel aux lecteurs, tenir le stand de Regards aux universit\u00e9s d&#8217;\u00e9t\u00e9, \u00e7a vous tente?"},"content":{"rendered":"<p class=\"post_excerpt\">Nous avons besoin d&#8217;un coup de main pour tenir le stand de &#8220;Regards&#8221; aux universit\u00e9s d&#8217;\u00e9t\u00e9 d&#8217;ATTAC et du Front de gauche. Si vous \u00eates partant-e \u00e9crivez-nous \u00e0 web@regards.fr. <\/p>\n<h2>ATTAC &#8211; Universit\u00e9 citoyenne 26-29 juillet \u00e0 N\u00eemes <\/h2>\n<p>Cette ann\u00e9e, l\u2019universit\u00e9 citoyenne d\u2019Attac France se tiendra \u00e0 l\u2019universit\u00e9 de N\u00eemes sur le site \u00ab Vauban \u00bb situ\u00e9 dans une ancienne citadelle du m\u00eame nom \u00e0 deux pas du centre-ville. Le th\u00e8me g\u00e9n\u00e9ral : \u00abRuptures et transitions, le temps est venu.\u00bb<br \/>\n\u2022 <a href=\"http:\/\/www.france.attac.org\/articles\/universite-dete-dattac-programme-chronologique\">Programme<\/a><br \/>\n\u2022 <a href=\"http:\/\/www.france.attac.org\/evenement\/universite-citoyenne-26-29-juillet-nimes\">Inscriptions et infos pratiques<\/a><br \/>\n\u2022 www.france.attac.org<\/p>\n<h2>FRONT DE GAUCHE &#8211; Les estivales citoyennes 24-25 ao\u00fbt \u00e0 Grenoble <\/h2>\n<p>Les samedi 24 et dimanche 25 ao\u00fbt 2013, le Front de gauche tiendra ses estivales citoyennes \u00e0 l&#8217;Universit\u00e9 Stendhal Grenoble 3, \u00e0 Saint-Martin d&#8217;H\u00e8res. En pr\u00e9sence des leaders et des militant-e-s de toutes les organisations membres du Front de gauche.<br \/>\n\u2022 www.placeaupeuple2012.fr<div id='gallery-1' class='gallery galleryid-6879 gallery-columns-3 gallery-size-thumbnail'><figure class='gallery-item'>\n\t\t\t<div class='gallery-icon landscape'>\n\t\t\t\t<a href='https:\/\/archives.regards.fr\/wp-content\/uploads\/2013\/07\/stand-115.png'><img loading=\"lazy\" decoding=\"async\" width=\"150\" height=\"150\" src=\"https:\/\/archives.regards.fr\/wp-content\/uploads\/2013\/07\/stand-115-150x150.png\" class=\"attachment-thumbnail size-thumbnail\" alt=\"stand.png\" \/><\/a>\n\t\t\t<\/div><\/figure><figure class='gallery-item'>\n\t\t\t<div class='gallery-icon landscape'>\n\t\t\t\t<a href='https:\/\/archives.regards.fr\/wp-content\/uploads\/2013\/07\/stand320x218-c5b.png'><img loading=\"lazy\" decoding=\"async\" width=\"150\" height=\"150\" src=\"https:\/\/archives.regards.fr\/wp-content\/uploads\/2013\/07\/stand320x218-c5b-150x150.png\" class=\"attachment-thumbnail size-thumbnail\" alt=\"stand320x218.png\" \/><\/a>\n\t\t\t<\/div><\/figure><figure class='gallery-item'>\n\t\t\t<div class='gallery-icon landscape'>\n\t\t\t\t<a href='https:\/\/archives.regards.fr\/wp-content\/uploads\/2013\/07\/stand460-13c.png'><img loading=\"lazy\" decoding=\"async\" width=\"150\" height=\"150\" src=\"https:\/\/archives.regards.fr\/wp-content\/uploads\/2013\/07\/stand460-13c-150x150.png\" class=\"attachment-thumbnail size-thumbnail\" alt=\"stand460.png\" \/><\/a>\n\t\t\t<\/div><\/figure>\n\t\t<\/div>\n<\/p>\n","protected":false},"excerpt":{"rendered":"<p>Nous avons besoin d&#8217;un coup de main pour tenir le stand de &#8220;Regards&#8221; aux universit\u00e9s d&#8217;\u00e9t\u00e9 d&#8217;ATTAC et du Front de gauche. Si vous \u00eates partant-e \u00e9crivez-nous \u00e0 web@regards.fr. <\/p>\n","protected":false},"author":643,"featured_media":18712,"comment_status":"open","ping_status":"open","sticky":false,"template":"","format":"standard","meta":{"_themeisle_gutenberg_block_has_review":false,"footnotes":""},"categories":[128],"tags":[],"class_list":["post-6879","post","type-post","status-publish","format-standard","has-post-thumbnail","hentry","category-vous-et-nous"],"_links":{"self":[{"href":"https:\/\/archives.regards.fr\/index.php?rest_route=\/wp\/v2\/posts\/6879","targetHints":{"allow":["GET"]}}],"collection":[{"href":"https:\/\/archives.regards.fr\/index.php?rest_route=\/wp\/v2\/posts"}],"about":[{"href":"https:\/\/archives.regards.fr\/index.php?rest_route=\/wp\/v2\/types\/post"}],"author":[{"embeddable":true,"href":"https:\/\/archives.regards.fr\/index.php?rest_route=\/wp\/v2\/users\/643"}],"replies":[{"embeddable":true,"href":"https:\/\/archives.regards.fr\/index.php?rest_route=%2Fwp%2Fv2%2Fcomments&post=6879"}],"version-history":[{"count":0,"href":"https:\/\/archives.regards.fr\/index.php?rest_route=\/wp\/v2\/posts\/6879\/revisions"}],"wp:featuredmedia":[{"embeddable":true,"href":"https:\/\/archives.regards.fr\/index.php?rest_route=\/wp\/v2\/media\/18712"}],"wp:attachment":[{"href":"https:\/\/archives.regards.fr\/index.php?rest_route=%2Fwp%2Fv2%2Fmedia&parent=6879"}],"wp:term":[{"taxonomy":"category","embeddable":true,"href":"https:\/\/archives.regards.fr\/index.php?rest_route=%2Fwp%2Fv2%2Fcategories&post=6879"},{"taxonomy":"post_tag","embeddable":true,"href":"https:\/\/archives.regards.fr\/index.php?rest_route=%2Fwp%2Fv2%2Ftags&post=6879"}],"curies":[{"name":"wp","href":"https:\/\/api.w.org\/{rel}","templated":true}]}}