{"id":6877,"date":"2013-07-05T13:36:56","date_gmt":"2013-07-05T11:36:56","guid":{"rendered":"https:\/\/wp.muchomaas.com\/delphine-batho-courage-et6877\/"},"modified":"2023-06-23T23:15:05","modified_gmt":"2023-06-23T21:15:05","slug":"delphine-batho-courage-et6877","status":"publish","type":"post","link":"https:\/\/archives.regards.fr\/?p=6877","title":{"rendered":"Delphine Batho, courage et politique"},"content":{"rendered":"<p class=\"post_excerpt\">Retrouvez la <a href=\"6878\">version vid\u00e9o ici<\/a>.<\/p>\n<p>Delphine Batho a fait preuve d\u2019un vrai courage politique. Ce qui n\u2019est pas commun. Elle a assum\u00e9 sa critique du budget qui lui \u00e9tait assign\u00e9 pour 2014 au minist\u00e8re de l\u2019\u00e9cologie, du d\u00e9veloppement durable et de l\u2019\u00e9nergie. Moins 7%\u00a0&#8211; la baisse la plus importante de tous les minist\u00e8res -, il est vrai que la d\u00e9cision est ahurissante au regard des urgences environnementales et du potentiel que repr\u00e9sente la transition \u00e9cologique pour faire face aux crises que nous traversons. Delphine Batho a choisi de ne pas cautionner. Elle l\u2019a dit lundi dans <em>Le Monde<\/em> et plus franchement mardi matin sur <a href=\"http:\/\/www.dailymotion.com\/video\/x11gb2v_delphine-batho-le-budget-2014-est-mauvais_news#.Udap5KXOSx0\">RTL<\/a>. La fa\u00e7on dont Fran\u00e7ois Hollande et Jean-Marc Ayrault ont trait\u00e9 la ministre en dit long sur le machisme et le f\u00e9odalisme en cours au sommet de l\u2019Etat. Ayrault convoquant Delphine Batho dans son bureau par twitter, \u00e7a vaut son pesant de cacahu\u00e8tes. Et quand on se souvient des remerciements \u00e9logieux au d\u00e9part de J\u00e9r\u00f4me Cahuzac, on se pince. Le stade atteint est celui de l\u2019ind\u00e9cence. Mais au fond, la d\u00e9cision raconte l\u2019impossibilit\u00e9 pour l\u2019\u00e9tat-major socialiste en place d\u2019accepter que les dissonances viennent du c\u0153ur du dispositif hollandais. Que Beno\u00eet Hamon qui a fait 17% au Congr\u00e8s du PS, Arnaud Montebourg qui a incarn\u00e9 la gauche du parti dans la primaire ou C\u00e9cile Duflot qui repr\u00e9sente l\u2019alli\u00e9 EELV fasse entendre des voix quelque peu dissonantes n\u2019est pas dangereux\u00a0: c\u2019est un jeu de r\u00f4le parfaitement compris, d\u00e8s lors que chacun joue sa partition et qu\u2019au final, la coh\u00e9sion l\u2019emporte. En revanche, si parmi les plus proches et les plus fid\u00e8les de la majorit\u00e9 du PS, la discordance s\u2019affirme, elle doit \u00eatre sanctionn\u00e9e. C\u2019est un rappel \u00e0 l\u2019ordre pour tous\u00a0: il faut serrer les rangs. Or, ce qui est particuli\u00e8rement int\u00e9ressant, c\u2019est que l\u2019une des plus sages et coll\u00e9giales de l\u2019\u00e9quipe dise combien l\u2019aust\u00e9rit\u00e9 choisie n\u2019est pas la bonne voie. Delphine Batho est m\u00eame all\u00e9e plus loin\u00a0: <em>\u00ab\u00a0le tournant de la rigueur pr\u00e9pare la marche au pouvoir de l\u2019extr\u00eame droite\u00a0\u00bb.<\/em> Ainsi, la faille vient d\u00e9sormais de l\u2019int\u00e9rieur\u00a0: elle est de nature \u00e0 travailler plus que d\u2019autres les contradictions internes, au PS et au gouvernement. Les verts se trouvent fragilis\u00e9s par ce lynchage de Delphine Batho, pour laquelle ils ne sont pas montr\u00e9s solidaires. Or, une baisse du budget de l\u2019\u00e9cologie de 7%, c\u2019est particuli\u00e8rement difficile \u00e0 avaler pour des militants \u00e9colos. Jusqu\u2019o\u00f9 les couleuvres peuvent-elles aller\u00a0? Nul ne le sait. En attendant, une pierre dans le jardin du cap gouvernementale vient d\u2019\u00eatre jet\u00e9e. Et le choix de ne pas se soumettre de Delphine Batho va renforcer le camp de l\u2019alternative \u00e0 gauche.<div id='gallery-1' class='gallery galleryid-6877 gallery-columns-3 gallery-size-thumbnail'><figure class='gallery-item'>\n\t\t\t<div class='gallery-icon landscape'>\n\t\t\t\t<a href='https:\/\/archives.regards.fr\/wp-content\/uploads\/2013\/07\/batho-a45.jpg'><img loading=\"lazy\" decoding=\"async\" width=\"150\" height=\"150\" src=\"https:\/\/archives.regards.fr\/wp-content\/uploads\/2013\/07\/batho-a45-150x150.jpg\" class=\"attachment-thumbnail size-thumbnail\" alt=\"batho.jpg\" \/><\/a>\n\t\t\t<\/div><\/figure>\n\t\t<\/div>\n<\/p>\n","protected":false},"excerpt":{"rendered":"<p>Retrouvez la <a href=\"6878\">version vid\u00e9o ici<\/a>.<\/p>\n","protected":false},"author":570,"featured_media":18708,"comment_status":"open","ping_status":"open","sticky":false,"template":"","format":"standard","meta":{"_themeisle_gutenberg_block_has_review":false,"footnotes":""},"categories":[157],"tags":[328],"class_list":["post-6877","post","type-post","status-publish","format-standard","has-post-thumbnail","hentry","category-web","tag-editorial"],"_links":{"self":[{"href":"https:\/\/archives.regards.fr\/index.php?rest_route=\/wp\/v2\/posts\/6877","targetHints":{"allow":["GET"]}}],"collection":[{"href":"https:\/\/archives.regards.fr\/index.php?rest_route=\/wp\/v2\/posts"}],"about":[{"href":"https:\/\/archives.regards.fr\/index.php?rest_route=\/wp\/v2\/types\/post"}],"author":[{"embeddable":true,"href":"https:\/\/archives.regards.fr\/index.php?rest_route=\/wp\/v2\/users\/570"}],"replies":[{"embeddable":true,"href":"https:\/\/archives.regards.fr\/index.php?rest_route=%2Fwp%2Fv2%2Fcomments&post=6877"}],"version-history":[{"count":0,"href":"https:\/\/archives.regards.fr\/index.php?rest_route=\/wp\/v2\/posts\/6877\/revisions"}],"wp:featuredmedia":[{"embeddable":true,"href":"https:\/\/archives.regards.fr\/index.php?rest_route=\/wp\/v2\/media\/18708"}],"wp:attachment":[{"href":"https:\/\/archives.regards.fr\/index.php?rest_route=%2Fwp%2Fv2%2Fmedia&parent=6877"}],"wp:term":[{"taxonomy":"category","embeddable":true,"href":"https:\/\/archives.regards.fr\/index.php?rest_route=%2Fwp%2Fv2%2Fcategories&post=6877"},{"taxonomy":"post_tag","embeddable":true,"href":"https:\/\/archives.regards.fr\/index.php?rest_route=%2Fwp%2Fv2%2Ftags&post=6877"}],"curies":[{"name":"wp","href":"https:\/\/api.w.org\/{rel}","templated":true}]}}