{"id":6870,"date":"2013-07-15T13:00:00","date_gmt":"2013-07-15T11:00:00","guid":{"rendered":"https:\/\/wp.muchomaas.com\/dynamo-fait-vibrer-le-grand-palais6870\/"},"modified":"2023-06-23T23:15:04","modified_gmt":"2023-06-23T21:15:04","slug":"dynamo-fait-vibrer-le-grand-palais6870","status":"publish","type":"post","link":"https:\/\/archives.regards.fr\/?p=6870","title":{"rendered":"Dynamo fait vibrer le Grand Palais"},"content":{"rendered":"<p class=\"post_excerpt\">La R\u00e9union des mus\u00e9es nationaux (RMN) pr\u00e9sente une<br \/>\nexposition spectaculaire d\u2019oeuvres mouvantes, instables,<br \/>\nlumineuses, \u00e9volutives\u2026 o\u00f9 le visiteur est invit\u00e9 \u00e0<br \/>\nparticiper, <em>in situ<\/em> et au-del\u00e0, sur le web.<\/p>\n<p>Dynamo pr\u00e9sente des<br \/>\noeuvres produites sur une<br \/>\ncentaine d\u2019ann\u00e9es, qui<br \/>\nont pour point commun<br \/>\nde chercher \u00e0 traduire<br \/>\nl\u2019\u00e9nergie du mouvement, ce qu\u2019on a<br \/>\npu appeler dans les ann\u00e9es 1960 l\u2019art<br \/>\ncin\u00e9tique. Un art travers\u00e9 de vibrations,<br \/>\nbas\u00e9 sur l\u2019abstraction. Dans un tract de<br \/>\n1961, le GRAV (Groupe de recherche<br \/>\nd\u2019art visuel) cofond\u00e9 par Fran\u00e7ois<br \/>\nMorellet, d\u00e9finissait ainsi sa mission :<br \/>\n<em>\u00ab Mettre en valeur l\u2019instabilit\u00e9 visuelle<br \/>\net le temps de la perception. \u00bb<\/em> Dans ce<br \/>\ncourant, le visiteur est appel\u00e9 \u00e0 devenir<br \/>\npartie prenante de l\u2019oeuvre cr\u00e9\u00e9e, \u00e0 vivre<br \/>\nune exp\u00e9rience sensorielle, parfois par<br \/>\nde simples effets visuels.<\/p>\n<p>Les Galeries nationales du Grand Palais<br \/>\nsont envahies d\u2019installations, objets,<br \/>\npeintures pr\u00e9sent\u00e9s en deux parties<br \/>\n\u2013 \u00ab vision \u00bb et \u00ab espace \u00bb \u2013, se subdivisant<br \/>\nen seize sections tournant autour<br \/>\nde th\u00e8mes aussi po\u00e9tiques que claire<br \/>\nvoie, permutation, concentrique\/excentrique,<br \/>\ninterf\u00e9rence, immersion, distorsion,<br \/>\ntactile, trame, battement, ab\u00eeme, champs<br \/>\nde force, nu\u00e9e, halo, maelstr\u00f6m, espace<br \/>\nincertain, c\u00e9leste\u2026 Tout un programme.<br \/>\nHistoire d\u2019\u00eatre mis dans le bain, le visiteur<br \/>\nest accueilli \u00e0 l\u2019ext\u00e9rieur du b\u00e2timent<br \/>\npar une sculpture de brume de l\u2019artiste<br \/>\njaponaise Fujiko Nakaya. \u00c0 l\u2019int\u00e9rieur, les<br \/>\noeuvres de 150 artistes, de Rodtchenko<br \/>\n\u00e0 Xavier Veilhan, en passant par Marcel<br \/>\nDuchamp, Vasarely ou Anish Kapoor.<\/p>\n<h2>Une exp\u00e9rience collective<\/h2>\n<p>Une exposition \u00ab participative \u00bb justifiant<br \/>\nun dispositif num\u00e9rique original. Gr\u00e2ce<br \/>\n\u00e0 une application mobile pour Smartphones<br \/>\nmise \u00e0 disposition gratuitement,<br \/>\nle visiteur est invit\u00e9 \u00e0 commenter une s\u00e9lection<br \/>\nd\u2019oeuvres, en mots ou en photos,<br \/>\n\u00e0 les partager sur les r\u00e9seaux sociaux, \u00e0<br \/>\nles poster sur un mur d\u2019images situ\u00e9 en<br \/>\nfin de parcours, consultable \u00e9galement<br \/>\nsur le site web <a href=\"http:\/\/www.grandpalais.fr\/fr\/evenement\/dynamo\">www.grandpalais.fr<\/a> qui<br \/>\nfait peau neuve pour l\u2019occasion. Pour<br \/>\nl\u2019\u00e9tablissement public, <em>\u00ab cette application<br \/>\ncontribue \u00e0 une exp\u00e9rience collective<br \/>\nin\u00e9dite et \u00e0 la construction de la vision et de la m\u00e9moire de l\u2019exposition,<br \/>\nqui se pr\u00eate particuli\u00e8rement \u00e0 ce type<br \/>\nde dispositif, r\u00e9unissant ainsi tous les<br \/>\ndiff\u00e9rents points de vue sur les oeuvres<br \/>\nque peuvent avoir les visiteurs. \u00bb<\/em> Cela t\u00e9moigne<br \/>\nd\u2019une volont\u00e9 d\u2019int\u00e9grer plus activement<br \/>\nle visiteur dans l\u2019offre culturelle<br \/>\ndu Grand Palais, avant, pendant et apr\u00e8s<br \/>\nsa visite, ce qui se traduit notamment par<br \/>\nl\u2019autorisation r\u00e9cente de photographier<br \/>\ndans ses expositions temporaires quand<br \/>\nles pr\u00eateurs ne s\u2019y opposent pas. Ce qui est le cas ici, \u00e0 l&#8217;exception de quelques rares oeuvres.<div id='gallery-1' class='gallery galleryid-6870 gallery-columns-3 gallery-size-thumbnail'><figure class='gallery-item'>\n\t\t\t<div class='gallery-icon landscape'>\n\t\t\t\t<a href='https:\/\/archives.regards.fr\/wp-content\/uploads\/2013\/07\/dynamo-4d1.png'><img loading=\"lazy\" decoding=\"async\" width=\"150\" height=\"150\" src=\"https:\/\/archives.regards.fr\/wp-content\/uploads\/2013\/07\/dynamo-4d1-150x150.png\" class=\"attachment-thumbnail size-thumbnail\" alt=\"dynamo.png\" \/><\/a>\n\t\t\t<\/div><\/figure>\n\t\t<\/div>\n<\/p>\n","protected":false},"excerpt":{"rendered":"<p>La R\u00e9union des mus\u00e9es nationaux (RMN) pr\u00e9sente une<br \/>\nexposition spectaculaire d\u2019oeuvres mouvantes, instables,<br \/>\nlumineuses, \u00e9volutives\u2026 o\u00f9 le visiteur est invit\u00e9 \u00e0<br \/>\nparticiper, <em>in situ<\/em> et au-del\u00e0, sur le web.<\/p>\n","protected":false},"author":625,"featured_media":18700,"comment_status":"open","ping_status":"open","sticky":false,"template":"","format":"standard","meta":{"_themeisle_gutenberg_block_has_review":false,"footnotes":""},"categories":[183],"tags":[],"class_list":["post-6870","post","type-post","status-publish","format-standard","has-post-thumbnail","hentry","category-nos-coups-de-coeur"],"_links":{"self":[{"href":"https:\/\/archives.regards.fr\/index.php?rest_route=\/wp\/v2\/posts\/6870","targetHints":{"allow":["GET"]}}],"collection":[{"href":"https:\/\/archives.regards.fr\/index.php?rest_route=\/wp\/v2\/posts"}],"about":[{"href":"https:\/\/archives.regards.fr\/index.php?rest_route=\/wp\/v2\/types\/post"}],"author":[{"embeddable":true,"href":"https:\/\/archives.regards.fr\/index.php?rest_route=\/wp\/v2\/users\/625"}],"replies":[{"embeddable":true,"href":"https:\/\/archives.regards.fr\/index.php?rest_route=%2Fwp%2Fv2%2Fcomments&post=6870"}],"version-history":[{"count":0,"href":"https:\/\/archives.regards.fr\/index.php?rest_route=\/wp\/v2\/posts\/6870\/revisions"}],"wp:featuredmedia":[{"embeddable":true,"href":"https:\/\/archives.regards.fr\/index.php?rest_route=\/wp\/v2\/media\/18700"}],"wp:attachment":[{"href":"https:\/\/archives.regards.fr\/index.php?rest_route=%2Fwp%2Fv2%2Fmedia&parent=6870"}],"wp:term":[{"taxonomy":"category","embeddable":true,"href":"https:\/\/archives.regards.fr\/index.php?rest_route=%2Fwp%2Fv2%2Fcategories&post=6870"},{"taxonomy":"post_tag","embeddable":true,"href":"https:\/\/archives.regards.fr\/index.php?rest_route=%2Fwp%2Fv2%2Ftags&post=6870"}],"curies":[{"name":"wp","href":"https:\/\/api.w.org\/{rel}","templated":true}]}}