{"id":6862,"date":"2013-07-26T14:00:00","date_gmt":"2013-07-26T12:00:00","guid":{"rendered":"https:\/\/wp.muchomaas.com\/ou-sont-passes-les-intellectuels6862\/"},"modified":"2023-06-23T23:15:03","modified_gmt":"2023-06-23T21:15:03","slug":"ou-sont-passes-les-intellectuels6862","status":"publish","type":"post","link":"https:\/\/archives.regards.fr\/?p=6862","title":{"rendered":"O\u00f9 sont pass\u00e9s les intellectuels ? Bonne question"},"content":{"rendered":"<p>Bon, si vous avez le moral politique<br \/>\nen berne, je ne suis pas s\u00fbre qu\u2019Enzo<br \/>\nTraverso vous le remonte. Mais<br \/>\nl\u2019intelligence et la lucidit\u00e9 sont toujours<br \/>\nbienvenues pour affronter une p\u00e9riode<br \/>\naussi complexe que la n\u00f4tre. Le<br \/>\nchercheur en sciences sociales pose<br \/>\nen titre de son dernier ouvrage une<br \/>\nbonne question : O\u00f9 sont pass\u00e9 les<br \/>\nintellectuels ? Il y a comme un trou d\u2019air\u2026<br \/>\nUne \u00e9clipse, qui est celle de l\u2019utopie, et<br \/>\ndonc forc\u00e9ment passag\u00e8re. Sous forme<br \/>\nde conversation avec R\u00e9gis Meyran, ce<br \/>\ncourt essai paru chez Textuel revient<br \/>\nsur les grandes heures de la figure de<br \/>\nl\u2019intellectuel engag\u00e9, inscrit dans la<br \/>\ntradition des Lumi\u00e8res et qui a marqu\u00e9 le<br \/>\nXXe si\u00e8cle bouillonnant sur le plan social<br \/>\net politique. N\u00e9e avec l\u2019Affaire Dreyfus,<br \/>\ncette figure dispara\u00eet apr\u00e8s la chute du<br \/>\nMur de Berlin, p\u00e9riode o\u00f9 se d\u00e9veloppe<br \/>\nl\u2019emprise de la communication en<br \/>\npolitique et l\u2019h\u00e9g\u00e9monie de l\u2019\u00e9conomie<br \/>\nlib\u00e9rale.<\/p>\n<p>Marx, nous dit Traverso, est sousjacent<br \/>\n\u00e0 toute cette discussion tant il<br \/>\na fait vivre l\u2019articulation entre th\u00e9orie<br \/>\net pratique, entre interpr\u00e9tation du<br \/>\nmonde et projet r\u00e9volutionnaire pour le<br \/>\ntransformer. Et c\u2019est bien ce parti pris<br \/>\ncritique qui fait, fonde l\u2019intellectuel, en<br \/>\nmiroir avec l\u2019anti-intellectualisme de la<br \/>\ndroite conservatrice. L\u2019auteur brosse<br \/>\nrapidement quelques portraits. Il revient<br \/>\nsur le succ\u00e8s de Sartre, dont la d\u00e9finition<br \/>\nde l\u2019intellectuel \u2013 <em>\u00ab quelqu\u2019un qui se m\u00eale<br \/>\nde ce qui ne le regarde pas \u00bb<\/em> &#8211; constitue<br \/>\nun \u00ab appel salutaire \u00bb \u00e0 l\u2019anticonformisme<br \/>\net au refus de la soumission. Traverso<br \/>\nexplique combien <em>\u00ab Camus appara\u00eet de<br \/>\nnos jours plus en phase avec le monde<br \/>\ncontemporain \u00bb<\/em> parce que <em>\u00ab sa conception<br \/>\nde l\u2019engagement \u00e9tait davantage<br \/>\n\u00e9thique que politique et s\u2019adapte mieux<br \/>\n\u00e0 un monde &#8220;postid\u00e9ologique&#8221; \u00bb<\/em>.<br \/>\nAujourd\u2019hui, moment de la cons\u00e9cration<br \/>\ndes experts de gouvernement, <em>\u00ab la vision de l\u2019intellectuel comme conseiller du<br \/>\nprince est particuli\u00e8rement appr\u00e9ci\u00e9e \u00bb<\/em>.<br \/>\nD\u2019o\u00f9 vient le silence des intellectuels<br \/>\ncritiques ? <em>\u00ab De l\u2019int\u00e9riorisation d\u2019une<br \/>\nd\u00e9faite \u00bb<\/em>, nous dit Traverso. A la fin de la<br \/>\nguerre froide, l\u2019articulation entre pens\u00e9e<br \/>\net action s\u2019est bloqu\u00e9e. Les id\u00e9ologies et<br \/>\nles utopies ont pris du plomb dans l\u2019aile<br \/>\n\u2013 <em>\u00ab l\u2019h\u00e9g\u00e9monie n\u00e9olib\u00e9rale est n\u00e9e de<br \/>\nla d\u00e9faite historique du communisme \u00bb<\/em>.<br \/>\nDans le m\u00eame temps, le statut social de<br \/>\nl\u2019intellectuel a chang\u00e9 avec l\u2019av\u00e8nement<br \/>\nde l\u2019universit\u00e9 de masse. Et la puissance<br \/>\ndes m\u00e9dias a boulevers\u00e9 sa place,<br \/>\ncomme l\u2019illustre le cas du <em>\u00ab ph\u00e9nom\u00e8ne<br \/>\nOnfray \u00bb<\/em>. En outre, poursuit Traverso de<br \/>\nfa\u00e7on tranchante, <em>\u00ab \u00e0 partir des ann\u00e9es<br \/>\n1980, et surtout aujourd\u2019hui, les partis<br \/>\nn\u2019ont plus besoin ni de militants ni<br \/>\nd\u2019intellectuels, mais surtout de managers<br \/>\nde la communication \u00bb.<\/em> En effet, affirmet-<br \/>\nil s\u00e9v\u00e8rement, ils n\u2019ont <em>\u00ab plus de ligne<br \/>\ndirectrice claire, plus d\u2019identit\u00e9 sociale \u00bb<\/em>.<br \/>\nPour terminer cette br\u00e8ve mais<br \/>\ninstructive r\u00e9flexion, l\u2019alternative peine<br \/>\n\u00e0 se formaliser. Les pistes pour sortir<br \/>\nde l\u00e0 restent \u00e0 inventer. Mais, discutant<br \/>\nFoucault, Traverso plaide au moins<br \/>\nclairement pour que l\u2019intellectuel<br \/>\nsoit aujourd\u2019hui \u00e0 la fois universel et<br \/>\nsp\u00e9cifique. Et qu\u2019il ne se plie pas \u00e0<br \/>\nl\u2019ordre existant.<\/p>\n<p>Enzo Traverso, <em>O\u00f9 sont pass\u00e9s les<br \/>\nintellectuels ?,<\/em> Textuel, 108 pages, 17 euros.<div id='gallery-1' class='gallery galleryid-6862 gallery-columns-3 gallery-size-thumbnail'><figure class='gallery-item'>\n\t\t\t<div class='gallery-icon landscape'>\n\t\t\t\t<a href='https:\/\/archives.regards.fr\/wp-content\/uploads\/2013\/07\/int-5a8.png'><img loading=\"lazy\" decoding=\"async\" width=\"150\" height=\"150\" src=\"https:\/\/archives.regards.fr\/wp-content\/uploads\/2013\/07\/int-5a8-150x150.png\" class=\"attachment-thumbnail size-thumbnail\" alt=\"int.png\" \/><\/a>\n\t\t\t<\/div><\/figure>\n\t\t<\/div>\n<\/p>\n","protected":false},"excerpt":{"rendered":"<p>Bon, si vous avez le moral politique en berne, je ne suis pas s\u00fbre qu\u2019Enzo Traverso vous le remonte. Mais l\u2019intelligence et la lucidit\u00e9 sont toujours bienvenues pour affronter une p\u00e9riode aussi complexe que la n\u00f4tre. Le chercheur en sciences sociales pose en titre de son dernier ouvrage une bonne question : O\u00f9 sont pass\u00e9 [&hellip;]<\/p>\n","protected":false},"author":570,"featured_media":18690,"comment_status":"open","ping_status":"open","sticky":false,"template":"","format":"standard","meta":{"_themeisle_gutenberg_block_has_review":false,"footnotes":""},"categories":[111],"tags":[],"class_list":["post-6862","post","type-post","status-publish","format-standard","has-post-thumbnail","hentry","category-nos-selections"],"_links":{"self":[{"href":"https:\/\/archives.regards.fr\/index.php?rest_route=\/wp\/v2\/posts\/6862","targetHints":{"allow":["GET"]}}],"collection":[{"href":"https:\/\/archives.regards.fr\/index.php?rest_route=\/wp\/v2\/posts"}],"about":[{"href":"https:\/\/archives.regards.fr\/index.php?rest_route=\/wp\/v2\/types\/post"}],"author":[{"embeddable":true,"href":"https:\/\/archives.regards.fr\/index.php?rest_route=\/wp\/v2\/users\/570"}],"replies":[{"embeddable":true,"href":"https:\/\/archives.regards.fr\/index.php?rest_route=%2Fwp%2Fv2%2Fcomments&post=6862"}],"version-history":[{"count":0,"href":"https:\/\/archives.regards.fr\/index.php?rest_route=\/wp\/v2\/posts\/6862\/revisions"}],"wp:featuredmedia":[{"embeddable":true,"href":"https:\/\/archives.regards.fr\/index.php?rest_route=\/wp\/v2\/media\/18690"}],"wp:attachment":[{"href":"https:\/\/archives.regards.fr\/index.php?rest_route=%2Fwp%2Fv2%2Fmedia&parent=6862"}],"wp:term":[{"taxonomy":"category","embeddable":true,"href":"https:\/\/archives.regards.fr\/index.php?rest_route=%2Fwp%2Fv2%2Fcategories&post=6862"},{"taxonomy":"post_tag","embeddable":true,"href":"https:\/\/archives.regards.fr\/index.php?rest_route=%2Fwp%2Fv2%2Ftags&post=6862"}],"curies":[{"name":"wp","href":"https:\/\/api.w.org\/{rel}","templated":true}]}}