{"id":6860,"date":"2013-07-04T14:50:17","date_gmt":"2013-07-04T12:50:17","guid":{"rendered":"https:\/\/wp.muchomaas.com\/controles-au-facies-l-etat-sur-le6860\/"},"modified":"2023-06-23T23:15:03","modified_gmt":"2023-06-23T21:15:03","slug":"controles-au-facies-l-etat-sur-le6860","status":"publish","type":"post","link":"https:\/\/archives.regards.fr\/?p=6860","title":{"rendered":"Contr\u00f4les au faci\u00e8s : l\u2019\u00c9tat sur le banc des accus\u00e9s pour la premi\u00e8re fois"},"content":{"rendered":"<p class=\"post_excerpt\">Treize personnes attaquaient mercredi 3 juillet l&#8217;\u00c9tat pour des contr\u00f4les de police qu&#8217;elles jugent discriminatoires et humiliants. Le jugement a \u00e9t\u00e9 mis en d\u00e9lib\u00e9r\u00e9 au 2 octobre par le Tribunal de Grande Instance de Paris.<\/p>\n<p>R\u00e9gis Amponsah a bien failli arriver en retard \u00e0 l&#8217;audience. <em>\u00ab A cause d&#8217;un contr\u00f4le d&#8217;identit\u00e9 \u00bb<\/em>, glisse son avocat. R\u00e9gis sourit, r\u00e9sign\u00e9 : <em>\u00ab un contr\u00f4le, un de plus.  Lors du premier, je devais avoir 13 ou 14 ans<\/em>, explique le jeune homme noir de 22 ans qui vit dans les Hauts-de-Seine. <em>Heureusement, cette fois-ci j&#8217;avais mes papiers, \u00e7a s&#8217;est bien pass\u00e9. Je leur ai m\u00eame dit que j&#8217;avais port\u00e9 plainte contre l\u2019\u00c9tat pour d\u00e9noncer un pr\u00e9c\u00e9dent contr\u00f4le. <\/em>\u00bb Les policiers se sont content\u00e9s d&#8217;en rire.<\/p>\n<p>R\u00e9gis est l&#8217;un des treize plaignants, \u00e2g\u00e9s de 18 \u00e0 35 ans, qui s&#8217;estiment victimes de contr\u00f4les au faci\u00e8s et qui attaquent l&#8217;\u00c9tat en justice. Une premi\u00e8re en France. Leur plainte \u00e9tait examin\u00e9e le 3 juillet par le Tribunal de Grande Instance de Paris. Verdict le 2 octobre prochain.<\/p>\n<p><em>\u00ab D\u00e9sormais, quand je peux, je pr\u00e9f\u00e8re laisser conduire un ami blanc pour \u00e9viter d&#8217;\u00eatre arr\u00eat\u00e9 \u00bb<\/em>, pr\u00e9cise R\u00e9gis. Mani\u00e8re de ne pas s&#8217;entendre demander par les forces de l&#8217;ordre : <em>\u00ab T&#8217;as pas un bout [de cannabis] sur toi ? \u00bb <\/em> Comme si \u00eatre noir faisait de lui, immanquablement, un dealer.<em> \u00ab \u00c7a commence toujours comme \u00e7a, les policiers nous disent &#8216;ne vous inqui\u00e9tez pas, c&#8217;est un contr\u00f4le de routine&#8217; \u00bb<\/em>. Sauf qu&#8217;un contr\u00f4le n&#8217;a rien d&#8217;anodin. <em>\u00ab Imm\u00e9diatement les regards se tournent vers toi et \u00e7a te met dans la case d\u00e9linquant. On a l&#8217;impression d&#8217;\u00eatre un suspect permanent. \u00bb<\/em><\/p>\n<p>Au-del\u00e0 de l&#8217;humiliation d&#8217;un contr\u00f4le en pleine rue, en plus des questions intrusives &#8211; <em>\u00ab Tu vas o\u00f9 l\u00e0 ? Tu travailles ? \u00bb<\/em> -, c&#8217;est bien le lien insidieux entre couleur de peau et d\u00e9linquance qui est d\u00e9nonc\u00e9. <em>\u00ab Les 13 plaignants sont convaincus qu&#8217;on ne contr\u00f4le pas en raison d&#8217;un acte mais leur origine ou leur allure \u00bb<\/em>, ass\u00e8ne Me Ben Achour. Selon <a href=\"http:\/\/www.cnrs.fr\/inshs\/recherche\/docs-actualites\/rapport-facies.pdf\">une enqu\u00eate<\/a> de 2009 de l&#8217;Open Society Justice Initiative men\u00e9e avec le CNRS, une personne noire a en France de trois \u00e0 onze fois plus de risques d&#8217;\u00eatre contr\u00f4l\u00e9e par la police qu&#8217;un blanc, et un Maghr\u00e9bin de deux \u00e0 quinze fois plus.<\/p>\n<p><em>\u00ab Je vis et je travaille dans les beaux quartiers, je porte un costume-cravate, j&#8217;ai toute l&#8217;apparence d&#8217;un d\u00e9linquant financier \u00bb<\/em>, cabotine F\u00e9lix de Belloy. Rires dans la salle d&#8217;audience. L&#8217;avocat des plaignants poursuit : <em>\u00ab \u00c7a fait rire parce que \u00e7a a l&#8217;air absurde. Mais quand on applique le m\u00eame type de raisonnement \u00e0 des personnes noires ou d&#8217;origine maghr\u00e9bine, c&#8217;est accept\u00e9 avec l&#8217;id\u00e9e que mieux vaut une injustice qu&#8217;un d\u00e9sordre public. \u00bb<\/em><\/p>\n<p><em>\u00ab On ne peut pas arr\u00eater quelqu&#8217;un parce qu&#8217;il porte une capuche ou marche vite ? \u00bb<\/em>, feint de demander Bocar Niane, 34 ans. C&#8217;est bien ce qui lui est arriv\u00e9 en novembre 2011. <em>\u00ab Je sortais du quartier de mes parents \u00e0 Saint-Ouen (Seine-saint-Denis). Un policier me prend par un bras, m&#8217;emm\u00e8ne dans un coin et me met contre un mur. Quand je demande pour quel motif je suis contr\u00f4l\u00e9, il ne m&#8217;en donne aucun. Quand j&#8217;essaie de me retourner, il me menace : &#8216;tu veux que je te tase&#8217; ? \u00bb<\/em><\/p>\n<p>Au-dessus de sa chemise, Bocar a enfil\u00e9 apr\u00e8s l&#8217;audience un t-shirt estampill\u00e9 \u00ab Stop le contr\u00f4le au faci\u00e8s \u00bb, du nom du <a href=\"http:\/\/stoplecontroleaufacies.fr\/slcaf\/\">Collectif<\/a> qui, en mai 2011, a mis en place un num\u00e9ro de SMS auquel tout citoyen contr\u00f4l\u00e9 abusivement peut envoyer \u00ab CONTROLE \u00bb pour faire valoir ses droits. En tout, 1.600 textos ont \u00e9t\u00e9 re\u00e7us. <\/p>\n<p><iframe loading=\"lazy\" width=\"460\" height=\"259\" src=\"\/\/www.youtube.com\/embed\/uV7mmxNcIFs?rel=0\" frameborder=\"0\" allowfullscreen><\/iframe><\/p>\n<p><em>\u00ab On nous a contact\u00e9 du fin fond de la France, de la p\u00e9riph\u00e9rie et des Champs-\u00c9lys\u00e9es \u00bb<\/em>, pr\u00e9cise Sihame Assbague, l&#8217;une de ses porte-paroles. Pour elle, ce proc\u00e8s est l&#8217;occasion<em> \u00ab de rappeler \u00e0 Fran\u00e7ois Hollande ses promesses \u00e9lectorales. \u00bb<\/em> L&#8217;<a href=\"http:\/\/www.dailymotion.com\/video\/xo7yj1_francois-hollande-s-engage-contre-les-controles-au-facies_news?start=25#.UdRo35wpvTo\">engagement 30<\/a> du futur pr\u00e9sident qui annon\u00e7ait qu&#8217;il lutterait notamment contre le <em>\u00ab d\u00e9lit de faci\u00e8s \u00bb<\/em> lors des contr\u00f4les n&#8217;a gu\u00e8re \u00e9t\u00e9 traduit par des mesures effectives. Un temps \u00e9voqu\u00e9, la remise d&#8217;un r\u00e9c\u00e9piss\u00e9 apr\u00e8s un contr\u00f4le d&#8217;identit\u00e9 \u2013 demand\u00e9 m\u00eame par le <a href=\"http:\/\/www.defenseurdesdroits.fr\/sinformer-sur-le-defenseur-des-droits\/linstitution\/actualites\/rapport-relatif-aux-relations\">D\u00e9fenseur des droits<\/a> &#8211; a finalement \u00e9t\u00e9 abandonn\u00e9e en septembre dernier. <em>\u00ab Sous la pression du seul syndicat de policiers Alliance<\/em>, d\u00e9nonce Sihame Assbague. <em>Il faut arr\u00eater de se moquer de nous avec le nouveau code de d\u00e9ontologie<\/em> [approuv\u00e9 par les syndicats de police en mars 2013, il pr\u00e9voit notamment l&#8217;obligation du vouvoiement]. \u00bb<\/p>\n<p>A l&#8217;audience, ni la procureure ni l&#8217;agent judiciaire de l\u2019\u00c9tat n&#8217;en d\u00e9mordent : <em>\u00ab Dans les 13 cas, les contr\u00f4les ont ob\u00e9i aux r\u00e8gles du code de proc\u00e9dure p\u00e9nale. \u00bb <\/em> Circulez, il n&#8217;y a rien \u00e0 voir. Le parquet pr\u00e9conise donc de d\u00e9bouter les plaignants qui r\u00e9clament chacun 10.000 euros de dommages et int\u00e9r\u00eats. Les avocats d\u00e9noncent, eux, un <em>\u00ab maquillage l\u00e9gal \u00bb<\/em> qui permet de s&#8217;exon\u00e9rer des principes les plus fondamentaux inscrits dans la Constitution ou le droit europ\u00e9en. Ma\u00eetre de Belloy temp\u00eate contre l&#8217;absence de proc\u00e8s-verbal lors des contr\u00f4les &#8211; <em>\u00ab le seul acte de police sans trace \u00e9crite \u00bb<\/em> &#8211; et contre le recours syst\u00e9matique aux <em>\u00ab r\u00e9quisitions judiciaires \u00bb<\/em>. Elles autorisent les policiers \u00e0 contr\u00f4ler toutes les personnes, sur un territoire donn\u00e9, et donc \u00e0 couper \u00e0 l&#8217;obligation d&#8217;avoir des \u00e9l\u00e9ments probants justifiant leur acte. <em>\u00ab Ce qui \u00e9tait l&#8217;exception est devenu la r\u00e8gle. \u00bb<\/em> Une l\u00e9gitimation de l&#8217;arbitraire qui en fait voir de toutes les couleurs \u00e0 R\u00e9gis et Bocar.<div id='gallery-1' class='gallery galleryid-6860 gallery-columns-3 gallery-size-thumbnail'><figure class='gallery-item'>\n\t\t\t<div class='gallery-icon landscape'>\n\t\t\t\t<a href='https:\/\/archives.regards.fr\/wp-content\/uploads\/2013\/07\/fac-8f5.png'><img loading=\"lazy\" decoding=\"async\" width=\"150\" height=\"150\" src=\"https:\/\/archives.regards.fr\/wp-content\/uploads\/2013\/07\/fac-8f5-150x150.png\" class=\"attachment-thumbnail size-thumbnail\" alt=\"fac.png\" \/><\/a>\n\t\t\t<\/div><\/figure>\n\t\t<\/div>\n<\/p>\n","protected":false},"excerpt":{"rendered":"<p>Treize personnes attaquaient mercredi 3 juillet l&#8217;\u00c9tat pour des contr\u00f4les de police qu&#8217;elles jugent discriminatoires et humiliants. Le jugement a \u00e9t\u00e9 mis en d\u00e9lib\u00e9r\u00e9 au 2 octobre par le Tribunal de Grande Instance de Paris.<\/p>\n","protected":false},"author":1,"featured_media":18686,"comment_status":"open","ping_status":"open","sticky":false,"template":"","format":"standard","meta":{"_themeisle_gutenberg_block_has_review":false,"footnotes":""},"categories":[157],"tags":[329],"class_list":["post-6860","post","type-post","status-publish","format-standard","has-post-thumbnail","hentry","category-web","tag-forces-de-lordre"],"_links":{"self":[{"href":"https:\/\/archives.regards.fr\/index.php?rest_route=\/wp\/v2\/posts\/6860","targetHints":{"allow":["GET"]}}],"collection":[{"href":"https:\/\/archives.regards.fr\/index.php?rest_route=\/wp\/v2\/posts"}],"about":[{"href":"https:\/\/archives.regards.fr\/index.php?rest_route=\/wp\/v2\/types\/post"}],"author":[{"embeddable":true,"href":"https:\/\/archives.regards.fr\/index.php?rest_route=\/wp\/v2\/users\/1"}],"replies":[{"embeddable":true,"href":"https:\/\/archives.regards.fr\/index.php?rest_route=%2Fwp%2Fv2%2Fcomments&post=6860"}],"version-history":[{"count":0,"href":"https:\/\/archives.regards.fr\/index.php?rest_route=\/wp\/v2\/posts\/6860\/revisions"}],"wp:featuredmedia":[{"embeddable":true,"href":"https:\/\/archives.regards.fr\/index.php?rest_route=\/wp\/v2\/media\/18686"}],"wp:attachment":[{"href":"https:\/\/archives.regards.fr\/index.php?rest_route=%2Fwp%2Fv2%2Fmedia&parent=6860"}],"wp:term":[{"taxonomy":"category","embeddable":true,"href":"https:\/\/archives.regards.fr\/index.php?rest_route=%2Fwp%2Fv2%2Fcategories&post=6860"},{"taxonomy":"post_tag","embeddable":true,"href":"https:\/\/archives.regards.fr\/index.php?rest_route=%2Fwp%2Fv2%2Ftags&post=6860"}],"curies":[{"name":"wp","href":"https:\/\/api.w.org\/{rel}","templated":true}]}}