{"id":6852,"date":"2013-07-03T13:38:40","date_gmt":"2013-07-03T11:38:40","guid":{"rendered":"https:\/\/wp.muchomaas.com\/visite-en-soutien-a-l-expo-d-ahlam6852\/"},"modified":"2013-07-03T13:38:40","modified_gmt":"2013-07-03T11:38:40","slug":"visite-en-soutien-a-l-expo-d-ahlam6852","status":"publish","type":"post","link":"https:\/\/archives.regards.fr\/?p=6852","title":{"rendered":"Visite en soutien \u00e0 l&#8217;expo d&#8217;Ahlam Shibli au Jeu de Paume"},"content":{"rendered":"<p><strong>Communiqu\u00e9 de <a href=\"http:\/\/www.europalestine.com\/\">EuroPalestine<\/a> &#8211; <\/strong> Nous vous appelons \u00e0 venir visiter, ensemble et nombreux, l&#8217;exposition photos de l&#8217;artiste palestinienne Ahlam Shibli, ce dimanche 7 juillet \u00e0 15h, au <a href=\"http:\/\/www.jeudepaume.org\/\">Mus\u00e9e du jeu de Paume<\/a> \u00e0 Paris, pour emp\u00eacher une nouvelle fermeture du Mus\u00e9e, li\u00e9e aux menaces de la LDJ.<\/p>\n<p>Non au terrorisme de la LDJ contre le Mus\u00e9e du Jeu de Paume !<\/p>\n<p>Il est parfaitement inacceptable qu&#8217;un mus\u00e9e soit oblig\u00e9 de fermer ses portes en raison de menaces terroristes de bandes de nervis que le gouvernement se refuse \u00e0 dissoudre.<\/p>\n<p>De tr\u00e8s nombreuses personnes se sont d\u00e9plac\u00e9es en vain ce dimanche pour visiter l&#8217;exposition d&#8217;Ahlam Shibli, au Mus\u00e9e du Jeu de Paume dans le Jardin des Tuileries \u00e0 Paris, et ont trouv\u00e9 ses portes ferm\u00e9es, la LDJ ayant annonc\u00e9 une \u00ab descente \u00bb sur le mus\u00e9e !<\/p>\n<p>Le gouvernement n&#8217;ayant rien fait pour assurer la s\u00e9curit\u00e9 du mus\u00e9e et ayant laiss\u00e9 la LDJ d\u00e9verser sa hargne et ses incitations \u00e0 la haine et \u00e0 la violence, dimanche, Place de la Concorde (nous nous en souviendrons car le gouvernement interdit habituellement les manifestations de protestation \u00e0 cet endroit, qualifi\u00e9 de \u00ab sensible \u00bb par la pr\u00e9fecture !), la direction du Mus\u00e9e a d\u00fb fermer ses portes.<\/p>\n<p>Alertes \u00e0 la bombes, menaces de morts, injures r\u00e9p\u00e9t\u00e9es, que faut-il de plus \u00e0 MM. Vals et Hollande, pour dissoudre cette bande de malfaiteurs ? La ministre de la culture, Aur\u00e9lie Philipetti estime-t-elle que la culture et la libert\u00e9 d&#8217;expression passent apr\u00e8s les diktats de dangereux voyous qui incitent \u00e0 la haine et entravent l&#8217;acc\u00e8s \u00e0 une exposition qui est bien accueillie par tous les gens normaux qui vont la visiter ?<\/p>\n<p>Alors, la LDJ n&#8217;a qu&#8217;\u00e0 annoncer un \u00ab raid \u00bb tous les jours, et on fermera l&#8217;exposition d\u00e9finitivement ? Cela s&#8217;appelle encourager le terrorisme.<\/p>\n<p>Nous devons dire non a l&#8217;intimidation et oui au respect des oeuvres artistiques !<\/p>\n<p>C&#8217;est pourquoi nous vous appelons a venir visiter la tr\u00e8s belle et tr\u00e8s instructive expo photos d&#8217;alham shibli ce dimanche 7 juillet a 15 h<\/p>\n<p>Nous montrerons ainsi concr\u00e8tement notre soutien \u00e0 la direction du Mus\u00e9e du Jeu de Paume, face au harc\u00e8lement qu&#8217;elle subit.<\/p>\n<p>Adresse : Mus\u00e9e du Jeu de Paume. A l&#8217;int\u00e9rieur du jardin des Tuileries. Juste \u00e0 la sortie du M\u00b0 Concorde.<\/p>\n<p>Merci de votre pr\u00e9sence et de faire circuler le plus largement possible cette invitation et de vous lib\u00e9rer pour appr\u00e9cier une oeuvre qui m\u00e9rite le d\u00e9placement.<\/p>\n<p><a href=\"http:\/\/www.europalestine.com\/spip.php?article8435\">www.europalestine.com<\/a><\/p>\n<p><strong>Premiers signataires : <\/strong> CAPJPO-EuroPalestine, Nanterre Palestine, Enfants de Palestine, Droits Devant, Le Comit\u00e9 Salvador Am\u00e9rique Centrale, Association de palestiniens en Ile de France, PIR, Collectif Palestine 69, ISM France, Collectif Jud\u00e9o Arabe pour la Palestine, Civimed Initiatives OINGD Bassin m\u00e9diterran\u00e9en (m\u00e9diation et Droits de l&#8217;Homme, si\u00e8ge Strasbourg) &#8211; AIPPP (Assoc internationale pour Pr\u00e9servation Patrimoine Palestinien, si\u00e8ge Strasbourg) &#8211; Coordination de l&#8217;Appel de Strasbourg pour une paix juste au Proche-Orient&#8230;<\/p>\n","protected":false},"excerpt":{"rendered":"<p>Communiqu\u00e9 de EuroPalestine &#8211; Nous vous appelons \u00e0 venir visiter, ensemble et nombreux, l&#8217;exposition photos de l&#8217;artiste palestinienne Ahlam Shibli, ce dimanche 7 juillet \u00e0 15h, au Mus\u00e9e du jeu de Paume \u00e0 Paris, pour emp\u00eacher une nouvelle fermeture du Mus\u00e9e, li\u00e9e aux menaces de la LDJ. Non au terrorisme de la LDJ contre le [&hellip;]<\/p>\n","protected":false},"author":643,"featured_media":18675,"comment_status":"open","ping_status":"open","sticky":false,"template":"","format":"standard","meta":{"_themeisle_gutenberg_block_has_review":false,"footnotes":""},"categories":[152],"tags":[],"class_list":["post-6852","post","type-post","status-publish","format-standard","has-post-thumbnail","hentry","category-agenda-militant"],"_links":{"self":[{"href":"https:\/\/archives.regards.fr\/index.php?rest_route=\/wp\/v2\/posts\/6852","targetHints":{"allow":["GET"]}}],"collection":[{"href":"https:\/\/archives.regards.fr\/index.php?rest_route=\/wp\/v2\/posts"}],"about":[{"href":"https:\/\/archives.regards.fr\/index.php?rest_route=\/wp\/v2\/types\/post"}],"author":[{"embeddable":true,"href":"https:\/\/archives.regards.fr\/index.php?rest_route=\/wp\/v2\/users\/643"}],"replies":[{"embeddable":true,"href":"https:\/\/archives.regards.fr\/index.php?rest_route=%2Fwp%2Fv2%2Fcomments&post=6852"}],"version-history":[{"count":0,"href":"https:\/\/archives.regards.fr\/index.php?rest_route=\/wp\/v2\/posts\/6852\/revisions"}],"wp:featuredmedia":[{"embeddable":true,"href":"https:\/\/archives.regards.fr\/index.php?rest_route=\/wp\/v2\/media\/18675"}],"wp:attachment":[{"href":"https:\/\/archives.regards.fr\/index.php?rest_route=%2Fwp%2Fv2%2Fmedia&parent=6852"}],"wp:term":[{"taxonomy":"category","embeddable":true,"href":"https:\/\/archives.regards.fr\/index.php?rest_route=%2Fwp%2Fv2%2Fcategories&post=6852"},{"taxonomy":"post_tag","embeddable":true,"href":"https:\/\/archives.regards.fr\/index.php?rest_route=%2Fwp%2Fv2%2Ftags&post=6852"}],"curies":[{"name":"wp","href":"https:\/\/api.w.org\/{rel}","templated":true}]}}