{"id":6850,"date":"2013-07-03T11:09:26","date_gmt":"2013-07-03T09:09:26","guid":{"rendered":"https:\/\/wp.muchomaas.com\/francois-lamy-sur-bondy-blog-cafe6850\/"},"modified":"2023-06-23T23:15:01","modified_gmt":"2023-06-23T21:15:01","slug":"francois-lamy-sur-bondy-blog-cafe6850","status":"publish","type":"post","link":"https:\/\/archives.regards.fr\/?p=6850","title":{"rendered":"Fran\u00e7ois Lamy invit\u00e9 de Bondy Blog Caf\u00e9"},"content":{"rendered":"<p class=\"post_excerpt\">Une \u00e9mission (55mn) pr\u00e9sent\u00e9e par Nordine Nabili, LCP. Invit\u00e9 : Fran\u00e7ois Lamy, ministre d\u00e9l\u00e9gu\u00e9 charg\u00e9 de la Ville (PS), le 30 juin 2013.<\/p>\n<p><iframe loading=\"lazy\" frameborder=\"0\" width=\"460\" height=\"270\" src=\"http:\/\/www.dailymotion.com\/embed\/video\/x11cvts\"><\/iframe><br \/>\n<a href=\"http:\/\/www.lcp.fr\/emissions\/bondy-blog-cafe\/vod\/149016-bondy-blog-cafe\">www.lcp.fr<\/a><div id='gallery-1' class='gallery galleryid-6850 gallery-columns-3 gallery-size-thumbnail'><figure class='gallery-item'>\n\t\t\t<div class='gallery-icon landscape'>\n\t\t\t\t<a href='https:\/\/archives.regards.fr\/wp-content\/uploads\/2013\/07\/lamy-805.jpg'><img loading=\"lazy\" decoding=\"async\" width=\"150\" height=\"150\" src=\"https:\/\/archives.regards.fr\/wp-content\/uploads\/2013\/07\/lamy-805-150x150.jpg\" class=\"attachment-thumbnail size-thumbnail\" alt=\"lamy.jpg\" \/><\/a>\n\t\t\t<\/div><\/figure>\n\t\t<\/div>\n<\/p>\n","protected":false},"excerpt":{"rendered":"<p>Une \u00e9mission (55mn) pr\u00e9sent\u00e9e par Nordine Nabili, LCP. Invit\u00e9 : Fran\u00e7ois Lamy, ministre d\u00e9l\u00e9gu\u00e9 charg\u00e9 de la Ville (PS), le 30 juin 2013.<\/p>\n","protected":false},"author":643,"featured_media":18671,"comment_status":"open","ping_status":"open","sticky":false,"template":"","format":"standard","meta":{"_themeisle_gutenberg_block_has_review":false,"footnotes":""},"categories":[279],"tags":[],"class_list":["post-6850","post","type-post","status-publish","format-standard","has-post-thumbnail","hentry","category-videos"],"_links":{"self":[{"href":"https:\/\/archives.regards.fr\/index.php?rest_route=\/wp\/v2\/posts\/6850","targetHints":{"allow":["GET"]}}],"collection":[{"href":"https:\/\/archives.regards.fr\/index.php?rest_route=\/wp\/v2\/posts"}],"about":[{"href":"https:\/\/archives.regards.fr\/index.php?rest_route=\/wp\/v2\/types\/post"}],"author":[{"embeddable":true,"href":"https:\/\/archives.regards.fr\/index.php?rest_route=\/wp\/v2\/users\/643"}],"replies":[{"embeddable":true,"href":"https:\/\/archives.regards.fr\/index.php?rest_route=%2Fwp%2Fv2%2Fcomments&post=6850"}],"version-history":[{"count":0,"href":"https:\/\/archives.regards.fr\/index.php?rest_route=\/wp\/v2\/posts\/6850\/revisions"}],"wp:featuredmedia":[{"embeddable":true,"href":"https:\/\/archives.regards.fr\/index.php?rest_route=\/wp\/v2\/media\/18671"}],"wp:attachment":[{"href":"https:\/\/archives.regards.fr\/index.php?rest_route=%2Fwp%2Fv2%2Fmedia&parent=6850"}],"wp:term":[{"taxonomy":"category","embeddable":true,"href":"https:\/\/archives.regards.fr\/index.php?rest_route=%2Fwp%2Fv2%2Fcategories&post=6850"},{"taxonomy":"post_tag","embeddable":true,"href":"https:\/\/archives.regards.fr\/index.php?rest_route=%2Fwp%2Fv2%2Ftags&post=6850"}],"curies":[{"name":"wp","href":"https:\/\/api.w.org\/{rel}","templated":true}]}}