{"id":6835,"date":"2013-06-27T13:06:03","date_gmt":"2013-06-27T11:06:03","guid":{"rendered":"https:\/\/wp.muchomaas.com\/marche-et-nuit-des-mal-loges-des6835\/"},"modified":"2013-06-27T13:06:03","modified_gmt":"2013-06-27T11:06:03","slug":"marche-et-nuit-des-mal-loges-des6835","status":"publish","type":"post","link":"https:\/\/archives.regards.fr\/?p=6835","title":{"rendered":"Marche et nuit des mal log\u00e9s des sans logis, des DALOs"},"content":{"rendered":"<p class=\"post_excerpt\">Dimanche 30 juin, 14h, Palais Royal (ligne 1 et 7)<\/p>\n<p>Communiqu\u00e9 de <a href=\"http:\/\/droitaulogement.org\/\">Droit au logement<\/a> &#8211; Nous faisons aujourd&#8217;hui le triste constat : responsables politiques au pouvoir , pouvoirs publics ou acteurs du logement, ne feront rien pour sortir les mal log\u00e9s et les sans logis de leur pr\u00e9carit\u00e9 et de leur taudis. L&#8217;avant projet de loi Duflot, (selon la version qui a \u00e9t\u00e9 rendue publique) le confirme.<\/p>\n<p>Il est encore perfectible. Le drame de Saint Ouen l&#8217;Aum\u00f4ne o\u00f9 2 enfants de familles sans logis ballot\u00e9s dans des h\u00f4tels, loin de tout , lorsque l&#8217;on n&#8217;a pas de voiture, nous le rappel tragiquement.<\/p>\n<p>Droit Au Logement apporte sa solidarit\u00e9 aux victimes et exige leur relogement imm\u00e9diat et durable, conform\u00e9ment \u00e0 la loi.<\/p>\n<p>Les politiques du logement actuelles, n&#8217;ont m\u00eame pas l&#8217;ambition affich\u00e9e de mettre en \u0153uvre les lois et les droits existants des mal log\u00e9s et des sans logis&#8230;<\/p>\n<p>C&#8217;est pourquoi nous appelons \u00e0 marcher pour :<\/p>\n<ul>\n<li> \u2022 Le relogement des prioritaires DALO oubli\u00e9s des pouvoirs publi cs, et stigmatis\u00e9s par les bailleurs et les collectivit\u00e9s, et renforcement de la loi ;<\/li>\n<li> \u2022 L&#8217;arr\u00eat imm\u00e9diat des expulsions sans relogement, et des \u00e9vacuations de bidonvilles, sans solution alternative accept\u00e9e par les habitants ;<\/li>\n<li> \u2022 L&#8217;h\u00e9bergement des sans abris e t maintien jusqu&#8217;au relogement en conformit\u00e9 avec la loi<\/li>\n<li> \u2022 La mobilisation et r\u00e9quisition de 100 000 logements et locaux vacants , tout de suite !<\/li>\n<li> \u2022 La baisse des loyers et des charges de 20% dans le priv\u00e9, et en HLM avec rel\u00e8vement des APL , l a r\u00e9alisation annuelle de 150 000 logements vraiment sociaux Marre des promesses non tenue, et des lois inappliqu\u00e9es !<\/li>\n<\/ul>\n<p>Marre des profiteurs, des expulseurs , des h\u00f4tels et des foyers !<br \/>\nMarre des logements vides et des expulsions !<\/p>\n<p>Marche soutenue par : Josiane Balasko , Guy Bedos, Mgr Gaillot&#8230;<\/p>\n<p><a href=\"http:\/\/droitaulogement.org\/\">http:\/\/droitaulogement.org<\/a><\/p>\n","protected":false},"excerpt":{"rendered":"<p>Dimanche 30 juin, 14h, Palais Royal (ligne 1 et 7)<\/p>\n","protected":false},"author":643,"featured_media":0,"comment_status":"open","ping_status":"open","sticky":false,"template":"","format":"standard","meta":{"_themeisle_gutenberg_block_has_review":false,"footnotes":""},"categories":[152],"tags":[],"class_list":["post-6835","post","type-post","status-publish","format-standard","hentry","category-agenda-militant"],"_links":{"self":[{"href":"https:\/\/archives.regards.fr\/index.php?rest_route=\/wp\/v2\/posts\/6835","targetHints":{"allow":["GET"]}}],"collection":[{"href":"https:\/\/archives.regards.fr\/index.php?rest_route=\/wp\/v2\/posts"}],"about":[{"href":"https:\/\/archives.regards.fr\/index.php?rest_route=\/wp\/v2\/types\/post"}],"author":[{"embeddable":true,"href":"https:\/\/archives.regards.fr\/index.php?rest_route=\/wp\/v2\/users\/643"}],"replies":[{"embeddable":true,"href":"https:\/\/archives.regards.fr\/index.php?rest_route=%2Fwp%2Fv2%2Fcomments&post=6835"}],"version-history":[{"count":0,"href":"https:\/\/archives.regards.fr\/index.php?rest_route=\/wp\/v2\/posts\/6835\/revisions"}],"wp:attachment":[{"href":"https:\/\/archives.regards.fr\/index.php?rest_route=%2Fwp%2Fv2%2Fmedia&parent=6835"}],"wp:term":[{"taxonomy":"category","embeddable":true,"href":"https:\/\/archives.regards.fr\/index.php?rest_route=%2Fwp%2Fv2%2Fcategories&post=6835"},{"taxonomy":"post_tag","embeddable":true,"href":"https:\/\/archives.regards.fr\/index.php?rest_route=%2Fwp%2Fv2%2Ftags&post=6835"}],"curies":[{"name":"wp","href":"https:\/\/api.w.org\/{rel}","templated":true}]}}