{"id":6822,"date":"2013-08-05T09:00:00","date_gmt":"2013-08-05T07:00:00","guid":{"rendered":"https:\/\/wp.muchomaas.com\/hollande-un-an-et-toutes-nos-dents6822\/"},"modified":"2023-06-23T23:14:57","modified_gmt":"2023-06-23T21:14:57","slug":"hollande-un-an-et-toutes-nos-dents6822","status":"publish","type":"post","link":"https:\/\/archives.regards.fr\/?p=6822","title":{"rendered":"Hollande : un an et toutes nos dents"},"content":{"rendered":"<p>Sans doute est-ce l\u2019alternance de trop. Un coup \u00e0 droite, un coup \u00e0 gauche,<br \/>\npuis \u00e0 droite, puis \u00e0 gauche et puis l\u2019on ne sait plus, tant les politiques finissent<br \/>\npar se suivre et se ressembler. \u00c0 se demander ce que peut encore la politique<br \/>\npour nos vies, \u00e0 part les indexer sur le cours de la bourse, vid\u00e9osurveillance \u00e0<br \/>\nl\u2019appui\u2026 En mai dernier, les Fran\u00e7ais ont chass\u00e9 Nicolas Sarkozy, sans grand<br \/>\nespoir de changement mais avec soulagement. Un an plus tard, c\u2019est peu dire<br \/>\nque le peuple de gauche n\u2019en a pas pour son vote. Le p\u00e9ch\u00e9 originel de Fran\u00e7ois<br \/>\nHollande ? La signature avec Angela Merkel du trait\u00e9 concoct\u00e9 par son pr\u00e9d\u00e9cesseur.<\/p>\n<p>Une capitulation sans combat qui a mis la puce \u00e0 l\u2019oreille sur le cap<br \/>\ndu gouvernement et la France dans les clous de la rigueur. L\u2019affrontement avec<br \/>\nle monde de la finance, mim\u00e9 un jour de campagne \u00e9lectoral au Bourget, est<br \/>\nd\u2019embl\u00e9e remis\u00e9 aux calendes grecques. S\u2019ensuivent la chasse aux Roms et les<br \/>\ncadeaux aux pigeons : la messe est dite. Et pourtant, nous n\u2019avons \u00e0 l\u2019automne<br \/>\nencore rien vu. Car, en quelques semaines, le gouvernement montre un visage<br \/>\nd\u2019une violence sociale et d\u00e9mocratique inattendue, m\u00eame par celles et ceux qui<br \/>\nl\u2019attendaient au tournant : l\u2019affaire Cahuzac, le vote de l\u2019ANI et le rejet de l\u2019amnistie<br \/>\nbalaient l\u2019esprit public et le minimum syndical d\u2019une orientation de gauche.<br \/>\nL\u2019arrogance du ministre du Budget qui venait faire la le\u00e7on de rigueur sur les<br \/>\nplateaux t\u00e9l\u00e9 et mentait devant l\u2019Assembl\u00e9e nationale a mis \u00e0 nu un syst\u00e8me<br \/>\noligarchique profond\u00e9ment n\u00e9faste. La reprise par le gouvernement d\u2019un texte<br \/>\nminoritaire chez les salari\u00e9s, dict\u00e9 par le Medef et soutenu par la CFDT, a inscrit<br \/>\ndans le droit des r\u00e9gressions sociales inou\u00efes favorisant la pr\u00e9carit\u00e9, la flexibilit\u00e9,<br \/>\nles licenciements collectifs. Sarkozy a r\u00eav\u00e9 de casser davantage le droit du travail.<br \/>\nHollande le fait. Ou comment voir l\u2019est en ouest. Et le coup de gr\u00e2ce, c\u2019est le<br \/>\nrejet du vote sur l\u2019amnistie sociale. Un projet adopt\u00e9 au S\u00e9nat mais rejet\u00e9 par un<br \/>\ngouvernement qui tourne le dos \u00e0 sa base historique. Comme si des conqu\u00eates<br \/>\nsociales avaient eu lieu dans l\u2019histoire sans un minimum de contestation, d\u2019affrontement<br \/>\nentre travailleurs et patronat. Comme si les syndicalistes \u00e9taient des<br \/>\nvoyous et non des d\u00e9fenseurs acharn\u00e9s des vaincus du syst\u00e8me. Ce bilan n\u2019est<br \/>\nen rien une bonne nouvelle. Toute la gauche r\u00e9gresse quand une partie d\u2019entre<br \/>\nelle vire \u00e0 droite. Reste \u00e0 savoir non pas si mais quand l\u2019esp\u00e9rance rena\u00eetra \u00e0<br \/>\ngauche pour qu\u2019une autre majorit\u00e9 politique, sociale et culturelle donne le la au<br \/>\nservice de l\u2019\u00e9mancipation humaine.<div id='gallery-1' class='gallery galleryid-6822 gallery-columns-3 gallery-size-thumbnail'><figure class='gallery-item'>\n\t\t\t<div class='gallery-icon landscape'>\n\t\t\t\t<a href='https:\/\/archives.regards.fr\/wp-content\/uploads\/2013\/07\/hol-673.png'><img loading=\"lazy\" decoding=\"async\" width=\"150\" height=\"150\" src=\"https:\/\/archives.regards.fr\/wp-content\/uploads\/2013\/07\/hol-673-150x150.png\" class=\"attachment-thumbnail size-thumbnail\" alt=\"hol.png\" \/><\/a>\n\t\t\t<\/div><\/figure>\n\t\t<\/div>\n<\/p>\n","protected":false},"excerpt":{"rendered":"<p>Sans doute est-ce l\u2019alternance de trop. Un coup \u00e0 droite, un coup \u00e0 gauche, puis \u00e0 droite, puis \u00e0 gauche et puis l\u2019on ne sait plus, tant les politiques finissent par se suivre et se ressembler. \u00c0 se demander ce que peut encore la politique pour nos vies, \u00e0 part les indexer sur le cours [&hellip;]<\/p>\n","protected":false},"author":570,"featured_media":18625,"comment_status":"open","ping_status":"open","sticky":false,"template":"","format":"standard","meta":{"_themeisle_gutenberg_block_has_review":false,"footnotes":""},"categories":[1],"tags":[328],"class_list":["post-6822","post","type-post","status-publish","format-standard","has-post-thumbnail","hentry","category-non-classe","tag-editorial"],"_links":{"self":[{"href":"https:\/\/archives.regards.fr\/index.php?rest_route=\/wp\/v2\/posts\/6822","targetHints":{"allow":["GET"]}}],"collection":[{"href":"https:\/\/archives.regards.fr\/index.php?rest_route=\/wp\/v2\/posts"}],"about":[{"href":"https:\/\/archives.regards.fr\/index.php?rest_route=\/wp\/v2\/types\/post"}],"author":[{"embeddable":true,"href":"https:\/\/archives.regards.fr\/index.php?rest_route=\/wp\/v2\/users\/570"}],"replies":[{"embeddable":true,"href":"https:\/\/archives.regards.fr\/index.php?rest_route=%2Fwp%2Fv2%2Fcomments&post=6822"}],"version-history":[{"count":0,"href":"https:\/\/archives.regards.fr\/index.php?rest_route=\/wp\/v2\/posts\/6822\/revisions"}],"wp:featuredmedia":[{"embeddable":true,"href":"https:\/\/archives.regards.fr\/index.php?rest_route=\/wp\/v2\/media\/18625"}],"wp:attachment":[{"href":"https:\/\/archives.regards.fr\/index.php?rest_route=%2Fwp%2Fv2%2Fmedia&parent=6822"}],"wp:term":[{"taxonomy":"category","embeddable":true,"href":"https:\/\/archives.regards.fr\/index.php?rest_route=%2Fwp%2Fv2%2Fcategories&post=6822"},{"taxonomy":"post_tag","embeddable":true,"href":"https:\/\/archives.regards.fr\/index.php?rest_route=%2Fwp%2Fv2%2Ftags&post=6822"}],"curies":[{"name":"wp","href":"https:\/\/api.w.org\/{rel}","templated":true}]}}