{"id":6815,"date":"2013-06-28T15:00:00","date_gmt":"2013-06-28T13:00:00","guid":{"rendered":"https:\/\/wp.muchomaas.com\/nicolas-truong-la-societe-est-en6815\/"},"modified":"2023-06-23T23:14:56","modified_gmt":"2023-06-23T21:14:56","slug":"nicolas-truong-la-societe-est-en6815","status":"publish","type":"post","link":"https:\/\/archives.regards.fr\/?p=6815","title":{"rendered":"Nicolas Truong : \u00ab La soci\u00e9t\u00e9 est en \u00e9tat de commun d\u00e9pass\u00e9 \u00bb"},"content":{"rendered":"<p class=\"post_excerpt\">Nicolas Truong est directeur des pages \u00ab Id\u00e9es-d\u00e9bats \u00bb<br \/>\ndu <em>Monde<\/em>. Et voici qu\u2019il publie une s\u00e9rie d\u2019entretiens<br \/>\nd\u00e9tonants, recueillis au festival d\u2019Avignon o\u00f9 il anime le<br \/>\nTh\u00e9\u00e2tre des id\u00e9es. Dans <em>R\u00e9sistances intellectuelles. Les<br \/>\ncombats de la pens\u00e9e critique<\/em>, se croisent ainsi Jacques<br \/>\nRanci\u00e8re, Jean-Luc Nancy, Fran\u00e7oise H\u00e9ritier, Bernard<br \/>\nStiegler, Fr\u00e9d\u00e9ric Lordon, Pierre Rosanvallon, Fran\u00e7ois<br \/>\nCusset, Edgard Morin ou encore Michel Onfray.<br \/>\nUn recueil passionnant, facile d\u2019acc\u00e8s, dont nous parle<br \/>\nici le metteur en sc\u00e8ne des id\u00e9es.<\/p>\n<p><strong>Regards.fr.<\/strong> <em> <strong>D\u2019o\u00f9 vient l\u2019id\u00e9e de ce livre ?<\/strong> <\/em><\/p>\n<p><strong>Nicolas Truong.<\/strong> Ce recueil est issu<br \/>\nd\u2019un travail men\u00e9 de 2004 \u00e0 2012 aux<br \/>\nrencontres du Th\u00e9\u00e2tre des id\u00e9es. Quand<br \/>\nils ont pris la direction du Festival, apr\u00e8s<br \/>\nl\u2019annulation du festival de 2003 (ce qui<br \/>\nn\u2019\u00e9tait pas arriv\u00e9 depuis 1968), Hortense<br \/>\nArchambault et Vincent Baudriller<br \/>\nm\u2019ont demand\u00e9 de r\u00e9fl\u00e9chir \u00e0 ce que<br \/>\npourrait \u00eatre une sc\u00e8ne de la pens\u00e9e \u00e0<br \/>\nAvignon. Leur projet, c\u2019\u00e9tait notamment<br \/>\nd\u2019associer un artiste au festival chaque<br \/>\nann\u00e9e de fa\u00e7on \u00e0 colorer chaque \u00e9dition.<br \/>\nLa premi\u00e8re ann\u00e9e, en 2004, l\u2019artiste<br \/>\nassoci\u00e9 d\u00e9sign\u00e9 fut Thomas Ostermeier,<br \/>\nun metteur en sc\u00e8ne allemand qui porte<br \/>\nla critique sociale contemporaine. L\u2019id\u00e9e<br \/>\ndes codirecteurs, c\u2019\u00e9tait que le Festival<br \/>\nredevienne un lieu de parole, de critique<br \/>\ndu monde, et que les intellectuels<br \/>\nreviennent au th\u00e9\u00e2tre. Ils m\u2019ont demand\u00e9<br \/>\nde cr\u00e9er un espace pour \u00e7a, pour aider<br \/>\n\u00e0 d\u00e9poussi\u00e9rer et \u00e0 mettre en relation.<br \/>\nJ\u2019ai invit\u00e9 Jacques Derrida autour d\u2019une<br \/>\nquestion : l\u2019Europe. Ces rencontres,<br \/>\nc\u2019est du jazz intellectuel, tr\u00e8s pr\u00e9par\u00e9. Derrida a fait une lettre, qu\u2019il a<br \/>\nlue de fa\u00e7on th\u00e9\u00e2trale. Depuis, ces rencontres<br \/>\ncherchent \u00e0 lier les th\u00e9matiques<br \/>\nqui traversent la sc\u00e8ne contemporaine,<br \/>\nque l\u2019on voit \u00e0 Avignon, et les grandes<br \/>\nquestions sociales et politiques du moment.<br \/>\nCe qui veut dire que, pour lire ce<br \/>\nlivre, on n\u2019a pas besoin d\u2019\u00eatre all\u00e9 \u00e0 Avignon.<br \/>\nC\u2019est une sorte d\u2019introduction \u00e0 la<br \/>\npens\u00e9e critique contemporaine.<\/p>\n<p><em> <strong>Selon quelle logique avez-vous rassembl\u00e9 ces trente et un penseurs ?<\/strong> <\/em><\/p>\n<p>Ce qui les rassemble, c\u2019est de faire<br \/>\nvivre la pens\u00e9e critique, c\u2019est-\u00e0-dire une<br \/>\nmani\u00e8re de soumettre la r\u00e9alit\u00e9 et les<br \/>\nth\u00e9ories dominantes au tamis du jugement<br \/>\nargument\u00e9. Je n\u2019ignore pas que la<br \/>\npens\u00e9e critique, telle que d\u00e9finie par Razmig<br \/>\nKeucheyan par exemple, est souvent<br \/>\ncantonn\u00e9e au marxisme et \u00e0 l\u2019anticapitalisme,<br \/>\ndans la lign\u00e9e de l\u2019\u00e9cole de Francfort.<br \/>\nMais c\u2019est oublier que Theordor W.<br \/>\nAdorno, Max Horkheimer et leurs amis<br \/>\nn\u2019\u00e9taient pas que marxistes et anticapitalistes.<br \/>\nCe qui les distinguait des autres<br \/>\nmarxistes, c\u2019est qu\u2019ils interrogeaient<br \/>\nle point de vue m\u00eame de l\u2019intellectuel,<br \/>\navant Pierre Bourdieu. Ils \u00e9tudiaient la<br \/>\nposition du chercheur par rapport \u00e0 son<br \/>\nobjet, remettant en cause leur propre<br \/>\nposition. Ils s\u2019int\u00e9ressaient \u00e0 la musique, \u00e0 l\u2019industrie culturelle, \u00e0 la psychologie.<br \/>\nLa pens\u00e9e critique, je la prends donc<br \/>\nau sens \u00e9largi : la facult\u00e9 de juger et de<br \/>\nne pas partir de pr\u00e9suppos\u00e9s. Ce qui<br \/>\nlie ces trente-et-un penseurs, c\u2019est leur<br \/>\ncapacit\u00e9 \u00e0 comprendre les choses dans<br \/>\nla globalit\u00e9, leur radicalit\u00e9, c\u2019est-\u00e0-dire<br \/>\nselon l\u2019\u00e9tymologie une r\u00e9flexion allant \u00e0<br \/>\nla racine des choses. Ils n\u2019ont pas peur<br \/>\nde penser le tout \u00e0 partir d\u2019une question.<br \/>\nIls ne sont pas satisfaits de l\u2019ordre actuel<br \/>\ndes choses et cherchent des voies pour<br \/>\ninventer d\u2019autres mondes ou au moins<br \/>\nd\u2019autres fa\u00e7ons de les appr\u00e9hender.<\/p>\n<p><em> <strong>Qu\u2019est-ce qui vous a frapp\u00e9 dans ce qui est commun entre eux ?<\/strong> <\/em><\/p>\n<p>C\u2019est pr\u00e9cis\u00e9ment le commun !<br \/>\nCette recherche de la fabrique du commun.<br \/>\nLa difficult\u00e9 \u00e0 y parvenir est point\u00e9e<br \/>\npartout. Qu\u2019on ait \u00e9t\u00e9 communiste ou<br \/>\npas, qu\u2019on soit artiste ou pas, la soci\u00e9t\u00e9<br \/>\na mal \u00e0 son commun. Elle est en \u00e9tat de<br \/>\n\u00ab commun d\u00e9pass\u00e9 \u00bb. On voit bien que<br \/>\n\u00e7a coince \u00e0 tous les niveaux sur ce qui<br \/>\nfait que les gens tiennent ensemble. Matthieu<br \/>\nPotte-Bonneville et Sophie Wannich<br \/>\ntraitent des \u00ab affaires \u00bb qui r\u00e9v\u00e8lent combien<br \/>\nles fondamentaux d\u00e9mocratiques<br \/>\nont vol\u00e9 en \u00e9clat. Plus grand monde n\u2019a<br \/>\nle sentiment de participer \u00e0 une aventure<br \/>\ncollective. On a l\u2019impression que le projet<br \/>\ncommun, ce qui f\u00e9d\u00e8re une nation,<br \/>\nun pays, un parti, une \u00e9cole se dissout<br \/>\nau profit d\u2019individualit\u00e9s qui cherchent<br \/>\n\u00e0 tirer leur \u00e9pingle du jeu parce que ce<br \/>\nqui fait sens s\u2019est relativis\u00e9. Qu\u2019est-ce<br \/>\nqui peut faire commun aujourd\u2019hui apr\u00e8s<br \/>\nl\u2019effondrement du communisme et \u00e0 l\u2019\u00e8re<br \/>\nde ce que l\u2019on appelle \u00ab l\u2019individualisme \u00bb<br \/>\nou le \u00ab communautarisme \u00bb ? Avec sa<br \/>\nproposition de \u00ab l\u2019\u00eatre-avec \u00bb, Jean-Luc<br \/>\nNancy cherche cette voie d\u2019un commun<br \/>\n\u00e0 l\u2019heure de la communaut\u00e9 d\u00e9soeuvr\u00e9e.<br \/>\nAlors qu\u2019ils n\u2019appartiennent pas au<br \/>\nm\u00eame courant philosophico-politique,<br \/>\nPierre Rosanvallon et Yves Sintomer ne<br \/>\nsont pas si loin en cherchant \u00e0 r\u00e9pondre<br \/>\n\u00e0 la m\u00eame question.<\/p>\n<p><em> <strong>Le mot catastrophe revient de<br \/>\nnombreuses fois. Est-ce que tous ces<br \/>\nintellectuels d\u00e9peignent un monde<br \/>\nqui bascule ou qui est d\u00e9j\u00e0 dans la<br \/>\ncatastrophe ?<\/strong> <\/em><\/p>\n<p>Oui, une partie d\u2019entre eux appartient<br \/>\nou a \u00e9t\u00e9 travers\u00e9e par cette analyse<br \/>\ncatastrophiste, de Walter Benjamin \u00e0<br \/>\nGiorgio Agamben en passant par Guy<br \/>\nDebord ou Julien Coupat. Mais tous, je<br \/>\ncrois, d\u00e9passent le stade du constat de la catastrophe \u00e9cologique, mentale,<br \/>\nd\u00e9mocratique. Pour y r\u00e9pondre, certains<br \/>\ncomme Jacques Bouveresse ou Alain<br \/>\nBadiou proposent une r\u00e9ponse relevant<br \/>\nde la critique rationaliste, d\u2019autres comme<br \/>\nJacques Ranci\u00e8re ou Pierre Rosanvallon<br \/>\npartent d\u2019une critique d\u00e9mocratique,<br \/>\nd\u2019autres encore comme Annie Lebrun<br \/>\nd\u00e9veloppent une critique par l\u2019analogie,<br \/>\nc\u2019est-\u00e0-dire les correspondances entre<br \/>\ndes ph\u00e9nom\u00e8nes apparemment tr\u00e8s<br \/>\n\u00e9loign\u00e9s \u2013 chirurgie esth\u00e9tique et relookage<br \/>\ndes villes, destruction de la for\u00eat<br \/>\namazonienne et amoindrissement imaginaire<br \/>\noccidental, par exemple. M\u00eame si<br \/>\nbeaucoup pensent que la situation est<br \/>\ntr\u00e8s noire et le filet de lumi\u00e8re difficile \u00e0<br \/>\ntrouver, ils sont anim\u00e9s par une r\u00e9volte,<br \/>\nune col\u00e8re, une id\u00e9e. Il y a du souffle.<\/p>\n<p><em> <strong>Vous parlez de service public des<br \/>\nid\u00e9es. Qu\u2019entendez-vous par l\u00e0 ?<\/strong> <\/em><\/p>\n<p>Je pense \u00e0 Jean Vilar qui disait que<br \/>\nle th\u00e9\u00e2tre devait \u00eatre un service public,<br \/>\n<em>\u00ab comme l\u2019eau, le gaz et l\u2019\u00e9lectricit\u00e9 \u00bb<\/em>.<br \/>\nJe pense qu\u2019il faut un service public des<br \/>\nid\u00e9es, pas con\u00e7u comme une pens\u00e9e<br \/>\nd\u2019\u00c9tat ou qui servirait de l\u00e9gitimation \u00e0<br \/>\nune programmation culturelle. On peut<br \/>\nconsid\u00e9rer qu\u2019il devrait exister un acc\u00e8s<br \/>\nlibre et partag\u00e9 \u00e0 l\u2019intellectualit\u00e9.<\/p>\n<p><em> <strong>Et maintenant, vous pr\u00e9parez une<br \/>\npi\u00e8ce de th\u00e9\u00e2tre ?<\/strong> <\/em><\/p>\n<p>Oui. Je l\u2019ai con\u00e7u \u00e0 partir d\u2019un<br \/>\ncollage de textes d\u2019une vingtaine d\u2019auteurs<br \/>\nde la pens\u00e9e critique. Cette pi\u00e8ce<br \/>\ns\u2019appelle Projet Luciole. J\u2019ai ainsi mis en<br \/>\nsc\u00e8ne Foucault, Deleuze, Ranci\u00e8re, Lyotard,<br \/>\nAdorno, Orwell, Baudrillard, Pasolini,<br \/>\nAgamben\u2026 Cette histoire raconte<br \/>\ntoutes les histoires possibles de la pens\u00e9e<br \/>\ncritique mais aussi celle de la luciole.<br \/>\nEn 1941, Pasolini a \u00e9crit une tr\u00e8s belle<br \/>\nlettre \u00e0 propos d\u2019un bosquet de lucioles<br \/>\nqu\u2019il a vu dans une nuit merveilleuse et<br \/>\nsymbolisait pour lui l\u2019amiti\u00e9, l\u2019amour, la<br \/>\nr\u00e9sistance, le partage, la politique. En<br \/>\nface, il y avait les projecteurs du fascisme<br \/>\ntriomphant. Pasolini raconte cette<br \/>\nnuit dans une lettre priv\u00e9e. Plus tard,<br \/>\nen 1975, dans <em>Il Corriere de la sera<\/em>, il<br \/>\npublie l\u2019article des lucioles, dans lequel<br \/>\nil dit en substance que les lucioles ont disparu de la nuit italienne car la pollution<br \/>\nles a chass\u00e9es et la modernit\u00e9 a<br \/>\ntout d\u00e9truit. Or, avant, pendant et apr\u00e8s,<br \/>\nune grande partie de la pens\u00e9e critique<br \/>\navait dit la m\u00eame chose, que les lucioles<br \/>\navaient disparu, que l\u2019exp\u00e9rience est<br \/>\nd\u00e9truite par le monde moderne. En fait,<br \/>\ntous les courants de la pens\u00e9e critique<br \/>\n\u00e9taient travers\u00e9s par ce jeu d\u2019ombres et<br \/>\nde lumi\u00e8res. La critique d\u00e9constructionniste<br \/>\nde Derrida nous dit que, \u00e0 force de<br \/>\ntout vouloir rendre \u00e0 la raison, la philosophie<br \/>\ndes Lumi\u00e8res nous a aveugl\u00e9s et<br \/>\nl\u2019on aurait perdu, oubli\u00e9 quelque chose.<br \/>\nIl faudrait donc tamiser la lumi\u00e8re et aller<br \/>\nchercher dans les marges. La th\u00e9orie critique<br \/>\nde Francfort, c\u2019est du m\u00eame ordre.<br \/>\nLa critique d\u00e9mocratique, avec Jacques<br \/>\nRanci\u00e8re, nous a dit que les prol\u00e9taires<br \/>\ndes ann\u00e9es 1830 et 1840 voulaient que<br \/>\nla nuit leur appartienne pour cr\u00e9er, \u00e9crire,<br \/>\nfaire du th\u00e9\u00e2tre. C\u2019est la nuit qu\u2019on atteint<br \/>\nles lumi\u00e8res, et non en \u00e9coutant la<br \/>\njourn\u00e9e les grands intellectuels \u00e9clair\u00e9s<br \/>\nqui les guident parce que les prol\u00e9taires<br \/>\nsont eux aussi des intellectuels. Pour le<br \/>\ncourant rationaliste de Badiou ou Bouveresse,<br \/>\nla philosophie doit continuer \u00e0<br \/>\nsortir les gens de la caverne pour aller \u00e0<br \/>\nla grande lumi\u00e8re du jour et de la v\u00e9rit\u00e9,<br \/>\nquitte \u00e0 s\u2019aveugler sur certaines choses,<br \/>\n\u00e0 cause de la catastrophe du XXe si\u00e8cle.<br \/>\nSelon eux, on peut construire des syst\u00e8mes<br \/>\nglobaux. J\u2019ai donc mis toutes<br \/>\nces id\u00e9es en sc\u00e8ne. Avec Judith Henri<br \/>\net Nicolas Bouchaud, je monte en ce<br \/>\nmoment ce spectacle qui sera pr\u00e9sent\u00e9<br \/>\n<a href=\"http:\/\/www.festival-avignon.com\/fr\/Spectacle\/3469\">\u00e0 Avignon<\/a> du 7 au 13 juillet puis \u00e0 Paris,<br \/>\nen janvier 2014, au th\u00e9\u00e2tre Montfort.<div id='gallery-1' class='gallery galleryid-6815 gallery-columns-3 gallery-size-thumbnail'><figure class='gallery-item'>\n\t\t\t<div class='gallery-icon portrait'>\n\t\t\t\t<a href='https:\/\/archives.regards.fr\/wp-content\/uploads\/2013\/06\/truong-107.jpg'><img loading=\"lazy\" decoding=\"async\" width=\"150\" height=\"150\" src=\"https:\/\/archives.regards.fr\/wp-content\/uploads\/2013\/06\/truong-107-150x150.jpg\" class=\"attachment-thumbnail size-thumbnail\" alt=\"truong.jpg\" \/><\/a>\n\t\t\t<\/div><\/figure><figure class='gallery-item'>\n\t\t\t<div class='gallery-icon landscape'>\n\t\t\t\t<a href='https:\/\/archives.regards.fr\/wp-content\/uploads\/2013\/06\/tr-f14.png'><img loading=\"lazy\" decoding=\"async\" width=\"150\" height=\"150\" src=\"https:\/\/archives.regards.fr\/wp-content\/uploads\/2013\/06\/tr-f14-150x150.png\" class=\"attachment-thumbnail size-thumbnail\" alt=\"tr.png\" \/><\/a>\n\t\t\t<\/div><\/figure>\n\t\t<\/div>\n<\/p>\n","protected":false},"excerpt":{"rendered":"<p>Nicolas Truong est directeur des pages \u00ab Id\u00e9es-d\u00e9bats \u00bb<br \/>\ndu <em>Monde<\/em>. Et voici qu\u2019il publie une s\u00e9rie d\u2019entretiens<br \/>\nd\u00e9tonants, recueillis au festival d\u2019Avignon o\u00f9 il anime le<br \/>\nTh\u00e9\u00e2tre des id\u00e9es. Dans <em>R\u00e9sistances intellectuelles. Les<br \/>\ncombats de la pens\u00e9e critique<\/em>, se croisent ainsi Jacques<br \/>\nRanci\u00e8re, Jean-Luc Nancy, Fran\u00e7oise H\u00e9ritier, Bernard<br \/>\nStiegler, Fr\u00e9d\u00e9ric Lordon, Pierre Rosanvallon, Fran\u00e7ois<br \/>\nCusset, Edgard Morin ou encore Michel Onfray.<br \/>\nUn recueil passionnant, facile d\u2019acc\u00e8s, dont nous parle<br \/>\nici le metteur en sc\u00e8ne des id\u00e9es.<\/p>\n","protected":false},"author":570,"featured_media":18611,"comment_status":"open","ping_status":"open","sticky":false,"template":"","format":"standard","meta":{"_themeisle_gutenberg_block_has_review":false,"footnotes":""},"categories":[1],"tags":[293],"class_list":["post-6815","post","type-post","status-publish","format-standard","has-post-thumbnail","hentry","category-non-classe","tag-entretien"],"_links":{"self":[{"href":"https:\/\/archives.regards.fr\/index.php?rest_route=\/wp\/v2\/posts\/6815","targetHints":{"allow":["GET"]}}],"collection":[{"href":"https:\/\/archives.regards.fr\/index.php?rest_route=\/wp\/v2\/posts"}],"about":[{"href":"https:\/\/archives.regards.fr\/index.php?rest_route=\/wp\/v2\/types\/post"}],"author":[{"embeddable":true,"href":"https:\/\/archives.regards.fr\/index.php?rest_route=\/wp\/v2\/users\/570"}],"replies":[{"embeddable":true,"href":"https:\/\/archives.regards.fr\/index.php?rest_route=%2Fwp%2Fv2%2Fcomments&post=6815"}],"version-history":[{"count":0,"href":"https:\/\/archives.regards.fr\/index.php?rest_route=\/wp\/v2\/posts\/6815\/revisions"}],"wp:featuredmedia":[{"embeddable":true,"href":"https:\/\/archives.regards.fr\/index.php?rest_route=\/wp\/v2\/media\/18611"}],"wp:attachment":[{"href":"https:\/\/archives.regards.fr\/index.php?rest_route=%2Fwp%2Fv2%2Fmedia&parent=6815"}],"wp:term":[{"taxonomy":"category","embeddable":true,"href":"https:\/\/archives.regards.fr\/index.php?rest_route=%2Fwp%2Fv2%2Fcategories&post=6815"},{"taxonomy":"post_tag","embeddable":true,"href":"https:\/\/archives.regards.fr\/index.php?rest_route=%2Fwp%2Fv2%2Ftags&post=6815"}],"curies":[{"name":"wp","href":"https:\/\/api.w.org\/{rel}","templated":true}]}}