{"id":6795,"date":"2013-06-21T11:46:49","date_gmt":"2013-06-21T09:46:49","guid":{"rendered":"https:\/\/wp.muchomaas.com\/la-politique-en-musique6795\/"},"modified":"2013-06-21T11:46:49","modified_gmt":"2013-06-21T09:46:49","slug":"la-politique-en-musique6795","status":"publish","type":"post","link":"https:\/\/archives.regards.fr\/?p=6795","title":{"rendered":"La politique en musique"},"content":{"rendered":"<p class=\"post_excerpt\">A voir sur Public S\u00e9nat pour la F\u00eate de la musique !<\/p>\n<p>La musique adoucit-elle les m\u0153urs politiques ? En p\u00e9riode \u00e9lectorale, en meeting, dans les clips de campagne &#8230; Derri\u00e8re les notes, quels sont les messages et leurs impacts ? Quels politiques poussent la chansonnette ? Et est-ce vraiment efficace en termes de communication politique ? Pour r\u00e9pondre \u00e0 ces questions et d\u00e9shabiller en tout bien tout honneur et en musique, les politiques, \u00ab D\u00e9shabillons-les \u00bb re\u00e7oit quatre sp\u00e9cialistes :<\/p>\n<ul>\n<li> \u2022 Denis Bertrand, S\u00e9miologue &#8211; Paris VIII<\/li>\n<li> \u2022 Esteban Buch, Historien et Musicologue &#8211; Centre de recherches sur les arts et le langage (CRAL)<\/li>\n<li> \u2022 Pierre Charvet, Compositeur et chroniqueur sur France Musique<\/li>\n<li> \u2022\u00a0Philippe Lentschener, Communicant &#8211; Pr\u00e9sident de \u00ab McCann France \u00bb<br clear=\"all\"><br \/>\n<\/li>\n<\/ul>\n<p><iframe loading=\"lazy\" scrolling=\"no\" height=\"270\" frameborder=\"no\" width=\"460\" src=\"http:\/\/www.publicsenat.fr\/vodiFrame.php?idE=65242\" framespacing=\"0\" valign=\"top\"><\/iframe><\/p>\n<p>Emission <em>D\u00e9shabillons-les<\/em> pr\u00e9sent\u00e9e par H\u00e9l\u00e8ne Risser, <a href=\"http:\/\/www.publicsenat.fr\">Public S\u00e9nat<\/a>, le 14 juin 2013. Dur\u00e9e : 43 minutes.<\/p>\n","protected":false},"excerpt":{"rendered":"<p>A voir sur Public S\u00e9nat pour la F\u00eate de la musique !<\/p>\n","protected":false},"author":643,"featured_media":18571,"comment_status":"open","ping_status":"open","sticky":false,"template":"","format":"standard","meta":{"_themeisle_gutenberg_block_has_review":false,"footnotes":""},"categories":[111],"tags":[],"class_list":["post-6795","post","type-post","status-publish","format-standard","has-post-thumbnail","hentry","category-nos-selections"],"_links":{"self":[{"href":"https:\/\/archives.regards.fr\/index.php?rest_route=\/wp\/v2\/posts\/6795","targetHints":{"allow":["GET"]}}],"collection":[{"href":"https:\/\/archives.regards.fr\/index.php?rest_route=\/wp\/v2\/posts"}],"about":[{"href":"https:\/\/archives.regards.fr\/index.php?rest_route=\/wp\/v2\/types\/post"}],"author":[{"embeddable":true,"href":"https:\/\/archives.regards.fr\/index.php?rest_route=\/wp\/v2\/users\/643"}],"replies":[{"embeddable":true,"href":"https:\/\/archives.regards.fr\/index.php?rest_route=%2Fwp%2Fv2%2Fcomments&post=6795"}],"version-history":[{"count":0,"href":"https:\/\/archives.regards.fr\/index.php?rest_route=\/wp\/v2\/posts\/6795\/revisions"}],"wp:featuredmedia":[{"embeddable":true,"href":"https:\/\/archives.regards.fr\/index.php?rest_route=\/wp\/v2\/media\/18571"}],"wp:attachment":[{"href":"https:\/\/archives.regards.fr\/index.php?rest_route=%2Fwp%2Fv2%2Fmedia&parent=6795"}],"wp:term":[{"taxonomy":"category","embeddable":true,"href":"https:\/\/archives.regards.fr\/index.php?rest_route=%2Fwp%2Fv2%2Fcategories&post=6795"},{"taxonomy":"post_tag","embeddable":true,"href":"https:\/\/archives.regards.fr\/index.php?rest_route=%2Fwp%2Fv2%2Ftags&post=6795"}],"curies":[{"name":"wp","href":"https:\/\/api.w.org\/{rel}","templated":true}]}}