{"id":6794,"date":"2013-06-21T11:02:49","date_gmt":"2013-06-21T09:02:49","guid":{"rendered":"https:\/\/wp.muchomaas.com\/en-turquie-le-mouvement-va-prendre6794\/"},"modified":"2023-06-23T23:14:52","modified_gmt":"2023-06-23T21:14:52","slug":"en-turquie-le-mouvement-va-prendre6794","status":"publish","type":"post","link":"https:\/\/archives.regards.fr\/?p=6794","title":{"rendered":"En Turquie, \u00able mouvement va prendre d&#8217;autres formes\u00bb"},"content":{"rendered":"<p class=\"post_excerpt\">Arrestations, \u00e9vacuation de la place Taksim, mobilisation de ses militants, cette semaine Erdogan a essay\u00e9 d&#8217;en finir avec ceux qu&#8217;il appelle les \u00abterroristes\u00bb. La contestation qui agite la Turquie depuis trois semaines va-t-elle s&#8217;\u00e9teindre? Le point de vue de Riva Kastoryano, sociologue, directrice de recherche \u00e0 Sciences-Po, responsable du groupe de recherche du CERI sur la Turquie contemporaine. <em>(Propos recueillis au t\u00e9l\u00e9phone jeudi 20 au soir)<\/em><\/p>\n<p><strong>Regards.fr: <em>Qui reste aujourd&#8217;hui sur la place Taksim d&#8217;Istanbul?<\/em> <\/strong><\/p>\n<p><strong>Riva Kastoryano :<\/strong> Un monsieur qui se tient debout, silencieux, et une femme s&#8217;y est \u00e9galement install\u00e9e aujourd&#8217;hui en bikini deux pi\u00e8ces. Il n&#8217;y a plus un seul manifestant mais par contre beaucoup de policiers qui parlent, lisent la presse, sont sur leur smartphones. J&#8217;ai discut\u00e9 avec quelques uns, persuad\u00e9s qu&#8217;ils font face \u00e0 un complot de l&#8217;\u00e9tranger, europ\u00e9en ou am\u00e9ricain. Ils sont en plein dans le climat de suspicion, complotiste, largement relay\u00e9 par les m\u00e9dias et le r\u00e9gime.<\/p>\n<p><strong> <em>Le mouvement a commenc\u00e9 lorsque des jeunes se sont oppos\u00e9s \u00e0 l&#8217;arrachage d&#8217;arbre dans le parc Gezi. Qui \u00e9taient ces jeunes et qui les a rejoint?<\/em> <\/strong><\/p>\n<p>Des \u00e9tudiants issus de la classe moyenne stambouliote, \u00e9duqu\u00e9s, venus des quartiers r\u00e9sidentiels, arborant pour certains d&#8217;entre eux un style tr\u00e8s\u00ab 70&#8217;s\u00bb; mais il y avait aussi, et ce d\u00e8s le d\u00e9but, des filles voil\u00e9es et d&#8217;autres jeunes \u00e9tudiants. On parle-l\u00e0 de la classe d&#8217;\u00e2ge 22 -30 ans. Les autorit\u00e9s locales ont donc demand\u00e9 aux mamans de rappeler leurs enfants \u00e0 la maison mais elles se sont jointes aux manifestants! Et les formations et militants de gauche et d&#8217;extr\u00eames-gauche se sont tr\u00e8s vite engouffr\u00e9s dans le mouvement, d\u00e8s que la police est intervenue.<\/p>\n<p><strong> <em>Les m\u00e9dias occidentaux ont dit que c&#8217;\u00e9tait la jeunesse &#8220;occidentalis\u00e9e&#8221; de Turquie qui \u00e9tait dans les rues. Vous approuvez?<\/em> <\/strong><\/p>\n<p>Il s&#8217;agit de la frange la plus la\u00efque de la population, c&#8217;est certain, mais cela n&#8217;a pas forc\u00e9ment \u00e0 voir avec l&#8217;\u00ab<em>occidentalisation<\/em>\u00bb. Ici les conservateurs et les islamistes sont pour beaucoup d&#8217;entre eux tr\u00e8s occidentalis\u00e9s, ils ne sont pas \u00abarcha\u00efques\u00bb. Ce qui rassemble les manifestants, c&#8217;est leur ras-le-bol, leur consternation face \u00e0 la fa\u00e7on dont Erdogan gouverne et se comporte, face \u00e0 ce qu&#8217;il dit et propose. Toutes les dispositions sur la restriction de vente d&#8217;alcool, le discours sur la n\u00e9cessit\u00e9 de faire des enfants, la remise en cause de la contraception, etc. tout cela exasp\u00e8re les gens, ils ne veulent pas de \u00e7a, ne veulent pas \u00eatre pris pour des imb\u00e9ciles. Je pense que ces derni\u00e8res semaines, toutes sortes d&#8217;id\u00e9ologies se sont retrouv\u00e9es autour d&#8217;une id\u00e9e simple: on tient \u00e0 nos libert\u00e9s. La comparaison avec le printemps arabe n&#8217;est pas valide: on est dans un r\u00e9gime d\u00e9mocratique, ceux qui sont au pouvoir ont \u00e9t\u00e9 \u00e9lus et il existe une opposition, m\u00eame si elle est faible et d\u00e9sorganis\u00e9e. C&#8217;est dans ce cadre qu&#8217;on a assist\u00e9 \u00e0 un fort mouvement de contestation. Inattendu mais pas tr\u00e8s surprenant&#8230;<\/p>\n<p><strong> <em>Pourquoi?<\/em> <\/strong><\/p>\n<p>J&#8217;ai suivi les d\u00e9bats et mobilisations qui ont accompagn\u00e9s l&#8217;ensemble des projets urbains d\u00e9but\u00e9s l&#8217;an dernier autour de la place Taksim. Les profonds bouleversements urbanistiques que subit le quartier ont des cons\u00e9quences sociales et cela a engendr\u00e9 un m\u00e9contentement g\u00e9n\u00e9ral. L&#8217;an dernier, la mobilisation autour de Gezi et de Taksim \u00e9tait essentiellement conduite par des universitaires et se menait de fa\u00e7on tout \u00e0 fait pacifique et acad\u00e9mique. Et puis le d\u00e9racinement des arbres a fait entrer d&#8217;autres acteurs dans la lutte.<\/p>\n<p><strong> <em>Le mouvement est fini selon vous?<\/em> <\/strong><\/p>\n<p>Je ne le crois pas. Il va prendre d&#8217;autres formes, on va voir lesquelles, mais je pense qu&#8217;il va continuer. C\u00f4t\u00e9  pouvoir, on se situe d\u00e9j\u00e0 dans la perspective des \u00e9ch\u00e9ances \u00e9lectorales de 2014: en mars, les municipales et en ao\u00fbt, une pr\u00e9sidentielle dont le vainqueur sera pour la premi\u00e8re fois \u00e9lu au suffrage universel, comme le veut la nouvelle Constitution. Erdogan est candidat. Mais Abdullah G\u00fcl, l&#8217;actuel pr\u00e9sident de \u00abl&#8217;ancien r\u00e9gime\u00bb le sera peut-\u00eatre aussi, on ne sait pas encore. Ils appartiennent tous les deux \u00e0 la m\u00eame force politique mais n&#8217;ont pas eu la m\u00eame attitude face \u00e0 la contestation. Erdogan est dans la surench\u00e8re, il mobilise ses troupes contre ceux qu&#8217;il appelle les \u00abterroristes\u00bb de Taksim. Il agit comme s&#8217;il voulait mettre face \u00e0 face deux Turquie, l&#8217;une qui serait \u00e0 ses pieds, satisfaite de sa gouvernance et une autre m\u00e9contente, compos\u00e9e de \u00abterroristes\u00bb donc&#8230; Cela me semble dangereux. G\u00fcl de son c\u00f4t\u00e9 a au contraire fait savoir d\u00e8s le d\u00e9but du mouvement qu&#8217;il \u00abcomprenait\u00bb les manifestants.<br \/>\nPar rapport \u00e0 cela, c\u00f4t\u00e9 manifestants, il y a de grandes inconnues: on ne sait pas quel est leur degr\u00e9 de politisation et, du coup, s&#8217;ils entendent s&#8217;appuyer sur ces \u00e9ch\u00e9ances \u00e9lectorales pour poursuivre la lutte. Ni sur quelles bases ils vont poursuivre leur mouvement. Avec quels mots d&#8217;ordre? Quelle structure, quelle organisation? Seront-ils r\u00e9cup\u00e9r\u00e9s par des forces d&#8217;opposition? Lesquelles? Ils souhaitent la d\u00e9mission d&#8217;Erdogan mais quels moyens vont-ils se donner pour l&#8217;obtenir? Pour l&#8217;heure on semble s&#8217;acheminer vers la poursuite du mouvement sous des formes spontan\u00e9es et \u00e9clat\u00e9es. La seule chose dont on soit s\u00fbr, c&#8217;est que les manifestants actuels qui iront aux urnes en 2014 ne voteront pas pour Erdogan&#8230;<div id='gallery-1' class='gallery galleryid-6794 gallery-columns-3 gallery-size-thumbnail'><figure class='gallery-item'>\n\t\t\t<div class='gallery-icon landscape'>\n\t\t\t\t<a href='https:\/\/archives.regards.fr\/wp-content\/uploads\/2013\/06\/tak-4f6.png'><img loading=\"lazy\" decoding=\"async\" width=\"150\" height=\"150\" src=\"https:\/\/archives.regards.fr\/wp-content\/uploads\/2013\/06\/tak-4f6-150x150.png\" class=\"attachment-thumbnail size-thumbnail\" alt=\"tak.png\" \/><\/a>\n\t\t\t<\/div><\/figure>\n\t\t<\/div>\n<\/p>\n","protected":false},"excerpt":{"rendered":"<p>Arrestations, \u00e9vacuation de la place Taksim, mobilisation de ses militants, cette semaine Erdogan a essay\u00e9 d&#8217;en finir avec ceux qu&#8217;il appelle les \u00abterroristes\u00bb. La contestation qui agite la Turquie depuis trois semaines va-t-elle s&#8217;\u00e9teindre? Le point de vue de Riva Kastoryano, sociologue, directrice de recherche \u00e0 Sciences-Po, responsable du groupe de recherche du CERI sur la Turquie contemporaine. <em>(Propos recueillis au t\u00e9l\u00e9phone jeudi 20 au soir)<\/em><\/p>\n","protected":false},"author":558,"featured_media":18569,"comment_status":"open","ping_status":"open","sticky":false,"template":"","format":"standard","meta":{"_themeisle_gutenberg_block_has_review":false,"footnotes":""},"categories":[157],"tags":[293,352],"class_list":["post-6794","post","type-post","status-publish","format-standard","has-post-thumbnail","hentry","category-web","tag-entretien","tag-europe"],"_links":{"self":[{"href":"https:\/\/archives.regards.fr\/index.php?rest_route=\/wp\/v2\/posts\/6794","targetHints":{"allow":["GET"]}}],"collection":[{"href":"https:\/\/archives.regards.fr\/index.php?rest_route=\/wp\/v2\/posts"}],"about":[{"href":"https:\/\/archives.regards.fr\/index.php?rest_route=\/wp\/v2\/types\/post"}],"author":[{"embeddable":true,"href":"https:\/\/archives.regards.fr\/index.php?rest_route=\/wp\/v2\/users\/558"}],"replies":[{"embeddable":true,"href":"https:\/\/archives.regards.fr\/index.php?rest_route=%2Fwp%2Fv2%2Fcomments&post=6794"}],"version-history":[{"count":0,"href":"https:\/\/archives.regards.fr\/index.php?rest_route=\/wp\/v2\/posts\/6794\/revisions"}],"wp:featuredmedia":[{"embeddable":true,"href":"https:\/\/archives.regards.fr\/index.php?rest_route=\/wp\/v2\/media\/18569"}],"wp:attachment":[{"href":"https:\/\/archives.regards.fr\/index.php?rest_route=%2Fwp%2Fv2%2Fmedia&parent=6794"}],"wp:term":[{"taxonomy":"category","embeddable":true,"href":"https:\/\/archives.regards.fr\/index.php?rest_route=%2Fwp%2Fv2%2Fcategories&post=6794"},{"taxonomy":"post_tag","embeddable":true,"href":"https:\/\/archives.regards.fr\/index.php?rest_route=%2Fwp%2Fv2%2Ftags&post=6794"}],"curies":[{"name":"wp","href":"https:\/\/api.w.org\/{rel}","templated":true}]}}