{"id":6793,"date":"2013-06-21T09:24:14","date_gmt":"2013-06-21T07:24:14","guid":{"rendered":"https:\/\/wp.muchomaas.com\/intervention-de-stathis-kouvelakis6793\/"},"modified":"2023-06-23T23:14:52","modified_gmt":"2023-06-23T21:14:52","slug":"intervention-de-stathis-kouvelakis6793","status":"publish","type":"post","link":"https:\/\/archives.regards.fr\/?p=6793","title":{"rendered":"Stathis Kouv\u00e9lakis : \u00ab La Gr\u00e8ce n&#8217;est pas un pays normal\u00bb"},"content":{"rendered":"<p class=\"post_excerpt\">Intervention de Stathis Kouv\u00e9lakis, chercheur, professeur en philosophie politique, \u00e0 la <a href=\"6775\">soir\u00e9e de soutien<\/a> au peuple grec, \u00e0 la suite de la fermeture de la t\u00e9l\u00e9vision publique, organis\u00e9e par M\u00e9diapart au Th\u00e9\u00e2tre du Ch\u00e2telet, le 18 juin 2013 \u00e0 Paris,  avec le soutien de <em>Regards<\/em>.<\/p>\n<p>Si un doute subsistait encore \u00e0 ce sujet, il est d\u00e9sormais lev\u00e9\u00a0: la Gr\u00e8ce n\u2019est pas un pays \u00ab\u00a0normal\u00a0\u00bb. Dans un pays \u00ab\u00a0normal\u00a0\u00bb, de nos jours, en Europe, ce genre de choses n\u2019arrive pas, seulement dans des dictatures ou dans des pays sous occupation. Seulement voil\u00e0, sans \u00eatre sous le joug des militaires, ou d\u2019une arm\u00e9e \u00e9trang\u00e8re, la Gr\u00e8ce a cess\u00e9 d\u2019\u00eatre un pays \u00ab\u00a0normal\u00a0\u00bb. Depuis maintenant trois ans, elle a, en effet, pris cong\u00e9 de ce qui, ici ou ailleurs dans notre continent, est consid\u00e9r\u00e9 comme relevant de la \u00ab\u00a0normalit\u00e9\u00a0\u00bb. <\/p>\n<p><iframe loading=\"lazy\" frameborder=\"0\" width=\"460\" height=\"259\" src=\"http:\/\/www.dailymotion.com\/embed\/video\/x111nf2?foreground=%23FFFFFF&#038;highlight=%23FFF6D9&#038;background=%23666666\"><\/iframe><br \/><a href=\"http:\/\/www.dailymotion.com\/video\/x111nf2_stathis-kouvelakis-chercheur-professeur-en-philosophie-politique-en-soutien-au-peuple-grec-au-chatel_news\" target=\"_blank\" rel=\"noopener\">Stathis Kouv&eacute;lakis, chercheur, professeur en&#8230;<\/a> <i>par <a href=\"http:\/\/www.dailymotion.com\/Mediapart\" target=\"_blank\" rel=\"noopener\">Mediapart<\/a><\/i><\/p>\n<p>Car il ne saurait bien entendu y avoir de \u00ab\u00a0normalit\u00e9\u00a0\u00bb, de vie en commun tol\u00e9rable, dans un pays d\u00e9vast\u00e9, o\u00f9 la r\u00e9cession et le ch\u00f4mage atteignent des niveaux inconnus depuis les ann\u00e9es 1930. Dans un pays o\u00f9 la discussion ordinaire des lyc\u00e9ens est la destination vers laquelle elles ou ils comptent \u00e9migrer.<br \/>\nIl ne saurait y avoir de \u00ab\u00a0normalit\u00e9\u00a0\u00bb avec des \u00e9coles, des universit\u00e9s, des h\u00f4pitaux qui partent \u00e0 la d\u00e9rive, quand la population est confront\u00e9e \u00e0 ce qu\u2019on peut qualifier de d\u00e9sastre humanitaire. <\/p>\n<p>Il ne saurait y avoir de \u00ab\u00a0normalit\u00e9\u00a0\u00bb quand, comme nous l\u2019enseigne l\u2019exp\u00e9rience historique, le d\u00e9sespoir et la col\u00e8re impuissante d\u2019une soci\u00e9t\u00e9 paup\u00e9ris\u00e9e et humili\u00e9e se tournent contre les groupes les plus fragiles, dont la vie devient un enfer et qui replongent dans une horreur que, l\u00e0 aussi, on croyait oubli\u00e9e dans nos pays depuis les ann\u00e9es 1930.<\/p>\n<p>Mais ce qu\u2019il faut avant tout souligner maintenant, ce que les \u00e9crans noirs et les silences des fr\u00e9quences radio nous imposent de dire avec la plus grande force, c\u2019est que cette descente aux enfers n\u2019a pu se faire qu\u2019au prix et \u00e0 la condition d\u2019un d\u00e9ni grandissant de d\u00e9mocratie. Ce que la Gr\u00e8ce vit depuis sa mise sous tutelle par la Tro\u00efka de ses bailleurs de fond, c\u2019est-\u00e0-dire le FMI et, surtout, l\u2019Union Europ\u00e9enne, c\u2019est un \u00e9tat d\u2019exception permanent. <\/p>\n<p>Car comment qualifier autrement un \u00e9tat o\u00f9 toute notion de souverainet\u00e9 nationale et populaire est bafou\u00e9e, o\u00f9 les d\u00e9cisions cl\u00e9 sont prises par d\u00e9cret, o\u00f9 les institutions repr\u00e9sentatives ne sont qu\u2019une fa\u00e7ade de parlementarisme\u00a0? L\u2019exception est ainsi devenue la r\u00e8gle lorsque les gouvernements en place se sont transform\u00e9s en ex\u00e9cutants des instructions de ces fameux M\u00e9morandums, monstrueux pav\u00e9s de milliers de pages, qui r\u00e8glent jusqu\u2019au moindre poste de d\u00e9pense de la moindre ligne budg\u00e9taire. Ces M\u00e9morandums qui organisent le d\u00e9pe\u00e7age du pays, la privatisation de son patrimoine, la liquidation de ses services publics et de ses institutions scientifiques et culturelles. Car m\u00eame si la m\u00e9thode porte la marque de M. Samaras et de son parti, la d\u00e9cision de fusionner et de restructurer drastiquement l\u2019audiovisuel public, et de licencier des milliers de salari\u00e9s du secteur public, faisait bien partie des engagements contract\u00e9s par le gouvernement actuel vis-\u00e0-vis de la Tro\u00efka.<\/p>\n<p>Cette d\u00e9cision a choqu\u00e9 et d\u00e9clench\u00e9 un toll\u00e9 \u00e0 l\u2019\u00e9chelle internationale, dont t\u00e9moigne, entre autres  manifestations du m\u00eame type, notre rassemblement de ce soir. Il y a sans doute une part de d\u00e9mesure, d\u2019hubris auraient dit les Anciens, dans la d\u00e9cision de Samaras et dans sa m\u00e9thode. Mais, pour celles et ceux qui suivent les \u00e9v\u00e9nements de ces derniers mois en Gr\u00e8ce, cette fuite en avant autoritaire ne tombe pas du ciel. Dans son exc\u00e8s m\u00eame, elle s\u2019inscrit dans une escalade ininterrompue dans la politique de la poigne de fer. Car avant de s\u2019en prendre \u00e0 l\u2019audiovisuel public, ce gouvernement a bris\u00e9 quatre mouvements de gr\u00e8ve par simple d\u00e9cret de r\u00e9quisition des gr\u00e9vistes, les derniers en date \u00e9tant les enseignants. <\/p>\n<p>Ce m\u00eame gouvernement a r\u00e9prim\u00e9 avec sauvagerie des dizaines de mouvements de protestation, \u00e9vacu\u00e9 manu militari des espaces autog\u00e9r\u00e9s, tortur\u00e9 des manifestants antifascistes. Il a couvert les exactions des bandes n\u00e9onazies et l\u00e9gitim\u00e9 leur discours en poursuivant la chasse aux migrants et aux travailleurs \u00e9trangers entam\u00e9e par ses pr\u00e9d\u00e9cesseurs. <\/p>\n<p>C\u2019est tout cela, qui s\u2019est fait \u00e0 bas bruit \u2013 m\u00e9diatique s\u2019entend \u2013  qui a pr\u00e9par\u00e9 le terrain au coup de force actuel et qui en explique la logique profonde et le d\u00e9roulement concret.<\/p>\n<p>Quant \u00e0 la conclusion qui en d\u00e9coule, elle me semble limpide\u00a0: la doctrine n\u00e9olib\u00e9rale de choc appliqu\u00e9e depuis trois ans \u00e0 la Gr\u00e8ce sous les auspices et le contr\u00f4le tatillon de l\u2019Union Europ\u00e9enne est incompatible avec la d\u00e9mocratie. Ce qui veut dire aussi, qu\u2019on ne saurait, je dirai m\u00eame qu\u2019on a pas le droit de s\u2019\u00e9mouvoir des \u00e9crans noirs de la t\u00e9l\u00e9 publique si on se tait devant la violence des diktats de la Tro\u00efka et de la destruction parfaitement pr\u00e9visible qu\u2019ils infligent \u00e0 ce pays, comme au reste de l\u2019Europe du sud. <\/p>\n<p>Un ami, qui a v\u00e9cu cette p\u00e9riode, me disait il y a deux jours\u00a0: tu sais ce qui se passe devant le b\u00e2timent de l\u2019ERT, ces gens rassembl\u00e9s, ce fourmillement de d\u00e9bats et d\u2019actions, \u00e7a rappelle l\u2019occupation de l\u2019\u00e9cole Polytechnique d\u2019Ath\u00e8nes par les \u00e9tudiants, en 1973, et sa radio libre qui brisait la chape de plomb de la dictature et qui annon\u00e7ait sa fin prochaine. Aujourd\u2019hui comme alors, gr\u00e2ce au soul\u00e8vement populaire, c\u2019est l\u2019espoir d\u2019une fin prochaine de l\u2019oppression qui surgit. Aussi paradoxal que cela puisse para\u00eetre, devant les b\u00e2timents occup\u00e9s des t\u00e9l\u00e9s et des radios aussi bien que sur les ondes et dans les images t\u00e9l\u00e9visuelles d\u2019un type totalement in\u00e9dit, c\u2019est un esprit de r\u00e9sistance et de libert\u00e9 qui souffle actuellement en Gr\u00e8ce et qui finira par l\u2019emporter. Retrouvons-nous donc bient\u00f4t cher-e-s ami-e-s, en ce lieu ou ailleurs, pour soutenir une Gr\u00e8ce lib\u00e9r\u00e9e et d\u00e9mocratique\u00a0! <div id='gallery-1' class='gallery galleryid-6793 gallery-columns-3 gallery-size-thumbnail'><figure class='gallery-item'>\n\t\t\t<div class='gallery-icon landscape'>\n\t\t\t\t<a href='https:\/\/archives.regards.fr\/wp-content\/uploads\/2013\/06\/st-630.png'><img loading=\"lazy\" decoding=\"async\" width=\"150\" height=\"150\" src=\"https:\/\/archives.regards.fr\/wp-content\/uploads\/2013\/06\/st-630-150x150.png\" class=\"attachment-thumbnail size-thumbnail\" alt=\"st.png\" \/><\/a>\n\t\t\t<\/div><\/figure>\n\t\t<\/div>\n<\/p>\n","protected":false},"excerpt":{"rendered":"<p>Intervention de Stathis Kouv\u00e9lakis, chercheur, professeur en philosophie politique, \u00e0 la <a href=\"6775\">soir\u00e9e de soutien<\/a> au peuple grec, \u00e0 la suite de la fermeture de la t\u00e9l\u00e9vision publique, organis\u00e9e par M\u00e9diapart au Th\u00e9\u00e2tre du Ch\u00e2telet, le 18 juin 2013 \u00e0 Paris,  avec le soutien de <em>Regards<\/em>.<\/p>\n","protected":false},"author":1,"featured_media":18567,"comment_status":"open","ping_status":"open","sticky":false,"template":"","format":"standard","meta":{"_themeisle_gutenberg_block_has_review":false,"footnotes":""},"categories":[157],"tags":[420],"class_list":["post-6793","post","type-post","status-publish","format-standard","has-post-thumbnail","hentry","category-web","tag-grece"],"_links":{"self":[{"href":"https:\/\/archives.regards.fr\/index.php?rest_route=\/wp\/v2\/posts\/6793","targetHints":{"allow":["GET"]}}],"collection":[{"href":"https:\/\/archives.regards.fr\/index.php?rest_route=\/wp\/v2\/posts"}],"about":[{"href":"https:\/\/archives.regards.fr\/index.php?rest_route=\/wp\/v2\/types\/post"}],"author":[{"embeddable":true,"href":"https:\/\/archives.regards.fr\/index.php?rest_route=\/wp\/v2\/users\/1"}],"replies":[{"embeddable":true,"href":"https:\/\/archives.regards.fr\/index.php?rest_route=%2Fwp%2Fv2%2Fcomments&post=6793"}],"version-history":[{"count":0,"href":"https:\/\/archives.regards.fr\/index.php?rest_route=\/wp\/v2\/posts\/6793\/revisions"}],"wp:featuredmedia":[{"embeddable":true,"href":"https:\/\/archives.regards.fr\/index.php?rest_route=\/wp\/v2\/media\/18567"}],"wp:attachment":[{"href":"https:\/\/archives.regards.fr\/index.php?rest_route=%2Fwp%2Fv2%2Fmedia&parent=6793"}],"wp:term":[{"taxonomy":"category","embeddable":true,"href":"https:\/\/archives.regards.fr\/index.php?rest_route=%2Fwp%2Fv2%2Fcategories&post=6793"},{"taxonomy":"post_tag","embeddable":true,"href":"https:\/\/archives.regards.fr\/index.php?rest_route=%2Fwp%2Fv2%2Ftags&post=6793"}],"curies":[{"name":"wp","href":"https:\/\/api.w.org\/{rel}","templated":true}]}}