{"id":6789,"date":"2013-06-20T20:35:55","date_gmt":"2013-06-20T18:35:55","guid":{"rendered":"https:\/\/wp.muchomaas.com\/l-observatoire-de-la-droitophobie6789\/"},"modified":"2013-06-20T20:35:55","modified_gmt":"2013-06-20T18:35:55","slug":"l-observatoire-de-la-droitophobie6789","status":"publish","type":"post","link":"https:\/\/archives.regards.fr\/?p=6789","title":{"rendered":"L\u2019Observatoire de la droitophobie, le grand n&#8217;importe quoi!"},"content":{"rendered":"<p class=\"post_excerpt\"><em>Valeurs actuelles<\/em> inaugure une plateforme participative qui invite les internautes \u00e0 recenser les propos et les attitudes antidroite. Dans la lign\u00e9e de la manif pour tous, la droite continue \u00e0 jouer la carte victimaire. Risible.<\/p>\n<p>Le journal <em>Valeurs actuelles<\/em> vient d\u2019ouvrir sur son site internet un <a href=\"http:\/\/www.valeursactuelles.com\/droitophobie\">Observatoire de la droitophobie<\/a>. Il entend fustiger <em>\u00ab\u00a0les z\u00e9lateurs de la gauche morale, politique et intellectuelle [qui] tirent \u00e0 vue sur la droite et lancent leurs \u201cfatwas\u201d sur ceux qui osent \u201cpenser contre\u201d\u00a0\u00bb<\/em>. Il se veut <em>\u00ab\u00a0un outil de r\u00e9sistance \u00e0 la pens\u00e9e unique.\u00a0\u00bb<\/em> Sic. Sans doute inspir\u00e9 par la c\u00e9r\u00e9monie des <a href=\"6744\">Y\u2019a Bon Awards<\/a>, le site pr\u00e9voit d\u2019\u00e9lire, <em>\u00ab\u00a0sans jamais se d\u00e9partir de l\u2019humour n\u00e9cessaire, le droitophobe du mois, puis de l\u2019ann\u00e9e.\u00a0\u00bb<\/em><\/p>\n<p>Une distinction qui, \u00e0 coup s\u00fbr, va faire des envieux. Combien paraphraseront V\u00e9ronique Genest [[L\u2019actrice V\u00e9ronique Genest a re\u00e7u le prix \u00ab Super Patriote \u00bb pour ces propos tenus le 17 septembre 2012 sur NRJ12\u00a0: <em>\u00ab J\u2019ai dit que je trouvais l\u2019islam dangereux pour notre d\u00e9mocratie et qu\u2019il nous le prouvait tous les jours. \u00bb \u00ab Alors tout de suite : Islamophobe ! Raciste ! Alors moi j\u2019ai r\u00e9fl\u00e9chi. J\u2019ai r\u00e9fl\u00e9chi et je me suis dit : Islamophobe. Islamophobe, \u00e7a veut dire c\u2019est la phobie c\u2019est la peur. C\u2019est bien \u00e7a ? Alors effectivement peut \u00eatre je suis islamophobe. Ce soir je fais mon coming out : oui probablement que je suis, comme beaucoup de fran\u00e7ais, islamophobe. \u00bb<\/em>]]\u00a0? <em>\u00ab Alors tout de suite : droitophobe\u00a0! Alors moi j\u2019ai r\u00e9fl\u00e9chi. J\u2019ai r\u00e9fl\u00e9chi et je me suis dit : droitophobe. Droitophobe \u00e7a veut dire c\u2019est la phobie, c\u2019est la peur. C\u2019est bien \u00e7a ? Alors effectivement peut \u00eatre je suis droitophobe. Ce soir je fais mon coming out : oui probablement que je suis, comme beaucoup de Fran\u00e7ais, droitophobe. \u00bb<\/em><\/p>\n<p>Une initiative dont la toile a pris le parti d\u2019en rire\u00a0:<\/p>\n<p><img decoding=\"async\" src=\"IMG\/jpg\/twitter.jpg\" alt=\"twitter.jpg\" align=\"center\" \/><\/p>\n<p>Depuis les manifestations contre le mariage pour tous, une frange de la droite cultive une position victimaire. Une posture relay\u00e9e encore tout r\u00e9cemment par  la voix du 13 heures de TF1. Dans son journal du jeudi 20 juin (<a href=\"http:\/\/videos.tf1.fr\/jt-13h\/2013\/le-13-heures-du-20-juin-2013-8024381.html\">entre 11\u2019 et 11\u201925<\/a>), l\u2019ineffable Jean-Pierre Pernaut a eu ce lancement ubuesque d\u00e9ontologiquement parlant\u00a0: <em>\u00ab\u00a0Il ne fait pas bon \u00eatre hostile au mariage homosexuel. Un opposant qui manifestait lors du passage de Fran\u00e7ois Hollande sur M6, dimanche soir, a \u00e9t\u00e9 condamn\u00e9 \u00e0 deux mois de prison ferme. C\u2019est une premi\u00e8re en France. Et Frigide Barjot, vous savez leader de ce mouvement, est expuls\u00e9e du logement de la ville de Paris qu\u2019elle louait depuis une trentaine d\u2019ann\u00e9es. Tiens donc !\u00a0\u00bb<\/em><\/p>\n<p>Sans autres commentaires de pr\u00e9cision et de contextualisation de l\u2019information.  Ce n\u2019est pas pour avoir manifest\u00e9 que Nicolas, opposant au mariage pour tous a \u00e9t\u00e9 condamn\u00e9 \u00e0 quatre mois de prison dont deux ferme, mais pour r\u00e9bellion et refus de pr\u00e9l\u00e8vement ADN. C\u2019est la deuxi\u00e8me fois que le jeune homme de 23 ans passe en comparution imm\u00e9diate devant le tribunal correctionnel de Paris. Le 28 mai dernier il \u00e9tait jug\u00e9 et condamn\u00e9 pour <em>\u00abentrave \u00e0 la circulation\u00bb<\/em>, <em>\u00abidentit\u00e9 imaginaire\u00bb <\/em> et <em>\u00abnon dispersion apr\u00e8s sommation\u00bb<\/em> \u00e0 la fin d&#8217;une manifestation.<\/p>\n<p>Quant \u00e0 Frigide Barjot et son HLM de 173 m2 situ\u00e9 rue de la F\u00e9d\u00e9ration dans le XVe arrondissement, ce n\u2019est pas pour ses id\u00e9es que l\u2019\u00e9g\u00e9rie de la manif pour tous est  inqui\u00e9t\u00e9e, mais pour ne pas avoir respect\u00e9 la loi. En effet,  le bail interdit toute activit\u00e9 commerciale sur ces lieux d\u2019habitations. Or les \u00e9poux Tellenne\u00a0: Frigide Barjot et son mari Basile de Koch, sous-loueraient une partie de leur duplex \u00e0 leur propre soci\u00e9t\u00e9 Jalons. Contrairement aux affirmation de l\u2019\u00e9poux Tellenne, le loyer ne serait pas de 4000 \u20ac, mais  <em>\u00ab\u00a0selon une source proche du dossier, interrog\u00e9e par l\u2019AFP ce jeudi, il se monterait au contraire \u00e0 2850 euros, dont il faut d\u00e9duire les 9000 euros que reversait Jalons aux \u00e9poux\u00a0\u00bb<\/em> pr\u00e9cise <a href=\"http:\/\/www.marianne.net\/Frigide-Barjot-epinglee-par-le-maire-de-Paris-pour-son-HLM_a229687.html\">le site de Marianne<\/a>.  Le bailleur social a donc d\u00e9livr\u00e9 une assignation \u00e0 Frigide Barjot et son mari <em>\u00abpour obtenir la r\u00e9siliation des baux des logements occup\u00e9s, suite \u00e0 l&#8217;utilisation continue des lieux \u00e0 usage commercial par la soci\u00e9t\u00e9 Jalons ainsi que la sous-location. Ces deux motifs constituent des manquements graves aux obligations des baux d&#8217;habitation consentis \u00e0 M. et Mme Tellenne \u00bb<\/em>, ne manque pas de rappeler le bailleur social. Mais tout cela, c\u2019est de la droitophobie, n\u2019est-ce pas\u00a0?<\/p>\n","protected":false},"excerpt":{"rendered":"<p><em>Valeurs actuelles<\/em> inaugure une plateforme participative qui invite les internautes \u00e0 recenser les propos et les attitudes antidroite. Dans la lign\u00e9e de la manif pour tous, la droite continue \u00e0 jouer la carte victimaire. Risible.<\/p>\n","protected":false},"author":1186,"featured_media":0,"comment_status":"open","ping_status":"open","sticky":false,"template":"","format":"standard","meta":{"_themeisle_gutenberg_block_has_review":false,"footnotes":""},"categories":[157],"tags":[287],"class_list":["post-6789","post","type-post","status-publish","format-standard","hentry","category-web","tag-medias"],"_links":{"self":[{"href":"https:\/\/archives.regards.fr\/index.php?rest_route=\/wp\/v2\/posts\/6789","targetHints":{"allow":["GET"]}}],"collection":[{"href":"https:\/\/archives.regards.fr\/index.php?rest_route=\/wp\/v2\/posts"}],"about":[{"href":"https:\/\/archives.regards.fr\/index.php?rest_route=\/wp\/v2\/types\/post"}],"author":[{"embeddable":true,"href":"https:\/\/archives.regards.fr\/index.php?rest_route=\/wp\/v2\/users\/1186"}],"replies":[{"embeddable":true,"href":"https:\/\/archives.regards.fr\/index.php?rest_route=%2Fwp%2Fv2%2Fcomments&post=6789"}],"version-history":[{"count":0,"href":"https:\/\/archives.regards.fr\/index.php?rest_route=\/wp\/v2\/posts\/6789\/revisions"}],"wp:attachment":[{"href":"https:\/\/archives.regards.fr\/index.php?rest_route=%2Fwp%2Fv2%2Fmedia&parent=6789"}],"wp:term":[{"taxonomy":"category","embeddable":true,"href":"https:\/\/archives.regards.fr\/index.php?rest_route=%2Fwp%2Fv2%2Fcategories&post=6789"},{"taxonomy":"post_tag","embeddable":true,"href":"https:\/\/archives.regards.fr\/index.php?rest_route=%2Fwp%2Fv2%2Ftags&post=6789"}],"curies":[{"name":"wp","href":"https:\/\/api.w.org\/{rel}","templated":true}]}}