{"id":6787,"date":"2013-06-20T16:50:45","date_gmt":"2013-06-20T14:50:45","guid":{"rendered":"https:\/\/wp.muchomaas.com\/resf-a-la-fete-du-panier-a6787\/"},"modified":"2023-06-23T23:14:51","modified_gmt":"2023-06-23T21:14:51","slug":"resf-a-la-fete-du-panier-a6787","status":"publish","type":"post","link":"https:\/\/archives.regards.fr\/?p=6787","title":{"rendered":"RESF, soir\u00e9e de contre le racisme \u00e0 Marseille"},"content":{"rendered":"\u2022 Samedi 22 juin de 14h \u00e0 19h : Stand RESF \u00e0 la <a href=\"http:\/\/www.fetedupanier.com\/\">f\u00eate du Panier<\/a> \u00e0 Marseille, place des Moulins (13002)\n\n\u2022 Mardi 2 juillet \u00e0 partir de 18h : Grande soir\u00e9e de Solidarit\u00e9, contre le racisme, pour la r\u00e9gularisation des Sans Papiers, organis\u00e9e par le RESF Ouest Etang de Berre, au Parc du Prieur\u00e9 \u00e0 Martigues (voir programme en pi\u00e8ce jointe)\n\n<strong>Compilation CD en solidarit\u00e9 avec les sans papiers (RESF ouest \u00e9tang de Berre)\n<\/strong>\n\nLe RESF Ouest Etang de Berre est \u00e0 l&#8217;origine d&#8217;une compilation de chansons qui nous parlent des sans papiers, de l&#8217;exil, du militantisme, de la solidarit\u00e9\u2026\n\n<img loading=\"lazy\" decoding=\"async\" class=\" aligncenter size-full wp-image-18553\" src=\"https:\/\/wp.muchomaas.com\/wp-content\/uploads\/2013\/06\/resf1-ef0.jpg\" alt=\"resf1.jpg\" align=\"center\" width=\"460\" height=\"204\" srcset=\"https:\/\/archives.regards.fr\/wp-content\/uploads\/2013\/06\/resf1-ef0.jpg 460w, https:\/\/archives.regards.fr\/wp-content\/uploads\/2013\/06\/resf1-ef0-300x133.jpg 300w\" sizes=\"auto, (max-width: 460px) 100vw, 460px\" \/>\n\n16 artistes ont donn\u00e9 un titre au RESF : M.A.P, Macadam Bazar, Zebda, L&#8217;1consolable, Les Ogres de Barback, Alee, H.K &#038; les Saltimbanks ; Z.E.P ; Les Hurlements d&#8217;L\u00e9o ; les Boukans ; Marcel et son orchestre ; Fabien Martin ; Compagnie Jolie m\u00f4me ; Les Petits d&#8217;Homme ; Na\u00efas ; l&#8217;Homme parle.\n\nLa vente de ces CD est au profit du RESF, pour financer ses activit\u00e9s et aider les jeunes et familles sans papiers.\n\nLe prix de vente public est fix\u00e9 \u00e0 10 euros. Le prix de vente aux comit\u00e9s RESF est de 5 euros. Il est possible de les commander par voie postale (\u00e0 r\u00e9ception du paiement + frais de port). Pour tous renseignements compl\u00e9mentaires, contacter resf.ouestedb@yahoo.fr\n\nR\u00e9seau \u00c9ducation Sans Fronti\u00e8res 13<br>\n61 rue Consolat<br>\n13001 Marseille<br>\nT\u00e9l. 06 31 32 48 65<br>\nresf13@no-log.org<br>\nwww.educationsansfrontieres.org<div id='gallery-1' class='gallery galleryid-6787 gallery-columns-3 gallery-size-thumbnail'><figure class='gallery-item'>\n\t\t\t<div class='gallery-icon landscape'>\n\t\t\t\t<a href='https:\/\/archives.regards.fr\/wp-content\/uploads\/2013\/06\/resf1-f45.jpg'><img loading=\"lazy\" decoding=\"async\" width=\"150\" height=\"150\" src=\"https:\/\/archives.regards.fr\/wp-content\/uploads\/2013\/06\/resf1-f45-150x150.jpg\" class=\"attachment-thumbnail size-thumbnail\" alt=\"resf1.jpg\" \/><\/a>\n\t\t\t<\/div><\/figure><figure class='gallery-item'>\n\t\t\t<div class='gallery-icon landscape'>\n\t\t\t\t<a href='https:\/\/archives.regards.fr\/wp-content\/uploads\/2013\/06\/arton6787-a1f.jpg'><img loading=\"lazy\" decoding=\"async\" width=\"150\" height=\"150\" src=\"https:\/\/archives.regards.fr\/wp-content\/uploads\/2013\/06\/arton6787-a1f-150x150.jpg\" class=\"attachment-thumbnail size-thumbnail\" alt=\"arton6787.jpg\" \/><\/a>\n\t\t\t<\/div><\/figure>\n\t\t<\/div>\n\n<h2 class=\"wp-block-heading\">Documents joints<\/h2>\n\n\n\n<div class=\"wp-block-file\"><a href=\"https:\/\/wp.muchomaas.com\/wp-content\/uploads\/2013\/06\/resf-999.pdf\">Programme Grande soir\u00e9e de Solidarit\u00e9<\/a><\/div>\n\n\n","protected":false},"excerpt":{"rendered":"<p>\u2022 Samedi 22 juin de 14h \u00e0 19h : Stand RESF \u00e0 la f\u00eate du Panier \u00e0 Marseille, place des Moulins (13002) \u2022 Mardi 2 juillet \u00e0 partir de 18h : Grande soir\u00e9e de Solidarit\u00e9, contre le racisme, pour la r\u00e9gularisation des Sans Papiers, organis\u00e9e par le RESF Ouest Etang de Berre, au Parc du [&hellip;]<\/p>\n","protected":false},"author":643,"featured_media":18553,"comment_status":"open","ping_status":"open","sticky":false,"template":"","format":"standard","meta":{"_themeisle_gutenberg_block_has_review":false,"footnotes":""},"categories":[152],"tags":[],"class_list":["post-6787","post","type-post","status-publish","format-standard","has-post-thumbnail","hentry","category-agenda-militant"],"_links":{"self":[{"href":"https:\/\/archives.regards.fr\/index.php?rest_route=\/wp\/v2\/posts\/6787","targetHints":{"allow":["GET"]}}],"collection":[{"href":"https:\/\/archives.regards.fr\/index.php?rest_route=\/wp\/v2\/posts"}],"about":[{"href":"https:\/\/archives.regards.fr\/index.php?rest_route=\/wp\/v2\/types\/post"}],"author":[{"embeddable":true,"href":"https:\/\/archives.regards.fr\/index.php?rest_route=\/wp\/v2\/users\/643"}],"replies":[{"embeddable":true,"href":"https:\/\/archives.regards.fr\/index.php?rest_route=%2Fwp%2Fv2%2Fcomments&post=6787"}],"version-history":[{"count":0,"href":"https:\/\/archives.regards.fr\/index.php?rest_route=\/wp\/v2\/posts\/6787\/revisions"}],"wp:featuredmedia":[{"embeddable":true,"href":"https:\/\/archives.regards.fr\/index.php?rest_route=\/wp\/v2\/media\/18553"}],"wp:attachment":[{"href":"https:\/\/archives.regards.fr\/index.php?rest_route=%2Fwp%2Fv2%2Fmedia&parent=6787"}],"wp:term":[{"taxonomy":"category","embeddable":true,"href":"https:\/\/archives.regards.fr\/index.php?rest_route=%2Fwp%2Fv2%2Fcategories&post=6787"},{"taxonomy":"post_tag","embeddable":true,"href":"https:\/\/archives.regards.fr\/index.php?rest_route=%2Fwp%2Fv2%2Ftags&post=6787"}],"curies":[{"name":"wp","href":"https:\/\/api.w.org\/{rel}","templated":true}]}}