{"id":6778,"date":"2013-06-18T12:28:11","date_gmt":"2013-06-18T10:28:11","guid":{"rendered":"https:\/\/wp.muchomaas.com\/grece-le-conseil-d-etat-ordonne-la6778\/"},"modified":"2023-06-23T23:14:50","modified_gmt":"2023-06-23T21:14:50","slug":"grece-le-conseil-d-etat-ordonne-la6778","status":"publish","type":"post","link":"https:\/\/archives.regards.fr\/?p=6778","title":{"rendered":"Gr\u00e8ce\u00a0: le Conseil d\u2019Etat ordonne la r\u00e9ouverture de l\u2019audiovisuel public"},"content":{"rendered":"<p class=\"post_excerpt\">Depuis le 11 juin, les Grecs \u00e9taient priv\u00e9s de leurs cha\u00eenes de radio et de t\u00e9l\u00e9vision publiques. Une d\u00e9cision unilat\u00e9rale du Premier ministre conservateur Antonis Samaras. Syndicats, citoyens et quelques voix europ\u00e9ennes se sont \u00e9lev\u00e9es contre cet affront \u00e0 la d\u00e9mocratie. Le Conseil d\u2019Etat r\u00e9ouvre provisoirement les ondes \u00e0 la radio-t\u00e9l\u00e9vision hell\u00e9nique (ERT).<\/p>\n<p>Le Conseil d\u2019Etat, la plus haute juridiction administrative de la Gr\u00e8ce, contrecarre <em>\u00ab\u00a0temporairement\u00a0\u00bb<\/em> la fermeture de la radio-t\u00e9l\u00e9vision hell\u00e9nique (ERT). Elle ordonne la r\u00e9ouverture du m\u00e9dia jusqu\u2019\u00e0 la cr\u00e9ation du nouvel organisme audiovisuel public. L\u2019\u00e9cran noir et le blackout impos\u00e9s sur les ondes depuis le 11 juin a choqu\u00e9 une grande partie des Grecs, des manifestations ont lieu dans tout le pays\u00a0: jeudi 13 juin, ils \u00e9taient plus de 10\u00a0000 \u00e0 crier leur indignation devant le si\u00e8ge de l\u2019ERT. Un recours en r\u00e9f\u00e9r\u00e9 a imm\u00e9diatement \u00e9t\u00e9 d\u00e9pos\u00e9 par le syndicat de l\u2019ERT. L\u2019\u00e9motion s\u2019est propag\u00e9e \u00e0 l\u2019Europe, des voix se sont \u00e9lev\u00e9es pour d\u00e9noncer l\u2019atteinte aux principes d\u00e9mocratique\u00a0: <em>\u00abLa d\u00e9cision de fermer de mani\u00e8re quasi-martiale, avec encerclement des \u00e9metteurs, un groupe entier de t\u00e9l\u00e9vision, c\u2019est quand m\u00eame grave dans une d\u00e9mocratie\u00bb,<\/em> a d\u00e9clar\u00e9 Christophe Deloire directeur g\u00e9n\u00e9ral de Reporters sans fronti\u00e8res. Une mesure d\u2019autant plus abjecte qu\u2019elle a \u00e9t\u00e9 prise de mani\u00e8re unilat\u00e9rale par le Premier ministre conservateur Antonis Samaras. Ni le Pasok ni la gauche d\u00e9mocratique Dimar, les deux autres composantes de la coalition gouvernementale, n\u2019ont approuv\u00e9  cette d\u00e9cision. <em>\u00ab\u00a0La Commission europ\u00e9enne n\u2019a pas demand\u00e9 la fermeture d\u2019ERT [\u2026]. Cette d\u00e9cision a \u00e9t\u00e9 prise par les autorit\u00e9s grecques dans le cadre des efforts majeurs fait par le gouvernement pour moderniser l\u2019\u00e9conomie grecque\u00a0\u00bb<\/em>, a d\u00e9clar\u00e9 Olli Rhen, commissaire europ\u00e9en aux affaires \u00e9conomiques et mon\u00e9taires, dans la droite ligne impos\u00e9e par la Tro\u00efka FMI-Commission europ\u00e9enne- Banque centrale.<\/p>\n<p>Le Conseil d\u2019Etat a donc d\u00e9cid\u00e9 de surseoir temporairement \u00e0 la fermeture de l\u2019ERT. Il doit se prononcer sur le fond de la d\u00e9cision gouvernementale en septembre. Le projet de r\u00e9former le service public audiovisuel reste d\u2019actualit\u00e9. La cr\u00e9ation d\u2019une nouvelle structure alliant radio, t\u00e9l\u00e9vision et internet est annonc\u00e9e. Elle devrait s\u2019appeler Nerit. Une commission tripartite compos\u00e9e de repr\u00e9sentants de chaque parti de la coalition serait charg\u00e9e <em>\u00abd\u2019embaucher un nombre de journalistes charg\u00e9s de faire fonctionner de nouveau la radio-t\u00e9l\u00e9vision publique\u00bb<\/em> jusqu\u2019\u00e0 l\u2019adoption du nouveau projet de loi sur l\u2019audiovisuel public apprend-t-on dans Lib\u00e9ration. <\/p>\n<p>Une r\u00e9union de crise se tenait lundi soir. Les trois partis gouvernementaux cherchent \u00e0 sortir de l\u2019impasse cristallis\u00e9e par la fermeture de l\u2019ERT. En plus de la r\u00e9ouverture transitoire du m\u00e9dia public, un remaniement minist\u00e9riel pourrait avoir lieu d\u2019ici la fin du mois de juin. Un an tout juste apr\u00e8s les \u00e9lections l\u00e9gislatives qui ont abouti au gouvernement de coalition d\u2019Antonis samaras, son unit\u00e9 et sa sauvegarde sont s\u00e9rieusement mises \u00e0 mal. Certes, les Grecs retrouvent leur radio et t\u00e9l\u00e9vision mais le feuilleton crise financi\u00e8re-crise sociale-crise politique continue inexorablement.<br \/>\nEn solidarit\u00e9 avec le peuple grec, Mediapart organise une soir\u00e9e de soutien le mardi 18 juin \u00e0 20 heures, au Th\u00e9\u00e2tre du Ch\u00e2telet, \u00e0 Paris.<\/p>\n<p>Artistes, journalistes, intellectuels grecs et fran\u00e7ais viendront t\u00e9moigner et d\u00e9fendre la n\u00e9cessit\u00e9 d&#8217;un service public audiovisuel ind\u00e9pendant des pouvoirs : <\/p>\n<ul>\n<li> \u2022 Thomais Papa\u00efoannou, correspondante de l&#8217;ERT<\/li>\n<li> \u2022 Elise Lucet, France2<\/li>\n<li> \u2022 Jean-Paul Philippot, pr\u00e9sident de l\u2019Union europ\u00e9enne de radiodiffusion<\/li>\n<li> \u2022 Christophe Deloire, secr\u00e9taire g\u00e9n\u00e9ral de RSF<\/li>\n<li> \u2022 Olivier Schrameck, pr\u00e9sident du CSA<\/li>\n<li> \u2022 Anne Hidalgo, premi\u00e8re adjointe au maire de Paris<\/li>\n<li> \u2022 Statis Kouv\u00e9lakis, chercheur, professeur en philosophie politique<\/li>\n<li> \u2022 Vicky Skoumbi, r\u00e9dactrice en chef de la revue de la revue \u03b1\u03bb\u03b7th\u03b5\u03b9\u03b1 (Ath\u00e8nes)<\/li>\n<li> \u2022 Panos Angelopoulos, Collectif de solidarit\u00e9 des Grecs \u00e0 Paris<\/li>\n<li> \u2022 Ariane Mnouchkine, Th\u00e9\u00e2tre du Soleil <\/li>\n<li> \u2022 Edwy Plenel, pour Mediapart, lancera un Appel citoyen pour l\u2019Europe de la culture et de la libert\u00e9 d&#8217;information.<\/li>\n<\/ul>\n<p>Des musiciens grecs animeront la soir\u00e9e : Katerina Fotinaki, compositrice chanteuse et musicienne, avec Stamos Semsis, premier alto de l\u2019Orchestre national de l\u2019ERT, et Orestis Kalabalikis, guitariste.<\/p>\n<p>L&#8217;entr\u00e9e est gratuite. Venez nombreux !<\/p>\n<p>En partenariat avec Reporters sans fronti\u00e8res (RSF) et avec le soutien de l&#8217;Humanit\u00e9, Marianne, Les Inrockuptibles, Regards, Politis ainsi que les associations Attac et le Comit\u00e9 Roosevelt 2012.<\/p>\n<p>RSVP : invitations@mediapart.fr<\/p>\n<p>Th\u00e9\u00e2tre du Ch\u00e2telet<br \/>\n1, place du Ch\u00e2telet <br \/> <br \/>\n75001 Paris<div id='gallery-1' class='gallery galleryid-6778 gallery-columns-3 gallery-size-thumbnail'><figure class='gallery-item'>\n\t\t\t<div class='gallery-icon landscape'>\n\t\t\t\t<a href='https:\/\/archives.regards.fr\/wp-content\/uploads\/2013\/06\/tv-2-725.png'><img loading=\"lazy\" decoding=\"async\" width=\"150\" height=\"150\" src=\"https:\/\/archives.regards.fr\/wp-content\/uploads\/2013\/06\/tv-2-725-150x150.png\" class=\"attachment-thumbnail size-thumbnail\" alt=\"tv-2.png\" \/><\/a>\n\t\t\t<\/div><\/figure>\n\t\t<\/div>\n<\/p>\n","protected":false},"excerpt":{"rendered":"<p>Depuis le 11 juin, les Grecs \u00e9taient priv\u00e9s de leurs cha\u00eenes de radio et de t\u00e9l\u00e9vision publiques. Une d\u00e9cision unilat\u00e9rale du Premier ministre conservateur Antonis Samaras. Syndicats, citoyens et quelques voix europ\u00e9ennes se sont \u00e9lev\u00e9es contre cet affront \u00e0 la d\u00e9mocratie. Le Conseil d\u2019Etat r\u00e9ouvre provisoirement les ondes \u00e0 la radio-t\u00e9l\u00e9vision hell\u00e9nique (ERT).<\/p>\n","protected":false},"author":1186,"featured_media":18542,"comment_status":"open","ping_status":"open","sticky":false,"template":"","format":"standard","meta":{"_themeisle_gutenberg_block_has_review":false,"footnotes":""},"categories":[157],"tags":[420],"class_list":["post-6778","post","type-post","status-publish","format-standard","has-post-thumbnail","hentry","category-web","tag-grece"],"_links":{"self":[{"href":"https:\/\/archives.regards.fr\/index.php?rest_route=\/wp\/v2\/posts\/6778","targetHints":{"allow":["GET"]}}],"collection":[{"href":"https:\/\/archives.regards.fr\/index.php?rest_route=\/wp\/v2\/posts"}],"about":[{"href":"https:\/\/archives.regards.fr\/index.php?rest_route=\/wp\/v2\/types\/post"}],"author":[{"embeddable":true,"href":"https:\/\/archives.regards.fr\/index.php?rest_route=\/wp\/v2\/users\/1186"}],"replies":[{"embeddable":true,"href":"https:\/\/archives.regards.fr\/index.php?rest_route=%2Fwp%2Fv2%2Fcomments&post=6778"}],"version-history":[{"count":0,"href":"https:\/\/archives.regards.fr\/index.php?rest_route=\/wp\/v2\/posts\/6778\/revisions"}],"wp:featuredmedia":[{"embeddable":true,"href":"https:\/\/archives.regards.fr\/index.php?rest_route=\/wp\/v2\/media\/18542"}],"wp:attachment":[{"href":"https:\/\/archives.regards.fr\/index.php?rest_route=%2Fwp%2Fv2%2Fmedia&parent=6778"}],"wp:term":[{"taxonomy":"category","embeddable":true,"href":"https:\/\/archives.regards.fr\/index.php?rest_route=%2Fwp%2Fv2%2Fcategories&post=6778"},{"taxonomy":"post_tag","embeddable":true,"href":"https:\/\/archives.regards.fr\/index.php?rest_route=%2Fwp%2Fv2%2Ftags&post=6778"}],"curies":[{"name":"wp","href":"https:\/\/api.w.org\/{rel}","templated":true}]}}