{"id":6775,"date":"2013-06-17T18:26:44","date_gmt":"2013-06-17T16:26:44","guid":{"rendered":"https:\/\/wp.muchomaas.com\/soiree-de-soutien-au-peuple-grec6775\/"},"modified":"2023-06-23T23:14:50","modified_gmt":"2023-06-23T21:14:50","slug":"soiree-de-soutien-au-peuple-grec6775","status":"publish","type":"post","link":"https:\/\/archives.regards.fr\/?p=6775","title":{"rendered":"Soir\u00e9e de soutien au peuple grec"},"content":{"rendered":"<p class=\"post_excerpt\">Mardi 18 juin \u00e0 20 heures au Th\u00e9\u00e2tre du Ch\u00e2telet, Paris Ier. Avec le soutien de <em>Regards<\/em>.<\/p>\n<p><em>\u00ab\u00a0Democracy, no signal\u00a0\u00bb<\/em> inscrit en plein dans la mire, l\u2019image est \u00e0 la hauteur du choc. Depuis une semaine la radio et la t\u00e9l\u00e9vision publiques grecques (ERT) n\u2019\u00e9mettent plus. Les forces de l\u2019ordre ont d\u00e9mont\u00e9 les antennes, c\u2019est le blackout sur les ondes. L\u2019aust\u00e9rit\u00e9 monte encore d\u2019un cran. Somm\u00e9 par la Tro\u00efka (Banque centrale europ\u00e9enne, Commission europ\u00e9enne et FMI) de d\u00e9graisser le service public de 2000 personnes en juin, le Premier ministre Antonis Samaras, a d\u00e9cid\u00e9 unilat\u00e9ralement de fermer l\u2019ERT. En effet, le Pasok et la gauche d\u00e9mocratique, membres de la coalition gouvernementale, se sont oppos\u00e9s au d\u00e9cret. Cette mesure est une mani\u00e8re pour Antonis Samaras de faire coup double, voire triple\u00a0: d\u2019abord sortir les 2700 personnels de l\u2019ERT des effectifs des  fonctionnaires, ensuite selon sa propre expression, de <em>\u00ab\u00a0lutter contre les bastions d\u2019opacit\u00e9 et de gaspillage\u00a0\u00bb<\/em>. Enfin, de faire oublier la privatisation rat\u00e9e de l\u2019entreprise du gaz. <\/p>\n<p>Un d\u00e9cret totalement contraire au trait\u00e9 europ\u00e9en d\u2019Amsterdam qui reconna\u00eet le service public de radiodiffusion<em> \u00ab comme directement li\u00e9 aux besoins d\u00e9mocratiques, sociaux et culturels de chaque soci\u00e9t\u00e9 ainsi que la n\u00e9cessit\u00e9 de pr\u00e9server le pluralisme dans les m\u00e9dias \u00bb<\/em> (protocole annexe au Trait\u00e9 d\u2019Amsterdam). Soutenus par 65% des Grecs, et fort de la mobilisation europ\u00e9enne, les personnels de l\u2019ERT occupent les locaux et continuent, malgr\u00e9 la coupure d\u2019ondes, \u00e0 r\u00e9diger des articles et \u00e0 tourner des reportages. Certains sont post\u00e9s sur Internet. Gr\u00e2ce \u00e0 l\u2019intervention de l\u2019Union europ\u00e9enne de radio-t\u00e9l\u00e9vision (UER), les images sont \u00e9galement diffus\u00e9es par satellite sur les canaux via l\u2019ERT international.<\/p>\n<p>Ce lundi soir, le gouvernement grec se r\u00e9unit pour d\u00e9cider du sort de l\u2019audiovisuel public\u00a0: une r\u00e9ouverture partielle pourrait \u00eatre act\u00e9e. Mais la mise sous contr\u00f4le de la nouvelle structure par un groupe de sages \u00e9lus pour neuf ans pose la question de l\u2019ind\u00e9pendance de ces m\u00e9dias. Une \u00e9tape qui pr\u00e9pare l\u2019instauration d\u2019une future radio-t\u00e9l\u00e9vision-internet grecque baptis\u00e9e \u00ab\u00a0nerit\u00a0\u00bb. Ironie de l\u2019histoire, le domaine \u00ab\u00a0nerit.gr\u00a0\u00bb n\u2019a pas \u00e9t\u00e9 achet\u00e9 par l\u2019Etat \u2013 <em>\u00ab\u00a0Des petits malins\u00a0\u00bb<\/em> se le sont accapar\u00e9. <em>\u00ab\u00a0R\u00e9sultat, lorsqu\u2019on tape \u00abnerit.gr\u00bb d\u00e9sormais, on tombe&#8230; sur les programmes de la d\u00e9funte t\u00e9l\u00e9vision publique ERT qui continue malgr\u00e9 tout \u00e0 diffuser sur Internet. Avec cette annonce bien sentie\u00a0: \u00abnerit.gr n\u2019est pas disponible, svp essayer\u00a0la-pizzeria-qui-a-ferm\u00e9.gr\u00bb<\/em>, nous informe <em>Lib\u00e9ration<\/em>. La bataille pour l\u2019information ne fait que commencer.<\/p>\n<p>En solidarit\u00e9 avec le peuple grec, Mediapart organise une soir\u00e9e de soutien le mardi 18 juin \u00e0 20 heures, au Th\u00e9\u00e2tre du Ch\u00e2telet, \u00e0 Paris.<\/p>\n<p>Artistes, journalistes, intellectuels grecs et fran\u00e7ais viendront t\u00e9moigner et d\u00e9fendre la n\u00e9cessit\u00e9 d&#8217;un service public audiovisuel ind\u00e9pendant des pouvoirs : <\/p>\n<ul>\n<li> \u2022 Thomais Papa\u00efoannou, correspondante de l&#8217;ERT<\/li>\n<li> \u2022 Elise Lucet, France2<\/li>\n<li> \u2022 Jean-Paul Philippot, pr\u00e9sident de l\u2019Union europ\u00e9enne de radiodiffusion<\/li>\n<li> \u2022 Christophe Deloire, secr\u00e9taire g\u00e9n\u00e9ral de RSF<\/li>\n<li> \u2022 Olivier Schrameck, pr\u00e9sident du CSA<\/li>\n<li> \u2022 Anne Hidalgo, premi\u00e8re adjointe au maire de Paris<\/li>\n<li> \u2022 Statis Kouv\u00e9lakis, chercheur, professeur en philosophie politique<\/li>\n<li> \u2022 Vicky Skoumbi, r\u00e9dactrice en chef de la revue de la revue \u03b1\u03bb\u03b7th\u03b5\u03b9\u03b1 (Ath\u00e8nes)<\/li>\n<li> \u2022 Panos Angelopoulos, Collectif de solidarit\u00e9 des Grecs \u00e0 Paris<\/li>\n<li> \u2022 Ariane Mnouchkine, Th\u00e9\u00e2tre du Soleil <\/li>\n<li> \u2022 Edwy Plenel, pour Mediapart, lancera un Appel citoyen pour l\u2019Europe de la culture et de la libert\u00e9 d&#8217;information.\n<p>Des musiciens grecs animeront la soir\u00e9e : Katerina Fotinaki, compositrice chanteuse et musicienne, avec Stamos Semsis, premier alto de l\u2019Orchestre national de l\u2019ERT, et Orestis Kalabalikis, guitariste.<\/li>\n<\/ul>\n<p>L&#8217;entr\u00e9e est gratuite. Venez nombreux !<\/p>\n<p>En partenariat avec Reporters sans fronti\u00e8res (RSF) et avec le soutien de <em>l&#8217;Humanit\u00e9<\/em>, <em>Marianne<\/em>, <em>Les Inrockuptibles<\/em>, <em>Regards<\/em>, <em>Politis<\/em> ainsi que les associations Attac et le Comit\u00e9 Roosevelt 2012.<\/p>\n<p>RSVP : invitations@mediapart.fr<\/p>\n<p>Th\u00e9\u00e2tre du Ch\u00e2telet<br \/>\n1, place du Ch\u00e2telet<br \/> <br \/>\n75001 Paris<br \/>\n<div id='gallery-1' class='gallery galleryid-6775 gallery-columns-3 gallery-size-thumbnail'><figure class='gallery-item'>\n\t\t\t<div class='gallery-icon landscape'>\n\t\t\t\t<a href='https:\/\/archives.regards.fr\/wp-content\/uploads\/2013\/06\/gr-740.png'><img loading=\"lazy\" decoding=\"async\" width=\"150\" height=\"150\" src=\"https:\/\/archives.regards.fr\/wp-content\/uploads\/2013\/06\/gr-740-150x150.png\" class=\"attachment-thumbnail size-thumbnail\" alt=\"gr.png\" \/><\/a>\n\t\t\t<\/div><\/figure>\n\t\t<\/div>\n<\/p>\n","protected":false},"excerpt":{"rendered":"<p>Mardi 18 juin \u00e0 20 heures au Th\u00e9\u00e2tre du Ch\u00e2telet, Paris Ier. Avec le soutien de <em>Regards<\/em>.<\/p>\n","protected":false},"author":1186,"featured_media":18536,"comment_status":"open","ping_status":"open","sticky":false,"template":"","format":"standard","meta":{"_themeisle_gutenberg_block_has_review":false,"footnotes":""},"categories":[157],"tags":[420],"class_list":["post-6775","post","type-post","status-publish","format-standard","has-post-thumbnail","hentry","category-web","tag-grece"],"_links":{"self":[{"href":"https:\/\/archives.regards.fr\/index.php?rest_route=\/wp\/v2\/posts\/6775","targetHints":{"allow":["GET"]}}],"collection":[{"href":"https:\/\/archives.regards.fr\/index.php?rest_route=\/wp\/v2\/posts"}],"about":[{"href":"https:\/\/archives.regards.fr\/index.php?rest_route=\/wp\/v2\/types\/post"}],"author":[{"embeddable":true,"href":"https:\/\/archives.regards.fr\/index.php?rest_route=\/wp\/v2\/users\/1186"}],"replies":[{"embeddable":true,"href":"https:\/\/archives.regards.fr\/index.php?rest_route=%2Fwp%2Fv2%2Fcomments&post=6775"}],"version-history":[{"count":0,"href":"https:\/\/archives.regards.fr\/index.php?rest_route=\/wp\/v2\/posts\/6775\/revisions"}],"wp:featuredmedia":[{"embeddable":true,"href":"https:\/\/archives.regards.fr\/index.php?rest_route=\/wp\/v2\/media\/18536"}],"wp:attachment":[{"href":"https:\/\/archives.regards.fr\/index.php?rest_route=%2Fwp%2Fv2%2Fmedia&parent=6775"}],"wp:term":[{"taxonomy":"category","embeddable":true,"href":"https:\/\/archives.regards.fr\/index.php?rest_route=%2Fwp%2Fv2%2Fcategories&post=6775"},{"taxonomy":"post_tag","embeddable":true,"href":"https:\/\/archives.regards.fr\/index.php?rest_route=%2Fwp%2Fv2%2Ftags&post=6775"}],"curies":[{"name":"wp","href":"https:\/\/api.w.org\/{rel}","templated":true}]}}