{"id":6765,"date":"2013-06-14T11:03:39","date_gmt":"2013-06-14T09:03:39","guid":{"rendered":"https:\/\/wp.muchomaas.com\/virgin-barbes-la-culture-de-l6765\/"},"modified":"2023-06-23T23:14:49","modified_gmt":"2023-06-23T21:14:49","slug":"virgin-barbes-la-culture-de-l6765","status":"publish","type":"post","link":"https:\/\/archives.regards.fr\/?p=6765","title":{"rendered":"Virgin Barb\u00e8s, la culture de l\u2019occupation"},"content":{"rendered":"<p class=\"post_excerpt\">Le magasin Virgin de Barb\u00e8s est occup\u00e9 par les salari\u00e9s depuis le 11 juin. Un mouvement qui touche d\u2019autres sites en France. Les \u00ab\u00a0gilets rouges\u00a0\u00bb sont d\u00e9termin\u00e9s \u00e0 obtenir un plan social cons\u00e9quent en l\u2019absence de repreneur. Les 26 Virgin Megastore sont condamn\u00e9s entra\u00eenant 1\u00a0000 suppressions d\u2019emplois.<\/p>\n<p>Les rideaux de fer sont tir\u00e9s mais on devine de la lumi\u00e8re \u00e0 l\u2019int\u00e9rieur. Sur le c\u00f4t\u00e9, une porte est ouverte, une affiche faite main\u00a0: <em>\u00ab\u00a0Les salari\u00e9s doivent \u00eatre les premiers cr\u00e9anciers\u00a0\u00bb<\/em>. Depuis mardi 11 juin, les salari\u00e9s du Virgin boulevard Barb\u00e8s \u00e0 Paris occupent leur magasin pour obtenir \u00ab\u00a0un plan social \u00e0 la hauteur\u00a0\u00bb. Au total, ce sont 5 sites\u00a0: Paris-Champs Elys\u00e9es, Paris-Barb\u00e8s, Paris-Grands Boulevards, Strasbourg, Rouen, qui sont occup\u00e9s. La direction de Virgin Megastore a ferm\u00e9 <a href=\"http:\/\/tempsreel.nouvelobs.com\/france-la-crise-sociale\/20130612.OBS2895\/les-magasins-virgin-occupes-pour-un-plan-social-decent.html\">de mani\u00e8re anticip\u00e9e<\/a> les autres sites pour pr\u00e9venir l\u2019extension du mouvement. Le Tribunal de commerce de Paris a prononc\u00e9 la liquidation judiciaire de l\u2019enseigne le 10 juin.<\/p>\n<p>A Barb\u00e8s, \u00e0 proximit\u00e9 imm\u00e9diate du quartier populaire de la Goutte d\u2019or, les salari\u00e9s se sont organis\u00e9s. Les 28 \u00ab\u00a0gilets rouges\u00a0\u00bb employ\u00e9s sur ce site participent au mouvement, assurant la pr\u00e9sence de 15 \u00e0 20 d\u2019entre eux en journ\u00e9e mais aussi la nuit. Au rez-de-chauss\u00e9e, ils ont cr\u00e9\u00e9 leur chambre, avec matelas gonflables, couvertures et duvets. Les visages sont souriants malgr\u00e9 tout, heureux d\u2019\u00eatre l\u00e0, ensemble. <em>\u00ab\u00a0Je n\u2019ai jamais vu une telle d\u00e9termination ni une telle unit\u00e9\u00a0\u00bb<\/em>, se f\u00e9licite Julien, 40 ans, militant syndical. Quand l\u2019un va chercher une boisson, il propose d\u2019en amener aux autres. Au niveau national aussi, les syndicats sont unis comme jamais. <\/p>\n<p>Lundi 10 juin, le Tribunal de commerce a annonc\u00e9 qu\u2019aucun projet de reprise n\u2019est retenu, pronon\u00e7ant la liquidation judiciaire de l\u2019enseigne culturelle. Les 1\u00a0000 salari\u00e9s et les 26 magasins de Virgin sont donc condamn\u00e9s. Si, \u00e7\u00e0 et l\u00e0, les salari\u00e9s font \u00e9merger des projets pour leur magasin comme \u00e0 Barb\u00e8s ou \u00e0 Marseille, la lutte a d\u2019abord pour objet d\u2019obtenir l\u2019abondement du plan social. A l\u2019heure actuelle, les actionnaires ont confirm\u00e9 6 millions d\u2019euros, les salari\u00e9s en demandent 15 pour permettre le reclassement des salari\u00e9s. <\/p>\n<p>La mobilisation qui se maintient \u00e0 haut niveau depuis janvier a permis d\u2019obtenir de Butler Capital Partner, actionnaire majoritaire, la promesse de 2 millions d\u2019euros suppl\u00e9mentaires. Manquent 7 millions pour faire la cl\u00f4ture du plan revendiqu\u00e9 par les syndicats. Or, 7 millions, c\u2019est pr\u00e9cis\u00e9ment ce qu\u2019ont rapport\u00e9 les <a href=\"http:\/\/www.rue89.com\/rue89-eco\/2013\/05\/27\/virgin-les-jours-insupportables-apres-mise-a-mort-soldes-242674\"><em>\u00ab\u00a0soldes de la honte\u00a0\u00bb<\/em><\/a>, cette op\u00e9ration sur 3 jours qui a vu les magasins rouges et blancs d\u00e9valis\u00e9s par des <em>\u00ab\u00a0zombies\u00a0\u00bb<\/em> selon le mot de Namia, libraire \u00e0 Barb\u00e8s. <em>\u00ab\u00a0Ce ne sont pas les clients habituels qui sont venus, racontent Namia et Julien. On a retrouv\u00e9 nos marchandises dans les magasins des alentours.\u00a0\u00bb<\/em><\/p>\n<p>A Barb\u00e8s, la client\u00e8le de Virgin est compos\u00e9e d\u2019habitu\u00e9s, dont certains viennent apporter un mot d\u2019encouragement, un sourire. Des attentions qui permettent aux salari\u00e9s de tenir. Leur cible actuelle demeure Arnaud Lagard\u00e8re, actionnaire d\u00e9sormais minoritaire mais qui a \u00e9t\u00e9 propri\u00e9taire de la cha\u00eene de 2002 \u00e0 2008. L\u2019intersyndicale exige qu\u2019il participe au plan social, le tenant pour responsable des d\u00e9boires de l\u2019enseigne culturelle. Selon des sources internes au groupe Lagard\u00e8re, le <em>golden boy<\/em> fran\u00e7ais reconna\u00eetrait cette responsabilit\u00e9, disposerait des fonds pour r\u00e9pondre aux demandes des \u00ab\u00a0gilets rouges\u00a0\u00bb mais ferait de son refus de le faire une question de principes.<\/p>\n<p>Les salari\u00e9s qui occupent les magasins en ont donc appel\u00e9 aux politiques pour se faire entendre. Les \u00e9lus parisiens du Front de Gauche se succ\u00e8dent dans les locaux du boulevard Barb\u00e8s. Ian Brossat et Danielle Simonnet sont en pointe sur le dossier. Ian Brossat, \u00e9lu du 18e, a d\u00e9pos\u00e9 un v\u0153u au conseil d\u2019arrondissement pour que la Ville de Paris fasse pression sur les actionnaires. Il r\u00e9clame aussi que la municipalit\u00e9 prenne toutes les mesures afin que ce magasin, dont les murs lui appartiennent au travers de l\u2019OPAC reste d\u00e9volu au commerce culturel.<br \/>\nDans un coin du magasin, Didier Le Reste appelle ses camarades cheminots pour faire livrer boissons et vivres. La solidarit\u00e9 a de multiples visages. Elle permet aux salari\u00e9s de Virgin de garder le sourire en attendant lundi. Ce jour-l\u00e0, ils se rendront au Tribunal de commerce qui rendra l\u2019application de sa d\u00e9cision. <div id='gallery-1' class='gallery galleryid-6765 gallery-columns-3 gallery-size-thumbnail'><figure class='gallery-item'>\n\t\t\t<div class='gallery-icon landscape'>\n\t\t\t\t<a href='https:\/\/archives.regards.fr\/wp-content\/uploads\/2013\/06\/virgin-2-ff3.jpg'><img loading=\"lazy\" decoding=\"async\" width=\"150\" height=\"150\" src=\"https:\/\/archives.regards.fr\/wp-content\/uploads\/2013\/06\/virgin-2-ff3-150x150.jpg\" class=\"attachment-thumbnail size-thumbnail\" alt=\"Virgin Barb\u00e8s, la culture de l\u2019occupation\" aria-describedby=\"gallery-1-18523\" \/><\/a>\n\t\t\t<\/div>\n\t\t\t\t<figcaption class='wp-caption-text gallery-caption' id='gallery-1-18523'>\n\t\t\t\tVirgin Barb\u00e8s, la culture de l\u2019occupation\n\t\t\t\t<\/figcaption><\/figure>\n\t\t<\/div>\n<\/p>\n","protected":false},"excerpt":{"rendered":"<p>Le magasin Virgin de Barb\u00e8s est occup\u00e9 par les salari\u00e9s depuis le 11 juin. Un mouvement qui touche d\u2019autres sites en France. Les \u00ab\u00a0gilets rouges\u00a0\u00bb sont d\u00e9termin\u00e9s \u00e0 obtenir un plan social cons\u00e9quent en l\u2019absence de repreneur. Les 26 Virgin Megastore sont condamn\u00e9s entra\u00eenant 1\u00a0000 suppressions d\u2019emplois.<\/p>\n","protected":false},"author":1149,"featured_media":18523,"comment_status":"open","ping_status":"open","sticky":false,"template":"","format":"standard","meta":{"_themeisle_gutenberg_block_has_review":false,"footnotes":""},"categories":[157],"tags":[315],"class_list":["post-6765","post","type-post","status-publish","format-standard","has-post-thumbnail","hentry","category-web","tag-syndicats"],"_links":{"self":[{"href":"https:\/\/archives.regards.fr\/index.php?rest_route=\/wp\/v2\/posts\/6765","targetHints":{"allow":["GET"]}}],"collection":[{"href":"https:\/\/archives.regards.fr\/index.php?rest_route=\/wp\/v2\/posts"}],"about":[{"href":"https:\/\/archives.regards.fr\/index.php?rest_route=\/wp\/v2\/types\/post"}],"author":[{"embeddable":true,"href":"https:\/\/archives.regards.fr\/index.php?rest_route=\/wp\/v2\/users\/1149"}],"replies":[{"embeddable":true,"href":"https:\/\/archives.regards.fr\/index.php?rest_route=%2Fwp%2Fv2%2Fcomments&post=6765"}],"version-history":[{"count":0,"href":"https:\/\/archives.regards.fr\/index.php?rest_route=\/wp\/v2\/posts\/6765\/revisions"}],"wp:featuredmedia":[{"embeddable":true,"href":"https:\/\/archives.regards.fr\/index.php?rest_route=\/wp\/v2\/media\/18523"}],"wp:attachment":[{"href":"https:\/\/archives.regards.fr\/index.php?rest_route=%2Fwp%2Fv2%2Fmedia&parent=6765"}],"wp:term":[{"taxonomy":"category","embeddable":true,"href":"https:\/\/archives.regards.fr\/index.php?rest_route=%2Fwp%2Fv2%2Fcategories&post=6765"},{"taxonomy":"post_tag","embeddable":true,"href":"https:\/\/archives.regards.fr\/index.php?rest_route=%2Fwp%2Fv2%2Ftags&post=6765"}],"curies":[{"name":"wp","href":"https:\/\/api.w.org\/{rel}","templated":true}]}}