{"id":6748,"date":"2013-06-12T11:50:41","date_gmt":"2013-06-12T09:50:41","guid":{"rendered":"https:\/\/wp.muchomaas.com\/expo-notre-dame-des-landes-a6748\/"},"modified":"2013-06-12T11:50:41","modified_gmt":"2013-06-12T09:50:41","slug":"expo-notre-dame-des-landes-a6748","status":"publish","type":"post","link":"https:\/\/archives.regards.fr\/?p=6748","title":{"rendered":"Expo Art &#038; Notre-Dame-des-Landes au Sel de Bretagne"},"content":{"rendered":"<p class=\"post_excerpt\">Les samedi et dimanche 29 et 30 juin 2013, de 14h30 \u00e0 18h30.<\/p>\n<p>Le projet d&#8217;un \u00e9ventuel a\u00e9roport au nord de Nantes, \u00e0 Notre-Dame-des-Landes, est sujet \u00e0 d\u00e9bat et l&#8217;opposition \u00e0 ce projet se manifeste largement dans le domaine culturel par des chansons, des dessins, des affiches&#8230;<\/p>\n<p>L&#8217;association A.M.E. qui est en charge du Mus\u00e9e Eug\u00e8ne Aulnette au Sel de Bretagne, accueillera une exposition artistique sur ce th\u00e8me, contribution originale d&#8217;un collectif d&#8217;artistes divers : \u00ab Art et Notre Dame Des Landes \u00bb.<\/p>\n<p>Sculpteurs, peintres, photographes, graveurs, s\u00e9rigraphistes, graffeurs ou po\u00e8tes&#8230; s&#8217;expriment ici contre l&#8217;a\u00e9roport, avec humour, gravit\u00e9, tristesse, col\u00e8re ou po\u00e9sie, mais toujours de fa\u00e7on tr\u00e8s personnelle.<\/p>\n<p>A voir Salle bleue au Sel de Bretagne, en face du Mus\u00e9e, les samedi et dimanche 29 et 30 juin 2013, de 14h30 \u00e0 18h30.<\/p>\n<p>Entr\u00e9e libre et gratuite.<\/p>\n<p><a href=\"https:\/\/wp.muchomaas.com\/tags\/notre-dame-des-landes\"><strong>Lire nos articles<\/strong> sur la lutte de Notre-Dame-des-Landes : ici<\/a><\/p>\n","protected":false},"excerpt":{"rendered":"<p>Les samedi et dimanche 29 et 30 juin 2013, de 14h30 \u00e0 18h30.<\/p>\n","protected":false},"author":643,"featured_media":18499,"comment_status":"open","ping_status":"open","sticky":false,"template":"","format":"standard","meta":{"_themeisle_gutenberg_block_has_review":false,"footnotes":""},"categories":[152],"tags":[403],"class_list":["post-6748","post","type-post","status-publish","format-standard","has-post-thumbnail","hentry","category-agenda-militant","tag-notre-dame-des-landes"],"_links":{"self":[{"href":"https:\/\/archives.regards.fr\/index.php?rest_route=\/wp\/v2\/posts\/6748","targetHints":{"allow":["GET"]}}],"collection":[{"href":"https:\/\/archives.regards.fr\/index.php?rest_route=\/wp\/v2\/posts"}],"about":[{"href":"https:\/\/archives.regards.fr\/index.php?rest_route=\/wp\/v2\/types\/post"}],"author":[{"embeddable":true,"href":"https:\/\/archives.regards.fr\/index.php?rest_route=\/wp\/v2\/users\/643"}],"replies":[{"embeddable":true,"href":"https:\/\/archives.regards.fr\/index.php?rest_route=%2Fwp%2Fv2%2Fcomments&post=6748"}],"version-history":[{"count":0,"href":"https:\/\/archives.regards.fr\/index.php?rest_route=\/wp\/v2\/posts\/6748\/revisions"}],"wp:featuredmedia":[{"embeddable":true,"href":"https:\/\/archives.regards.fr\/index.php?rest_route=\/wp\/v2\/media\/18499"}],"wp:attachment":[{"href":"https:\/\/archives.regards.fr\/index.php?rest_route=%2Fwp%2Fv2%2Fmedia&parent=6748"}],"wp:term":[{"taxonomy":"category","embeddable":true,"href":"https:\/\/archives.regards.fr\/index.php?rest_route=%2Fwp%2Fv2%2Fcategories&post=6748"},{"taxonomy":"post_tag","embeddable":true,"href":"https:\/\/archives.regards.fr\/index.php?rest_route=%2Fwp%2Fv2%2Ftags&post=6748"}],"curies":[{"name":"wp","href":"https:\/\/api.w.org\/{rel}","templated":true}]}}