{"id":674,"date":"2019-10-04T09:59:13","date_gmt":"2019-10-04T07:59:13","guid":{"rendered":"https:\/\/wp.muchomaas.com\/breve-emmanuel-macron-674\/"},"modified":"2019-10-04T09:59:13","modified_gmt":"2019-10-04T07:59:13","slug":"breve-emmanuel-macron-674","status":"publish","type":"post","link":"https:\/\/archives.regards.fr\/?p=674","title":{"rendered":"Emmanuel Macron"},"content":{"rendered":"<p><em>\u00ab Je n&#8217;adore pas le mot &#8220;p\u00e9nibilit\u00e9&#8221; car \u00e7a donne le sentiment que le travail serait p\u00e9nible. \u00bb<\/em> (03\/10\/2019)<\/p>\n","protected":false},"excerpt":{"rendered":"<p>\u00ab Je n&#8217;adore pas le mot &#8220;p\u00e9nibilit\u00e9&#8221; car \u00e7a donne le sentiment que le travail serait p\u00e9nible. \u00bb (03\/10\/2019)<\/p>\n","protected":false},"author":1,"featured_media":0,"comment_status":"open","ping_status":"open","sticky":false,"template":"","format":"standard","meta":{"_themeisle_gutenberg_block_has_review":false,"footnotes":""},"categories":[284],"tags":[],"class_list":["post-674","post","type-post","status-publish","format-standard","hentry","category-declarama-breves"],"_links":{"self":[{"href":"https:\/\/archives.regards.fr\/index.php?rest_route=\/wp\/v2\/posts\/674","targetHints":{"allow":["GET"]}}],"collection":[{"href":"https:\/\/archives.regards.fr\/index.php?rest_route=\/wp\/v2\/posts"}],"about":[{"href":"https:\/\/archives.regards.fr\/index.php?rest_route=\/wp\/v2\/types\/post"}],"author":[{"embeddable":true,"href":"https:\/\/archives.regards.fr\/index.php?rest_route=\/wp\/v2\/users\/1"}],"replies":[{"embeddable":true,"href":"https:\/\/archives.regards.fr\/index.php?rest_route=%2Fwp%2Fv2%2Fcomments&post=674"}],"version-history":[{"count":0,"href":"https:\/\/archives.regards.fr\/index.php?rest_route=\/wp\/v2\/posts\/674\/revisions"}],"wp:attachment":[{"href":"https:\/\/archives.regards.fr\/index.php?rest_route=%2Fwp%2Fv2%2Fmedia&parent=674"}],"wp:term":[{"taxonomy":"category","embeddable":true,"href":"https:\/\/archives.regards.fr\/index.php?rest_route=%2Fwp%2Fv2%2Fcategories&post=674"},{"taxonomy":"post_tag","embeddable":true,"href":"https:\/\/archives.regards.fr\/index.php?rest_route=%2Fwp%2Fv2%2Ftags&post=674"}],"curies":[{"name":"wp","href":"https:\/\/api.w.org\/{rel}","templated":true}]}}