{"id":6738,"date":"2013-06-10T11:01:44","date_gmt":"2013-06-10T09:01:44","guid":{"rendered":"https:\/\/wp.muchomaas.com\/altersummit-l-autre-europe6738\/"},"modified":"2023-06-23T23:14:46","modified_gmt":"2023-06-23T21:14:46","slug":"altersummit-l-autre-europe6738","status":"publish","type":"post","link":"https:\/\/archives.regards.fr\/?p=6738","title":{"rendered":"AlterSummit : l&#8217;autre Europe"},"content":{"rendered":"\n\n<p class=\"post_excerpt\">R\u00e9uni \u00e0 Ath\u00e8nes les 7 et 8 juin 2013, l&#8217;AlterSummit est un rassemblement de syndicats et de diverses associations unis autour d&#8217;un Manifeste pour une autre Europe, d\u00e9mocratique, sociale, \u00e9cologique et f\u00e9ministe. Cette d\u00e9marche est \u00e0 relier avec l&#8217;opposition toute nouvelle des syndicats europ\u00e9ens au dernier Trait\u00e9 europ\u00e9en sur la stabilit\u00e9.<\/p>\n\nStation de m\u00e9tro Eirini : ancien stade des Jeux Olympiques d&#8217;Ath\u00e8nes de 2004. Le lieu para\u00eet abandonn\u00e9, l&#8217;herbe pousse d\u00e9sormais entre les dalles, souvent cass\u00e9es. Une grande nef de m\u00e9tal blanc longue de plusieurs centaines de m\u00e8tres nous conduit au v\u00e9lodrome, l\u00e0 o\u00f9 se tiennent les diff\u00e9rentes r\u00e9unions de l&#8217;AlterSummit.\n\nL&#8217;AlterSummit europ\u00e9en est une initiative d&#8217;un nouveau format destin\u00e9 \u00e0 pr\u00e9senter une alternative globale aux politiques d&#8217;aust\u00e9rit\u00e9 men\u00e9es en Europe et qui, toutes, m\u00e8nent \u00e0 la r\u00e9cession. Alors que les Forums sociaux ne prennent pas de d\u00e9cisions collectives, l&#8217;AlterSummit rassemble autour d&#8217;un manifeste co-\u00e9labor\u00e9 par diverses organisations syndicales et mouvement sociaux. Et c&#8217;est ici que se situe le changement. \n\nAlors que les syndicats ont plus ou moins d\u00e9sert\u00e9 le mouvement altermondialiste, de nombreux poids lourds ont sign\u00e9 ce manifeste. La totalit\u00e9 des syndicats britanniques (Trade Union Congress), le syndicat espagnol CCOO, la puissante f\u00e9d\u00e9ration allemande de la m\u00e9tallurgie IG Metall, la CGIL italienne, la CGTP portugaise et les deux centrales grecques des travailleurs du public (Adedy) et du priv\u00e9 (GSEE). C\u00f4t\u00e9 fran\u00e7ais, la CGT, la FSU ainsi que l&#8217;Union syndicale Solidaires c\u00f4toyaient les classiques du mouvement altermondialiste tels qu&#8217;Attac, l&#8217;AITEC ou encore la Marche mondiale des femmes. Cette pr\u00e9sence de nombreux syndicats europ\u00e9ens dans ce sommet ne serait-elle pas une cons\u00e9quence de la d\u00e9cision de la Conf\u00e9d\u00e9ration Europ\u00e9enne des Syndicats de rejeter, le 25 janvier 2012 et pour la premi\u00e8re fois de son histoire, un trait\u00e9 europ\u00e9en, celui <em>\u00ab\u00a0sur la stabilit\u00e9, la coordination et la gouvernance dans l\u2019union \u00e9conomique et mon\u00e9taire\u00a0\u00bb <\/em> ?\n\nLe manifeste ? Centr\u00e9 sur la n\u00e9cessit\u00e9 de mettre fin \u00e0 l&#8217;aust\u00e9rit\u00e9 avant que celle-ci ne d\u00e9truise la d\u00e9mocratie. Organis\u00e9 en quatre volets, <em>\u00ab\u00a0En finir avec l&#8217;esclavage de la dette\u00a0\u00bb<\/em>, <em>\u00ab\u00a0Pour une Europe \u00e9cologique et sociale : stop \u00e0 l&#8217;aust\u00e9rit\u00e9 !\u00a0\u00bb<\/em>, <em>\u00ab\u00a0Des droits pour toutes et tous : non \u00e0 la pr\u00e9carit\u00e9 et \u00e0 la pauvret\u00e9 !\u00a0\u00bb<\/em>, <em>\u00ab\u00a0Pour la d\u00e9mocratie \u00e9conomique : les banques au service de l&#8217;int\u00e9r\u00eat g\u00e9n\u00e9ral\u00a0\u00bb<\/em>, il aboutit \u00e0 un catalogue de 17 propositions. Mettre fin aux m\u00e9morandums et aux plans d&#8217;aust\u00e9rit\u00e9 est la base de d\u00e9part qui se conjugue avec une fiscalit\u00e9 plus redistributive et la possibilit\u00e9 pour la Banque centrale de pr\u00eater aux Etats. La n\u00e9cessit\u00e9 d&#8217;engager une transition \u00e9cologique et sociale est affirm\u00e9e conjointement avec l&#8217;instauration de salaires minimums dans tous les pays, la reprise des n\u00e9gociations collectives, le droit au logement, l&#8217;\u00e9galit\u00e9 homme-femme et la protection des migrants.  Le contr\u00f4le social du secteur bancaire constitue en quelque sorte la cl\u00e9 qui permettra que tout ceci se r\u00e9alise. Ce manifeste est \u00e0 la fois un compromis entre les diff\u00e9rents signataires, ce qui explique le  flou dans certaines propositions, et une avanc\u00e9e r\u00e9elle en terme d&#8217;articulation entre les syndicats et les mouvements sociaux. \n\nLa s\u00e9ance pl\u00e9ni\u00e8re de ce sommet s&#8217;est tenue dans la soir\u00e9e du 7 juin. Outre les diverses prises de parole des syndicats et des comit\u00e9s d&#8217;organisation nationaux de l&#8217;AlterSummit, celle-ci a permis de faire conna\u00eetre aux participants internationaux les combats men\u00e9s en Chalcidique contre les ventes \u00e0 prix brad\u00e9 des terres aurifaires et la reprise en autogestion de l&#8217;entreprise Vio.Me. de Thessalonique. Une minute de silence a \u00e9t\u00e9 observ\u00e9e \u00e0 la m\u00e9moire de Cl\u00e9ment M\u00e9ric. Invit\u00e9 par l&#8217;AlterSummit \u00e0 titre personnel \u2013 les partis politiques n&#8217;ayant pas droit de cit\u00e9 \u2013 Alexis Tsipras, pr\u00e9sident du Synaspismos a cl\u00f4tur\u00e9 cette s\u00e9ance en expliquant l&#8217;importance de forger un mouvement social europ\u00e9en dans l&#8217;hypoth\u00e8se d&#8217;une arriv\u00e9e d&#8217;un gouvernement de rupture dans un pays de la taille de la Gr\u00e8ce.\n\nAu-del\u00e0 des pl\u00e9ni\u00e8res, trois s\u00e9ries de cinq assembl\u00e9es th\u00e9matiques simultan\u00e9es se sont tenues. A noter une forte pr\u00e9sence des dispensaires sociaux de sant\u00e9 auto-organis\u00e9s et des diff\u00e9rentes initiatives grecques pour faire face \u00e0 l&#8217;aust\u00e9rit\u00e9 rassembl\u00e9es dans un village alternatif. Une manifestation en direction de la Place Syntagma a cl\u00f4tur\u00e9 cet \u00e9v\u00e9nement. \n\nNous sommes ici tr\u00e8s loin du bouillonnement des Forums sociaux o\u00f9 chaque mouvement a la possibilit\u00e9 d&#8217;organiser seul ou avec des partenaires son atelier. Est-ce ce qui explique une fr\u00e9quentation de quelques milliers de personnes, bien moindre que celle des anciens Forums sociaux europ\u00e9ens ? L&#8217;AlterSummit a eu, quoiqu&#8217;il en soit, le m\u00e9rite de coaliser toute une s\u00e9rie de mouvements syndicaux et sociaux pour construire de la politique, d\u00e9marche novatrice qu&#8217;il convient de saluer. \n\n \n<div id='gallery-1' class='gallery galleryid-6738 gallery-columns-3 gallery-size-thumbnail'><figure class='gallery-item'>\n\t\t\t<div class='gallery-icon landscape'>\n\t\t\t\t<a href='https:\/\/archives.regards.fr\/wp-content\/uploads\/2013\/06\/altersummit-251.jpg'><img loading=\"lazy\" decoding=\"async\" width=\"150\" height=\"150\" src=\"https:\/\/archives.regards.fr\/wp-content\/uploads\/2013\/06\/altersummit-251-150x150.jpg\" class=\"attachment-thumbnail size-thumbnail\" alt=\"altersummit.jpg\" \/><\/a>\n\t\t\t<\/div><\/figure>\n\t\t<\/div>\n\n<h2 class=\"wp-block-heading\">Documents joints<\/h2>\n\n\n\n<div class=\"wp-block-file\"><a href=\"https:\/\/wp.muchomaas.com\/wp-content\/uploads\/2013\/06\/manifeste_altersummit-9e9.pdf\">Manifeste des peuples &#8211; AlterSummit 2013<\/a><\/div>\n\n\n","protected":false},"excerpt":{"rendered":"<p>R\u00e9uni \u00e0 Ath\u00e8nes les 7 et 8 juin 2013, l&#8217;AlterSummit est un rassemblement de syndicats et de diverses associations unis autour d&#8217;un Manifeste pour une autre Europe, d\u00e9mocratique, sociale, \u00e9cologique et f\u00e9ministe. Cette d\u00e9marche est \u00e0 relier avec l&#8217;opposition toute nouvelle des syndicats europ\u00e9ens au dernier Trait\u00e9 europ\u00e9en sur la stabilit\u00e9.<\/p>\n","protected":false},"author":672,"featured_media":18486,"comment_status":"open","ping_status":"open","sticky":false,"template":"","format":"standard","meta":{"_themeisle_gutenberg_block_has_review":false,"footnotes":""},"categories":[157],"tags":[420],"class_list":["post-6738","post","type-post","status-publish","format-standard","has-post-thumbnail","hentry","category-web","tag-grece"],"_links":{"self":[{"href":"https:\/\/archives.regards.fr\/index.php?rest_route=\/wp\/v2\/posts\/6738","targetHints":{"allow":["GET"]}}],"collection":[{"href":"https:\/\/archives.regards.fr\/index.php?rest_route=\/wp\/v2\/posts"}],"about":[{"href":"https:\/\/archives.regards.fr\/index.php?rest_route=\/wp\/v2\/types\/post"}],"author":[{"embeddable":true,"href":"https:\/\/archives.regards.fr\/index.php?rest_route=\/wp\/v2\/users\/672"}],"replies":[{"embeddable":true,"href":"https:\/\/archives.regards.fr\/index.php?rest_route=%2Fwp%2Fv2%2Fcomments&post=6738"}],"version-history":[{"count":0,"href":"https:\/\/archives.regards.fr\/index.php?rest_route=\/wp\/v2\/posts\/6738\/revisions"}],"wp:featuredmedia":[{"embeddable":true,"href":"https:\/\/archives.regards.fr\/index.php?rest_route=\/wp\/v2\/media\/18486"}],"wp:attachment":[{"href":"https:\/\/archives.regards.fr\/index.php?rest_route=%2Fwp%2Fv2%2Fmedia&parent=6738"}],"wp:term":[{"taxonomy":"category","embeddable":true,"href":"https:\/\/archives.regards.fr\/index.php?rest_route=%2Fwp%2Fv2%2Fcategories&post=6738"},{"taxonomy":"post_tag","embeddable":true,"href":"https:\/\/archives.regards.fr\/index.php?rest_route=%2Fwp%2Fv2%2Ftags&post=6738"}],"curies":[{"name":"wp","href":"https:\/\/api.w.org\/{rel}","templated":true}]}}