{"id":6726,"date":"2013-06-06T10:41:18","date_gmt":"2013-06-06T08:41:18","guid":{"rendered":"https:\/\/wp.muchomaas.com\/le-crime-politique-de-clement6726\/"},"modified":"2023-06-23T23:14:40","modified_gmt":"2023-06-23T21:14:40","slug":"le-crime-politique-de-clement6726","status":"publish","type":"post","link":"https:\/\/archives.regards.fr\/?p=6726","title":{"rendered":"Crime politique de Cl\u00e9ment M\u00e9ric : changer le climat"},"content":{"rendered":"<p>Cl\u00e9ment M\u00e9ric, 19 ans, a \u00e9t\u00e9 assassin\u00e9 hier soir en plein Paris. Un crime politique commis par des militants fascistes du groupe <a href=\"http:\/\/www.lefigaro.fr\/actualite-france\/2013\/06\/06\/01016-20130606ARTFIG00478-les-jnr-un-groupe-d-extreme-droite-muscle.php\">Jeune Nationaliste R\u00e9volutionnaire<\/a>. Ce drame effroyable n&#8217;est pas un fait divers mais le r\u00e9v\u00e9lateur d&#8217;un climat. Etudiant \u00e0 Sciences Po, ce jeune syndicaliste de Sud \u00e9tait un militant antifasciste. Le groupe venu pour passer Cl\u00e9ment M\u00e9ric \u00e0 tabac avait pr\u00e9m\u00e9dit\u00e9 l&#8217;agression. Sur tout le territoire, ce genre de pratiques se multiplient ces derniers temps. Elles s&#8217;inscrivent dans un contexte qui se lit particuli\u00e8rement bien sur les r\u00e9seaux sociaux : la mont\u00e9e en grade et en nombre des propos racistes, x\u00e9nophobes, homophobes. Or, la violence des mots, leur banalisation, favorisent les passages \u00e0 l&#8217;acte. La fin du cordon sanitaire entre la droite et l&#8217;extr\u00eame droite, l&#8217;ambiance cr\u00e9\u00e9e par Le Printemps fran\u00e7ais et autres regroupements d&#8217;extr\u00eame droite virulents donnent des ailes aux milieux fascistes. La vigilance doit redoubler contre le camp de la haine. Le gouvernement doit chercher les responsabilit\u00e9s dans ce drame et dissoudre les groupes fascistes dangereux pour la R\u00e9publique. Mais c&#8217;est la combativit\u00e9 citoyenne et militante qui doit permettre d&#8217;inverser la donne dans l&#8217;ambiance g\u00e9n\u00e9rale des mots et des actes. <div id='gallery-1' class='gallery galleryid-6726 gallery-columns-3 gallery-size-thumbnail'><figure class='gallery-item'>\n\t\t\t<div class='gallery-icon landscape'>\n\t\t\t\t<a href='https:\/\/archives.regards.fr\/wp-content\/uploads\/2013\/06\/clement-ffd.jpg'><img loading=\"lazy\" decoding=\"async\" width=\"150\" height=\"150\" src=\"https:\/\/archives.regards.fr\/wp-content\/uploads\/2013\/06\/clement-ffd-150x150.jpg\" class=\"attachment-thumbnail size-thumbnail\" alt=\"clement.jpg\" \/><\/a>\n\t\t\t<\/div><\/figure>\n\t\t<\/div>\n<\/p>\n","protected":false},"excerpt":{"rendered":"<p>Cl\u00e9ment M\u00e9ric, 19 ans, a \u00e9t\u00e9 assassin\u00e9 hier soir en plein Paris. Un crime politique commis par des militants fascistes du groupe Jeune Nationaliste R\u00e9volutionnaire. Ce drame effroyable n&#8217;est pas un fait divers mais le r\u00e9v\u00e9lateur d&#8217;un climat. Etudiant \u00e0 Sciences Po, ce jeune syndicaliste de Sud \u00e9tait un militant antifasciste. Le groupe venu pour [&hellip;]<\/p>\n","protected":false},"author":570,"featured_media":18468,"comment_status":"open","ping_status":"open","sticky":false,"template":"","format":"standard","meta":{"_themeisle_gutenberg_block_has_review":false,"footnotes":""},"categories":[157],"tags":[459,460],"class_list":["post-6726","post","type-post","status-publish","format-standard","has-post-thumbnail","hentry","category-web","tag-antifascisme","tag-clement-meric"],"_links":{"self":[{"href":"https:\/\/archives.regards.fr\/index.php?rest_route=\/wp\/v2\/posts\/6726","targetHints":{"allow":["GET"]}}],"collection":[{"href":"https:\/\/archives.regards.fr\/index.php?rest_route=\/wp\/v2\/posts"}],"about":[{"href":"https:\/\/archives.regards.fr\/index.php?rest_route=\/wp\/v2\/types\/post"}],"author":[{"embeddable":true,"href":"https:\/\/archives.regards.fr\/index.php?rest_route=\/wp\/v2\/users\/570"}],"replies":[{"embeddable":true,"href":"https:\/\/archives.regards.fr\/index.php?rest_route=%2Fwp%2Fv2%2Fcomments&post=6726"}],"version-history":[{"count":0,"href":"https:\/\/archives.regards.fr\/index.php?rest_route=\/wp\/v2\/posts\/6726\/revisions"}],"wp:featuredmedia":[{"embeddable":true,"href":"https:\/\/archives.regards.fr\/index.php?rest_route=\/wp\/v2\/media\/18468"}],"wp:attachment":[{"href":"https:\/\/archives.regards.fr\/index.php?rest_route=%2Fwp%2Fv2%2Fmedia&parent=6726"}],"wp:term":[{"taxonomy":"category","embeddable":true,"href":"https:\/\/archives.regards.fr\/index.php?rest_route=%2Fwp%2Fv2%2Fcategories&post=6726"},{"taxonomy":"post_tag","embeddable":true,"href":"https:\/\/archives.regards.fr\/index.php?rest_route=%2Fwp%2Fv2%2Ftags&post=6726"}],"curies":[{"name":"wp","href":"https:\/\/api.w.org\/{rel}","templated":true}]}}