{"id":6723,"date":"2013-06-06T12:50:38","date_gmt":"2013-06-06T10:50:38","guid":{"rendered":"https:\/\/wp.muchomaas.com\/marche-des-chomeurs-et-precaires6723\/"},"modified":"2013-06-06T12:50:38","modified_gmt":"2013-06-06T10:50:38","slug":"marche-des-chomeurs-et-precaires6723","status":"publish","type":"post","link":"https:\/\/archives.regards.fr\/?p=6723","title":{"rendered":"Arriv\u00e9e \u00e0 Paris de la Marche des ch\u00f4meurs et pr\u00e9caires"},"content":{"rendered":"<p>Depuis le 10 juin, plus de 150 marcheurs ont parcouru la France \u00e0 la R\u00e9union, au Sud et \u00e0 l&#8217;Est pour porter la parole des ch\u00f4meurs et pr\u00e9caires ! Le samedi 06 juillet, la marche se termine \u00e0 Paris !<\/p>\n<p>Rendez-vous \u00e0 :<\/p>\n<p>\u2022 10h : Porte de Clichy&#8230;pour la derni\u00e8re \u00e9tape de la marche jusque place de Stalingrad !<br \/>\n\u2022 14h &#8211; 18h : place de Stalingrad rassemblement &#8211; concert. Avec : Guyom Touseul, Jolie M\u00f4me, Kash Leone, Tu Infierno&#8230; mais aussi des prises de paroles des marcheurs et des repr\u00e9sentants des organisations.<\/p>\n<p>Pour cette \u00e9tape finale d&#8217;une marche qui a d&#8217;ors et d\u00e9j\u00e0 sem\u00e9 de nombreuses graines d&#8217;espoir et de militantisme, mobilisons-nous !<\/p>\n<p>Plus d&#8217;informations sur : http:\/\/marchechomeurs2013.org<\/p>\n","protected":false},"excerpt":{"rendered":"<p>Depuis le 10 juin, plus de 150 marcheurs ont parcouru la France \u00e0 la R\u00e9union, au Sud et \u00e0 l&#8217;Est pour porter la parole des ch\u00f4meurs et pr\u00e9caires ! Le samedi 06 juillet, la marche se termine \u00e0 Paris ! Rendez-vous \u00e0 : \u2022 10h : Porte de Clichy&#8230;pour la derni\u00e8re \u00e9tape de la marche [&hellip;]<\/p>\n","protected":false},"author":643,"featured_media":0,"comment_status":"open","ping_status":"open","sticky":false,"template":"","format":"standard","meta":{"_themeisle_gutenberg_block_has_review":false,"footnotes":""},"categories":[152],"tags":[],"class_list":["post-6723","post","type-post","status-publish","format-standard","hentry","category-agenda-militant"],"_links":{"self":[{"href":"https:\/\/archives.regards.fr\/index.php?rest_route=\/wp\/v2\/posts\/6723","targetHints":{"allow":["GET"]}}],"collection":[{"href":"https:\/\/archives.regards.fr\/index.php?rest_route=\/wp\/v2\/posts"}],"about":[{"href":"https:\/\/archives.regards.fr\/index.php?rest_route=\/wp\/v2\/types\/post"}],"author":[{"embeddable":true,"href":"https:\/\/archives.regards.fr\/index.php?rest_route=\/wp\/v2\/users\/643"}],"replies":[{"embeddable":true,"href":"https:\/\/archives.regards.fr\/index.php?rest_route=%2Fwp%2Fv2%2Fcomments&post=6723"}],"version-history":[{"count":0,"href":"https:\/\/archives.regards.fr\/index.php?rest_route=\/wp\/v2\/posts\/6723\/revisions"}],"wp:attachment":[{"href":"https:\/\/archives.regards.fr\/index.php?rest_route=%2Fwp%2Fv2%2Fmedia&parent=6723"}],"wp:term":[{"taxonomy":"category","embeddable":true,"href":"https:\/\/archives.regards.fr\/index.php?rest_route=%2Fwp%2Fv2%2Fcategories&post=6723"},{"taxonomy":"post_tag","embeddable":true,"href":"https:\/\/archives.regards.fr\/index.php?rest_route=%2Fwp%2Fv2%2Ftags&post=6723"}],"curies":[{"name":"wp","href":"https:\/\/api.w.org\/{rel}","templated":true}]}}