{"id":6722,"date":"2013-06-05T18:03:31","date_gmt":"2013-06-05T16:03:31","guid":{"rendered":"https:\/\/wp.muchomaas.com\/l-alter-sommet-d-athenes6722\/"},"modified":"2013-06-05T18:03:31","modified_gmt":"2013-06-05T16:03:31","slug":"l-alter-sommet-d-athenes6722","status":"publish","type":"post","link":"https:\/\/archives.regards.fr\/?p=6722","title":{"rendered":"Alter Sommet \u00e0 Ath\u00e8nes"},"content":{"rendered":"<p class=\"post_excerpt\">L\u2019Alter Sommet se tient \u00e0 Ath\u00e8nes les 7  et 8 juin. L&#8217;\u00e9v\u00e8nement rassemble les mouvements sociaux europ\u00e9ens et est ouvert \u00e0 toutes et tous.<\/p>\n<p>Communiqu\u00e9 &#8211; <strong>Nous refusons les politiques d\u2019aust\u00e9rit\u00e9. <\/strong> A Ath\u00e8nes, nous nous r\u00e9unirons en assembl\u00e9es et adopterons lors d\u2019un grand meeting un \u2019\u2019Manifeste des peuples\u2019\u2019. Nous manifesterons ensemble pour protester contre les politiques d\u2019aust\u00e9rit\u00e9 de l\u2019Union europ\u00e9enne et de nos gouvernements, v\u00e9ritable guerre de classe qui conduit \u00e0 la r\u00e9cession, \u00e0 la d\u00e9vastation sociale et au d\u00e9ni de d\u00e9mocratie.<\/p>\n<p>Nous exprimerons nos exigences urgentes et communes, ainsi que les alternatives que nous proposons pour mettre l\u2019Europe sur une autre voie.<\/p>\n<p><strong>Parce que \u2019\u2019Personne ne doit rester seul face \u00e0 la crise\u2019\u2019. <\/strong> C\u2019est le mot d\u2019ordre des mouvements grecs. C\u2019est aussi pour cela que nous irons en Gr\u00e8ce o\u00f9 les r\u00e9sistances particuli\u00e8rement vigoureuses et novatrices peuvent concr\u00e8tement aider \u00e0 construire des mouvements dans d\u2019autres pays.<\/p>\n<p><strong>Pour construire des solidarit\u00e9s de lutte.<\/strong> En Gr\u00e8ce et partout en Europe, nous voulons renforcer les liens existants et tisser de nouveaux liens pour faire vivre une solidarit\u00e9 de lutte dans la dur\u00e9e et, tous ensemble, changer l\u2019Europe.<\/p>\n<p><iframe loading=\"lazy\" width=\"460\" height=\"345\" src=\"http:\/\/www.youtube.com\/embed\/aFk8zUG5EM0?rel=0\" frameborder=\"0\" allowfullscreen><\/iframe><\/p>\n<p>\u2022 <a href=\"http:\/\/www.altersummit.eu\/?lang=fr\">www.altersummit.eu<\/a><br \/>\n\u2022 <a href=\"http:\/\/www.altersummit.eu\/athenes\/article\/programme?lang=en\">Programme<\/a><br \/>\n\u2022 <a href=\"https:\/\/www.facebook.com\/AnotherEuropeNow\">Page Facebook<\/a><\/p>\n","protected":false},"excerpt":{"rendered":"<p>L\u2019Alter Sommet se tient \u00e0 Ath\u00e8nes les 7  et 8 juin. L&#8217;\u00e9v\u00e8nement rassemble les mouvements sociaux europ\u00e9ens et est ouvert \u00e0 toutes et tous.<\/p>\n","protected":false},"author":643,"featured_media":18463,"comment_status":"open","ping_status":"open","sticky":false,"template":"","format":"standard","meta":{"_themeisle_gutenberg_block_has_review":false,"footnotes":""},"categories":[152],"tags":[],"class_list":["post-6722","post","type-post","status-publish","format-standard","has-post-thumbnail","hentry","category-agenda-militant"],"_links":{"self":[{"href":"https:\/\/archives.regards.fr\/index.php?rest_route=\/wp\/v2\/posts\/6722","targetHints":{"allow":["GET"]}}],"collection":[{"href":"https:\/\/archives.regards.fr\/index.php?rest_route=\/wp\/v2\/posts"}],"about":[{"href":"https:\/\/archives.regards.fr\/index.php?rest_route=\/wp\/v2\/types\/post"}],"author":[{"embeddable":true,"href":"https:\/\/archives.regards.fr\/index.php?rest_route=\/wp\/v2\/users\/643"}],"replies":[{"embeddable":true,"href":"https:\/\/archives.regards.fr\/index.php?rest_route=%2Fwp%2Fv2%2Fcomments&post=6722"}],"version-history":[{"count":0,"href":"https:\/\/archives.regards.fr\/index.php?rest_route=\/wp\/v2\/posts\/6722\/revisions"}],"wp:featuredmedia":[{"embeddable":true,"href":"https:\/\/archives.regards.fr\/index.php?rest_route=\/wp\/v2\/media\/18463"}],"wp:attachment":[{"href":"https:\/\/archives.regards.fr\/index.php?rest_route=%2Fwp%2Fv2%2Fmedia&parent=6722"}],"wp:term":[{"taxonomy":"category","embeddable":true,"href":"https:\/\/archives.regards.fr\/index.php?rest_route=%2Fwp%2Fv2%2Fcategories&post=6722"},{"taxonomy":"post_tag","embeddable":true,"href":"https:\/\/archives.regards.fr\/index.php?rest_route=%2Fwp%2Fv2%2Ftags&post=6722"}],"curies":[{"name":"wp","href":"https:\/\/api.w.org\/{rel}","templated":true}]}}