{"id":672,"date":"2019-09-16T12:47:33","date_gmt":"2019-09-16T10:47:33","guid":{"rendered":"https:\/\/wp.muchomaas.com\/breve-julien-denormandie-ministre-charge-de-la-ville-et-du-logement\/"},"modified":"2019-09-16T12:47:33","modified_gmt":"2019-09-16T10:47:33","slug":"breve-julien-denormandie-ministre-charge-de-la-ville-et-du-logement","status":"publish","type":"post","link":"https:\/\/archives.regards.fr\/?p=672","title":{"rendered":"Julien Denormandie, ministre charg\u00e9 de la Ville et du Logement"},"content":{"rendered":"<p>Sur l&#8217;Aide M\u00e9dicale d&#8217;Etat (AME) : <em>\u00ab Il y a certains pays qui disent \u00e0 leurs compatriotes : &#8220;Allez en France, on soigne tr\u00e8s bien et c&#8217;est gratuit&#8221; [&#8230;] On ne doit pas avoir de tourisme m\u00e9dical. \u00bb<\/em> (16\/09\/2019, BFMTV)<\/p>\n","protected":false},"excerpt":{"rendered":"<p>Sur l&#8217;Aide M\u00e9dicale d&#8217;Etat (AME) : \u00ab Il y a certains pays qui disent \u00e0 leurs compatriotes : &#8220;Allez en France, on soigne tr\u00e8s bien et c&#8217;est gratuit&#8221; [&#8230;] On ne doit pas avoir de tourisme m\u00e9dical. \u00bb (16\/09\/2019, BFMTV)<\/p>\n","protected":false},"author":1,"featured_media":0,"comment_status":"open","ping_status":"open","sticky":false,"template":"","format":"standard","meta":{"_themeisle_gutenberg_block_has_review":false,"footnotes":""},"categories":[284],"tags":[],"class_list":["post-672","post","type-post","status-publish","format-standard","hentry","category-declarama-breves"],"_links":{"self":[{"href":"https:\/\/archives.regards.fr\/index.php?rest_route=\/wp\/v2\/posts\/672","targetHints":{"allow":["GET"]}}],"collection":[{"href":"https:\/\/archives.regards.fr\/index.php?rest_route=\/wp\/v2\/posts"}],"about":[{"href":"https:\/\/archives.regards.fr\/index.php?rest_route=\/wp\/v2\/types\/post"}],"author":[{"embeddable":true,"href":"https:\/\/archives.regards.fr\/index.php?rest_route=\/wp\/v2\/users\/1"}],"replies":[{"embeddable":true,"href":"https:\/\/archives.regards.fr\/index.php?rest_route=%2Fwp%2Fv2%2Fcomments&post=672"}],"version-history":[{"count":0,"href":"https:\/\/archives.regards.fr\/index.php?rest_route=\/wp\/v2\/posts\/672\/revisions"}],"wp:attachment":[{"href":"https:\/\/archives.regards.fr\/index.php?rest_route=%2Fwp%2Fv2%2Fmedia&parent=672"}],"wp:term":[{"taxonomy":"category","embeddable":true,"href":"https:\/\/archives.regards.fr\/index.php?rest_route=%2Fwp%2Fv2%2Fcategories&post=672"},{"taxonomy":"post_tag","embeddable":true,"href":"https:\/\/archives.regards.fr\/index.php?rest_route=%2Fwp%2Fv2%2Ftags&post=672"}],"curies":[{"name":"wp","href":"https:\/\/api.w.org\/{rel}","templated":true}]}}