{"id":6700,"date":"2013-05-30T15:31:55","date_gmt":"2013-05-30T13:31:55","guid":{"rendered":"https:\/\/wp.muchomaas.com\/retraites-le-ps-prevoit-de-passer6700\/"},"modified":"2013-05-30T15:31:55","modified_gmt":"2013-05-30T13:31:55","slug":"retraites-le-ps-prevoit-de-passer6700","status":"publish","type":"post","link":"https:\/\/archives.regards.fr\/?p=6700","title":{"rendered":"Retraites, le PS pr\u00e9voit de passer en force"},"content":{"rendered":"<p>C&#8217;est une d\u00e9p\u00eache AFP qu&#8217;il serait fort dommage de ne pas populariser tant elle vaut son pesant de cacahu\u00e8tes. Le tr\u00e8s probable futur rapporteur du projet de loi sur les retraites pr\u00e9vu pour l&#8217;automne 2013, le d\u00e9put\u00e9 PS Michel Issindou, y va franco de port. Nul besoin de surcharger le lecteur en commentaires superflus, la d\u00e9claration est on ne peut plus limpide et m\u00e9rite d&#8217;\u00eatre cit\u00e9e <em>in extenso<\/em>. Il demeure juste une interrogation sur l&#8217;utilit\u00e9 de la pseudo n\u00e9gociation avec les partenaires sociaux tant la teneur r\u00e9gressive de la \u00ab\u00a0r\u00e9forme\u00a0\u00bb para\u00eet parfaitement balis\u00e9e.<\/p>\n<p>D\u00e9claration \u00e0 l&#8217;AFP le 23 mai de Michel Issindou, du Parti Socialiste :\u00a0<\/p>\n<p><em>\u00ab C\u2019est une r\u00e9forme d\u2019ampleur. Nous aurions tort de faire une r\u00e9forme au rabais \u00bb<\/em> a d\u00e9clar\u00e9 le d\u00e9put\u00e9 PS Michel Issindou, probable rapporteur du projet de loi sur les retraites, pr\u00e9cisant que le gouvernement envisageait de le d\u00e9poser <em>\u00ab dans la deuxi\u00e8me quinzaine de septembre \u00bb<\/em>, pour qu\u2019il soit d\u00e9battu dans l\u2019h\u00e9micycle <em>\u00ab en septembre-octobre \u00bb<\/em>. <em>\u00ab Il y aura des tensions, je pense que ce sera dur, il y aura des mouvements dans la rue, mais par rapport \u00e0 2010 (pr\u00e9c\u00e9dente r\u00e9forme des retraites), l\u2019opinion publique est plus pr\u00eate \u00e0 entendre les choses \u00bb<\/em> a expliqu\u00e9 le probable futur rapporteur. <em>\u00ab De toute fa\u00e7on, nous allons \u00eatre impopulaires avec cette r\u00e9forme, et tant qu\u2019\u00e0 l\u2019\u00eatre, autant faire des choses utiles pour l\u2019avenir (&#8230;), qu\u2019au moins nous allions au fond des choses \u00bb<\/em> a-t-il ajout\u00e9. Ainsi <em>\u00ab nous n\u2019\u00e9chapperons pas \u00e0\u00a0un allongement de la dur\u00e9e de cotisation, car c\u2019est la mesure qui produit le plus d\u2019effets \u00e0 terme \u00bb<\/em>, a soulign\u00e9 le d\u00e9put\u00e9 de l\u2019Is\u00e8re. Mais <em>\u00ab en maintenant l\u2019\u00e2ge l\u00e9gal (de d\u00e9part) \u00e0 62 ans, nous laissons une porte de sortie \u00bb<\/em> a-t-il pr\u00e9cis\u00e9. Par ailleurs, <em>\u00ab il y a un autre sujet qui fera d\u00e9bat, c\u2019est celui du rapprochement public-priv\u00e9. Il faut crever l\u2019abc\u00e8s et nous ne r\u00e9ussirons pas si nous ne passons pas par cette phase-l\u00e0\u00bb<\/em>, a-t-il affirm\u00e9.<\/p>\n","protected":false},"excerpt":{"rendered":"<p>C&#8217;est une d\u00e9p\u00eache AFP qu&#8217;il serait fort dommage de ne pas populariser tant elle vaut son pesant de cacahu\u00e8tes. Le tr\u00e8s probable futur rapporteur du projet de loi sur les retraites pr\u00e9vu pour l&#8217;automne 2013, le d\u00e9put\u00e9 PS Michel Issindou, y va franco de port. Nul besoin de surcharger le lecteur en commentaires superflus, la [&hellip;]<\/p>\n","protected":false},"author":570,"featured_media":0,"comment_status":"open","ping_status":"open","sticky":false,"template":"","format":"standard","meta":{"_themeisle_gutenberg_block_has_review":false,"footnotes":""},"categories":[157],"tags":[308],"class_list":["post-6700","post","type-post","status-publish","format-standard","hentry","category-web","tag-retraite"],"_links":{"self":[{"href":"https:\/\/archives.regards.fr\/index.php?rest_route=\/wp\/v2\/posts\/6700","targetHints":{"allow":["GET"]}}],"collection":[{"href":"https:\/\/archives.regards.fr\/index.php?rest_route=\/wp\/v2\/posts"}],"about":[{"href":"https:\/\/archives.regards.fr\/index.php?rest_route=\/wp\/v2\/types\/post"}],"author":[{"embeddable":true,"href":"https:\/\/archives.regards.fr\/index.php?rest_route=\/wp\/v2\/users\/570"}],"replies":[{"embeddable":true,"href":"https:\/\/archives.regards.fr\/index.php?rest_route=%2Fwp%2Fv2%2Fcomments&post=6700"}],"version-history":[{"count":0,"href":"https:\/\/archives.regards.fr\/index.php?rest_route=\/wp\/v2\/posts\/6700\/revisions"}],"wp:attachment":[{"href":"https:\/\/archives.regards.fr\/index.php?rest_route=%2Fwp%2Fv2%2Fmedia&parent=6700"}],"wp:term":[{"taxonomy":"category","embeddable":true,"href":"https:\/\/archives.regards.fr\/index.php?rest_route=%2Fwp%2Fv2%2Fcategories&post=6700"},{"taxonomy":"post_tag","embeddable":true,"href":"https:\/\/archives.regards.fr\/index.php?rest_route=%2Fwp%2Fv2%2Ftags&post=6700"}],"curies":[{"name":"wp","href":"https:\/\/api.w.org\/{rel}","templated":true}]}}