{"id":67,"date":"2015-02-09T16:37:22","date_gmt":"2015-02-09T15:37:22","guid":{"rendered":"https:\/\/wp.muchomaas.com\/breve-louis-aliot\/"},"modified":"2015-02-09T16:37:22","modified_gmt":"2015-02-09T15:37:22","slug":"breve-louis-aliot","status":"publish","type":"post","link":"https:\/\/archives.regards.fr\/?p=67","title":{"rendered":"Louis Aliot"},"content":{"rendered":"<p><em>\u00ab\u00a0J&#8217;ai \u00e9t\u00e9 un peu estant\u00e9 <\/em> (sic) <em>de voir sur BFM l&#8217;enterrement de monsieur Charb au son de l&#8217;Internationale, le poing lev\u00e9. Est-ce que vous imaginez l&#8217;inverse ? \u00c0 la t\u00e9l\u00e9vision, un enterrement avec des chants nazis, des drapeaux nazis, des anciens nazis ?\u00a0\u00bb<\/em> (01\/02\/2015)<\/p>\n","protected":false},"excerpt":{"rendered":"<p>\u00ab\u00a0J&#8217;ai \u00e9t\u00e9 un peu estant\u00e9 (sic) de voir sur BFM l&#8217;enterrement de monsieur Charb au son de l&#8217;Internationale, le poing lev\u00e9. Est-ce que vous imaginez l&#8217;inverse ? \u00c0 la t\u00e9l\u00e9vision, un enterrement avec des chants nazis, des drapeaux nazis, des anciens nazis ?\u00a0\u00bb (01\/02\/2015)<\/p>\n","protected":false},"author":1,"featured_media":0,"comment_status":"open","ping_status":"open","sticky":false,"template":"","format":"standard","meta":{"_themeisle_gutenberg_block_has_review":false,"footnotes":""},"categories":[284],"tags":[],"class_list":["post-67","post","type-post","status-publish","format-standard","hentry","category-declarama-breves"],"_links":{"self":[{"href":"https:\/\/archives.regards.fr\/index.php?rest_route=\/wp\/v2\/posts\/67","targetHints":{"allow":["GET"]}}],"collection":[{"href":"https:\/\/archives.regards.fr\/index.php?rest_route=\/wp\/v2\/posts"}],"about":[{"href":"https:\/\/archives.regards.fr\/index.php?rest_route=\/wp\/v2\/types\/post"}],"author":[{"embeddable":true,"href":"https:\/\/archives.regards.fr\/index.php?rest_route=\/wp\/v2\/users\/1"}],"replies":[{"embeddable":true,"href":"https:\/\/archives.regards.fr\/index.php?rest_route=%2Fwp%2Fv2%2Fcomments&post=67"}],"version-history":[{"count":0,"href":"https:\/\/archives.regards.fr\/index.php?rest_route=\/wp\/v2\/posts\/67\/revisions"}],"wp:attachment":[{"href":"https:\/\/archives.regards.fr\/index.php?rest_route=%2Fwp%2Fv2%2Fmedia&parent=67"}],"wp:term":[{"taxonomy":"category","embeddable":true,"href":"https:\/\/archives.regards.fr\/index.php?rest_route=%2Fwp%2Fv2%2Fcategories&post=67"},{"taxonomy":"post_tag","embeddable":true,"href":"https:\/\/archives.regards.fr\/index.php?rest_route=%2Fwp%2Fv2%2Ftags&post=67"}],"curies":[{"name":"wp","href":"https:\/\/api.w.org\/{rel}","templated":true}]}}