{"id":6699,"date":"2013-04-03T16:54:00","date_gmt":"2013-04-03T14:54:00","guid":{"rendered":"https:\/\/wp.muchomaas.com\/marseille-la-populaire-toujours-en6699\/"},"modified":"2023-06-23T23:14:37","modified_gmt":"2023-06-23T21:14:37","slug":"marseille-la-populaire-toujours-en6699","status":"publish","type":"post","link":"https:\/\/archives.regards.fr\/?p=6699","title":{"rendered":"Marseille la populaire, toujours en qu\u00eate de m\u00e9tropole"},"content":{"rendered":"<p class=\"post_excerpt\">La capitale europ\u00e9enne de la culture 2 013 est aussi vue comme<br \/>\nune \u00e9tape vers plus de coop\u00e9ration dans un territoire divis\u00e9.<br \/>\nMais quelle que soit sa forme, la m\u00e9tropole \u00e0 venir ne pourra<br \/>\nse faire sans les classes populaires.<\/p>\n<p>C\u2019est le pari de l\u2019ann\u00e9e qui s\u2019ouvre : la<br \/>\ncit\u00e9 phoc\u00e9enne esp\u00e8re faire en 2013<br \/>\nce que Lille avait brillamment r\u00e9ussi<br \/>\nen 2004. Id\u00e9alement, comme pour la<br \/>\ncit\u00e9 nordiste, ce statut de capitale europ\u00e9enne<br \/>\nde la culture doit donner \u00e0 voir<br \/>\nle dynamisme urbain, culturel, \u00e9conomique<br \/>\nde la ville, susciter des cr\u00e9ations<br \/>\nmultiples, rassembler les populations.<br \/>\nAu-del\u00e0, il pourrait aussi contribuer<br \/>\n\u00e0 installer Marseille comme une capitale<br \/>\net \u00e0 construire une m\u00e9tropole<br \/>\nencore dans les limbes.<\/p>\n<p>Autant dire que c\u2019est loin d\u2019\u00eatre gagn\u00e9\u2026<br \/>\nCar Marseille 2 013 s\u2019ouvre dans un climat<br \/>\nqui projette son ombre sur toute<br \/>\nla manifestation. Ces deux derni\u00e8res<br \/>\nann\u00e9es, les meurtres et r\u00e8glements de<br \/>\ncomptes se sont multipli\u00e9s, frappant les<br \/>\nesprits, amenant une maire d\u2019arrondissement<br \/>\nd\u00e9pit\u00e9e \u00e0 demander l\u2019envoi de<br \/>\nl\u2019arm\u00e9e. Mais l\u2019ambiance OK Corral<br \/>\nn\u2019est pas r\u00e9serv\u00e9e aux quartiers. Dans le<br \/>\nLandernau politique marseillais, on s\u2019en<br \/>\ndonne aussi \u00e0 coeur joie. Au PS comme<br \/>\n\u00e0 l\u2019UMP. Pour les premiers, les conflits<br \/>\nse r\u00e8glent devant les tribunaux. Pour les<br \/>\nseconds, la pr\u00e9paration de l\u2019apr\u00e8s-Gaudin<br \/>\ng\u00e9n\u00e8re des r\u00e8glements de comptes<br \/>\nsans merci. Cette atmosph\u00e8re d\u00e9l\u00e9t\u00e8re<br \/>\ntraduit le mal profond qui ronge la seconde<br \/>\nville fran\u00e7aise o\u00f9 s\u2019entrem\u00ealent<br \/>\nun d\u00e9ficit de projet, une crise politique<br \/>\net un conflit larv\u00e9 autour de la place<br \/>\ndes classes populaires.<\/p>\n<h2>Une vitalit\u00e9 populaire mal aim\u00e9e<\/h2>\n<p>Les difficult\u00e9s de Marseille sont exacerb\u00e9es<br \/>\npar le d\u00e9veloppement d\u2019Aix-en-<br \/>\nProvence \u00e0 quelques encablures. Si\u00e8ge<br \/>\ndu parlement de Provence sous l\u2019ancien<br \/>\nr\u00e9gime, Aix est devenue une grande<br \/>\nville universitaire et judiciaire \u2013 sa cour<br \/>\nd\u2019appel est la plus importante de France<br \/>\napr\u00e8s Paris. Avec son agglom\u00e9ration de<br \/>\n400 000 habitants, la ville exerce une<br \/>\nattractivit\u00e9 consid\u00e9rable pour les entreprises<br \/>\nde la nouvelle \u00e9conomie. Plus largement,<br \/>\nl\u2019\u00e9conomie de l\u2019aire m\u00e9tropolitaine<br \/>\nmarseillaise s\u2019est d\u00e9velopp\u00e9e hors<br \/>\ndu p\u00e9rim\u00e8tre de la ville-centre depuis la<br \/>\nfin de l\u2019empire fran\u00e7ais. Cette tendance<br \/>\na aussi concern\u00e9 le port depuis la cr\u00e9ation<br \/>\nde Fos-sur-mer dans les ann\u00e9es<br \/>\n1970. Marseille \u2013 comme Le Havre ou<br \/>\nDunkerque \u2013 a p\u00e2ti du d\u00e9faut de politique<br \/>\nportuaire au niveau national. Mais<br \/>\nl\u2019absence d\u2019une autorit\u00e9 politique locale<br \/>\nprenant la mesure des enjeux logistiques<br \/>\nportuaires constitue une faiblesse<br \/>\npropre \u00e0 Marseille. D\u00e9sormais, il s\u2019agit<br \/>\nde savoir si elle pourra \u00eatre le grand port<br \/>\nm\u00e9diterran\u00e9en de demain. Ce d\u00e9fi, central<br \/>\npour la ville, pour l\u2019aire m\u00e9tropolitaine<br \/>\ncomme pour l\u2019\u00e9conomie fran\u00e7aise<br \/>\nsupposerait un fret ferroviaire et fluvial<br \/>\ncapable de porter loin les marchandises<br \/>\net un complexe industrialo-portuaire<br \/>\ndynamique. O\u00f9 l\u2019on voit que les gr\u00e8ves<br \/>\nr\u00e9p\u00e9t\u00e9es sur le port de Marseille sont<br \/>\ndavantage un sympt\u00f4me qu\u2019une cause<br \/>\nde ces difficult\u00e9s.<\/p>\n<p>Car depuis 1995, Marseille est le si\u00e8ge<br \/>\ndes plus grandes mobilisations syndicales,<br \/>\nsupplantant m\u00eame parfois Paris<br \/>\npar le nombre de manifestants : l\u2019h\u00e9ritage d\u2019un mouvement syndical vivace et radical, une cons\u00e9quence<br \/>\nde la place importante des services publics dans l\u2019\u00e9conomie du<br \/>\nterritoire, mais aussi l\u2019expression d\u2019une vitalit\u00e9 populaire qui<br \/>\npersiste en d\u00e9pit d\u2019une absence de relais politique.<\/p>\n<p>Face \u00e0 cette r\u00e9alit\u00e9 autant sociale que politique, la puissance<br \/>\npublique a fait du d\u00e9part des cat\u00e9gories populaires du centre<br \/>\nde la ville un objectif organisateur de son action. Comment<br \/>\nexpliquer autrement cette incroyable gabegie que constitue la<br \/>\ncr\u00e9ation d\u2019un tramway redoublant les lignes de m\u00e9tro alors<br \/>\nque les transports en commun sont si d\u00e9faillants \u00e0 l\u2019\u00e9chelle<br \/>\nde la ville comme de la m\u00e9tropole ? Derri\u00e8re cette politique<br \/>\nde valorisation immobili\u00e8re li\u00e9e \u00e0 l\u2019arriv\u00e9e du tramway, il y a<br \/>\nune strat\u00e9gie volontaire de reconqu\u00eate du centre-ville par les<br \/>\nclasses sup\u00e9rieures qui aujourd\u2019hui n\u2019y sont pas tout \u00e0 fait chez<br \/>\nelles. Les milliards investis sur quinze ans dans le projet Eurom\u00e9diterran\u00e9e<br \/>\navaient cette m\u00eame finalit\u00e9 d\u2019une modernisation<br \/>\nport\u00e9e par une valorisation fonci\u00e8re. Ces deux projets phares<br \/>\n\u2013 et quelques autres encore \u2013 n\u2019ont pas apport\u00e9 les r\u00e9sultats<br \/>\nescompt\u00e9s. La Canebi\u00e8re et les rues environnantes restent<br \/>\nde hauts lieux populaires. Les b\u00e2timents modernes du p\u00f4le<br \/>\nEuromed ou le si\u00e8ge du conseil g\u00e9n\u00e9ral n\u2019ont pas eu d\u2019effets<br \/>\nd\u2019entra\u00eenement sur leur environnement imm\u00e9diat. Architecture<br \/>\ndernier cri et poches de pauvret\u00e9 continuent de cohabiter.<\/p>\n<h2>Les agglos contre la m\u00e9tropole<\/h2>\n<p>Probl\u00e8me. Car dans les sch\u00e9mas dominants qui cadrent<br \/>\nle d\u00e9veloppement de la ville mondialis\u00e9e, il n\u2019y a pas de<br \/>\nplace pour une ville populaire. Marseille est une exception<br \/>\nfran\u00e7aise, une anomalie \u00e0 corriger. Il conviendrait donc<br \/>\nde normaliser la ville, de lui redonner une modernit\u00e9<br \/>\nbourgeoise. Le diagnostic n\u2019est pas r\u00e9cent. Longtemps<br \/>\nil a conduit le PS local \u00e0 refuser toute alliance avec les<br \/>\ncommunistes intramuros mais aussi \u00e0 r\u00e9cuser une vision<br \/>\ndu d\u00e9veloppement qui aurait englob\u00e9 des territoires sous<br \/>\ninfluence communiste. Comme \u00e0 Paris, la tension entre<br \/>\nla ville-centre et les territoires alentours rev\u00eat \u00e0 Marseille<br \/>\nune expression politique.<\/p>\n<p>L\u2019absence d\u2019organisation m\u00e9tropolitaine y trouve une<br \/>\nde ses origines. Elle se traduit tr\u00e8s concr\u00e8tement par des<br \/>\nlacunes en mati\u00e8re d\u2019am\u00e9nagement \u00e0 l\u2019\u00e9chelle m\u00e9tropolitaine,<br \/>\npar exemple en mati\u00e8re de transport. Faute<br \/>\nd\u2019avoir su inventer un mod\u00e8le de d\u00e9veloppement qui<br \/>\ntienne compte et tire parti de ses dimensions populaires et m\u00e9tiss\u00e9es, Marseille n\u2019a pas le dynamisme que sa taille<br \/>\net sa situation devraient lui conf\u00e9rer.<\/p>\n<p>Quelques semaines apr\u00e8s son installation \u00e0 Matignon,<br \/>\nJean-Marc Ayrault a fait part de son intention de rem\u00e9dier \u00e0<br \/>\ncette situation en imposant la cr\u00e9ation d\u2019ici 2014 d\u2019une m\u00e9tropole<br \/>\nmarseillaise. Il s\u2019agirait de rassembler les neuf communaut\u00e9s<br \/>\nd\u2019agglom\u00e9ration en une seule et d\u2019\u00e9lire son pr\u00e9sident au<br \/>\nsuffrage universel. La crise dont la racine est politique et institutionnelle<br \/>\nserait, pense-t-on, ainsi r\u00e9solue. Le patronat local<br \/>\nse r\u00e9jouit et avec lui une partie des syndicats dont l\u2019influent<br \/>\nForce ouvri\u00e8re. Les forces politiques sont divis\u00e9es tandis que<br \/>\nles agglom\u00e9rations alentours sont toutes oppos\u00e9es au projet.<br \/>\nConsult\u00e9s par r\u00e9f\u00e9rendum local en 2010, 90 % des habitants<br \/>\ndu pays d\u2019Aubagne ont r\u00e9pondu non \u00e0 l\u2019agglo marseillaise\u2026<br \/>\nLes raisons \u00e0 cette opposition ne manquent pas. Pragmatiques,<br \/>\nles \u00e9lus de la communaut\u00e9 d\u2019Aubagne font remarquer<br \/>\nqu\u2019il leur a fallu dix ans pour mettre sur pied leur agglom\u00e9ration<br \/>\net qu\u2019il en faudra tout autant pour en construire une<br \/>\n\u00e0 l\u2019\u00e9chelle de l\u2019aire m\u00e9tropolitaine marseillaise. Dans l\u2019entourage<br \/>\nde la pr\u00e9sidente Magali Giovannangeli, on ne manque<br \/>\npas non plus de faire remarquer qu\u2019une telle d\u00e9cision impos\u00e9e<br \/>\ndepuis Paris pourrait \u00eatre funeste \u00e0 la gauche lors des \u00e9lections<br \/>\nmunicipales de 2014 si celles-ci se transformaient en consultation<br \/>\npour ou contre l\u2019int\u00e9gration dans l\u2019agglom\u00e9ration marseillaise.<br \/>\nUn passage en force semble donc bien difficile.<\/p>\n<p>Comme \u00e0 Paris, la solution pourrait bien \u00eatre in fine non<br \/>\npas la construction d\u2019une m\u00e9tropole int\u00e9gr\u00e9e mais plut\u00f4t la<br \/>\nconstitution d\u2019un p\u00f4le m\u00e9tropolitain, c\u2019est-\u00e0-dire une association<br \/>\nlibre et n\u00e9goci\u00e9e des neuf agglom\u00e9rations et du d\u00e9partement<br \/>\navec d\u00e9l\u00e9gation de comp\u00e9tences et \u00e9laborations<br \/>\nde projets communs. Les d\u00e9fenseurs de cette solution pensent<br \/>\nque Marseille 2 013 sera un succ\u00e8s port\u00e9 par tous les habitants et<br \/>\ninstitutions de l\u2019espace m\u00e9tropolitain, comme une d\u00e9monstration<br \/>\nen acte que l\u2019int\u00e9gration n\u2019est pas n\u00e9cessaire. Il restera aux<br \/>\nforces locales \u00e0 trouver les voies pour construire un projet qui<br \/>\nr\u00e9ellement relance la ville de Marseille\u2026 En s\u2019affranchissant<br \/>\nde cette chim\u00e8re d\u2019en faire une ville bourgeoise et en inventant<br \/>\nun mod\u00e8le de d\u00e9veloppement qui tire parti de sa diversit\u00e9<br \/>\net de sa vitalit\u00e9 populaire.<div id='gallery-1' class='gallery galleryid-6699 gallery-columns-3 gallery-size-thumbnail'><figure class='gallery-item'>\n\t\t\t<div class='gallery-icon landscape'>\n\t\t\t\t<a href='https:\/\/archives.regards.fr\/wp-content\/uploads\/2013\/05\/mars-2b9.png'><img loading=\"lazy\" decoding=\"async\" width=\"150\" height=\"150\" src=\"https:\/\/archives.regards.fr\/wp-content\/uploads\/2013\/05\/mars-2b9-150x150.png\" class=\"attachment-thumbnail size-thumbnail\" alt=\"mars.png\" \/><\/a>\n\t\t\t<\/div><\/figure>\n\t\t<\/div>\n<\/p>\n","protected":false},"excerpt":{"rendered":"<p>La capitale europ\u00e9enne de la culture 2 013 est aussi vue comme<br \/>\nune \u00e9tape vers plus de coop\u00e9ration dans un territoire divis\u00e9.<br \/>\nMais quelle que soit sa forme, la m\u00e9tropole \u00e0 venir ne pourra<br \/>\nse faire sans les classes populaires.<\/p>\n","protected":false},"author":464,"featured_media":18421,"comment_status":"open","ping_status":"open","sticky":false,"template":"","format":"standard","meta":{"_themeisle_gutenberg_block_has_review":false,"footnotes":""},"categories":[1],"tags":[449],"class_list":["post-6699","post","type-post","status-publish","format-standard","has-post-thumbnail","hentry","category-non-classe","tag-marseille"],"_links":{"self":[{"href":"https:\/\/archives.regards.fr\/index.php?rest_route=\/wp\/v2\/posts\/6699","targetHints":{"allow":["GET"]}}],"collection":[{"href":"https:\/\/archives.regards.fr\/index.php?rest_route=\/wp\/v2\/posts"}],"about":[{"href":"https:\/\/archives.regards.fr\/index.php?rest_route=\/wp\/v2\/types\/post"}],"author":[{"embeddable":true,"href":"https:\/\/archives.regards.fr\/index.php?rest_route=\/wp\/v2\/users\/464"}],"replies":[{"embeddable":true,"href":"https:\/\/archives.regards.fr\/index.php?rest_route=%2Fwp%2Fv2%2Fcomments&post=6699"}],"version-history":[{"count":0,"href":"https:\/\/archives.regards.fr\/index.php?rest_route=\/wp\/v2\/posts\/6699\/revisions"}],"wp:featuredmedia":[{"embeddable":true,"href":"https:\/\/archives.regards.fr\/index.php?rest_route=\/wp\/v2\/media\/18421"}],"wp:attachment":[{"href":"https:\/\/archives.regards.fr\/index.php?rest_route=%2Fwp%2Fv2%2Fmedia&parent=6699"}],"wp:term":[{"taxonomy":"category","embeddable":true,"href":"https:\/\/archives.regards.fr\/index.php?rest_route=%2Fwp%2Fv2%2Fcategories&post=6699"},{"taxonomy":"post_tag","embeddable":true,"href":"https:\/\/archives.regards.fr\/index.php?rest_route=%2Fwp%2Fv2%2Ftags&post=6699"}],"curies":[{"name":"wp","href":"https:\/\/api.w.org\/{rel}","templated":true}]}}