{"id":6698,"date":"2013-05-30T14:13:19","date_gmt":"2013-05-30T12:13:19","guid":{"rendered":"https:\/\/wp.muchomaas.com\/rassemblement-les-peuples-unis6698\/"},"modified":"2013-05-30T14:13:19","modified_gmt":"2013-05-30T12:13:19","slug":"rassemblement-les-peuples-unis6698","status":"publish","type":"post","link":"https:\/\/archives.regards.fr\/?p=6698","title":{"rendered":"Manifestation, les peuples unis contre la Tro\u00efka !"},"content":{"rendered":"<p class=\"post_excerpt\">Rassemblement \u00e0 Paris, samedi le 1er juin, \u00e0 14h sur le parvis des droits de l\u2019homme esplanade du Trocad\u00e9ro <\/p>\n<p>Suite \u00e0 l\u2019initiative de citoyen-nes du Portugal, de Gr\u00e8ce, d\u2019Espagne et et de France, nous relayons aupr\u00e8s des citoyen-nes, associations, mouvements, organisations politiques et syndicats de France, l\u2019appel \u00e0 une manifestation internationale contre la Tro\u00efka [[Tro\u00efka : Commission Europ\u00e9enne, Fonds Mon\u00e9taire International, Banque Centrale Europ\u00e9enne.]] le 1er juin prochain. <\/p>\n<p><iframe loading=\"lazy\" width=\"460\" height=\"259\" src=\"http:\/\/www.youtube.com\/embed\/m-uscVdGreg?rel=0\" frameborder=\"0\" allowfullscreen><\/iframe><\/p>\n<p>Cette initiative a \u00e9t\u00e9 lanc\u00e9e \u00e0 Lisbonne le 26 avril dernier par des militant-es de cinq pays europ\u00e9ens, dont le mouvement portugais \u00ab Que se lixe a Tro\u00efka \u00bb (\u00ab Que la Tro\u00efka aille se faire foutre \u00bb) qui a d\u00e9j\u00e0 mobilis\u00e9 plus d\u2019un million de personnes dans les rues du Portugal les 15 septembre et 2 mars derniers. Elle entre en \u00e9cho avec toutes les r\u00e9sistances citoyennes, sociales, syndicales en cours et \u00e0 venir (blockupy Francfort les 31 mai et 1er juin, Altersommet \u00e0 Ath\u00e8nes les 7 et 8 juin&#8230;). <\/p>\n<p>Partout o\u00f9 elle s\u00e9vit d\u00e9j\u00e0 (Gr\u00e8ce, Portugal, Irlande, Chypre&#8230;), la Tro\u00efka, mise en place par les chefs d\u2019\u00c9tats et de gouvernement europ\u00e9ens, s\u00e8me le ch\u00f4mage de masse, la mis\u00e8re, la pauvret\u00e9, la pr\u00e9carit\u00e9, privatise tout ce qui peut \u00eatre rentable, d\u00e9truit la culture, les syst\u00e8mes de sant\u00e9 et l\u2019\u00e9cole publique. _<br \/>\nElle condamne des hommes et des femmes chaque fois plus nombreux \u00e0 l\u2019\u00e9migration et met en concurrence pauvres et encore plus pauvres que soi. Sous son emprise, nous sommes condamn\u00e9s \u00e0 la r\u00e9cession et plong\u00e9s dans le cercle infernal de l\u2019endettement, dont nous devenons les esclaves. L\u00e0 o\u00f9 la Tro\u00efka ne s\u00e9vit pas encore, les gouvernements anticipent des mesures d\u2019aust\u00e9rit\u00e9, de privatisation et de d\u00e9mant\u00e8lement des droits sociaux. <\/p>\n<p>Parce que personne ne doit rester seul-e face \u00e0 la crise, nous devons exprimer partout, toutes et tous ensemble en Europe, notre refus des politiques d\u2019asservissement des peuples. Nous \u2013 citoyen-nes, mouvements, syndicats, organisations, repr\u00e9sentant-es de collectivit\u00e9s, groupes formels ou informels &#8211; appelons \u00e0 r\u00e9pondre \u00e0 cet appel \u00e0 mobilisation. <\/p>\n<p><strong>Premiers signataires :<\/strong> Bloco de Esquerda en France(Portugal), collectif Juventud sin futuro Paris (Espagne) &#8211; Comit\u00e9 de SY.RIZ.A \u00e0 Paris (Gr\u00e8ce). Collectif pour un audit citoyen de la dette publique (Membres du collectif : Act Up-Paris, Agir ensemble contre le ch\u00f4mage (AC !), AITEC-IPAM, Amis de la Terre, Attac, CADTM, CEDETIM, Collectif National pour les Droits des Femmes, Collectif Richesse, Conf\u00e9d\u00e9ration CGT, Convergence SP, Coop\u00e9rative DHR, Economistes Atterr\u00e9s, Emma\u00fcs International, Fakir, F\u00e9d\u00e9ration Syndicale Unitaire, Finances CGT, Fondation Copernic, Indecosa-CGT, L\u2019Appel des Appels, Ligue des Droits de l\u2019Homme, Marches Europ\u00e9ennes, Marche Mondiale des Femmes France, Mouvement Utopia, R\u00e9seau Education Populaire, R\u00e9sistance Sociale, SNESUP, Solidaires Finances Publiques, Sud BPCE, Union syndicale Solidaires. <\/p>\n<p><strong>Soutiens : <\/strong> Alliance Ecologiste Ind\u00e9pendante, Alternatifs, Association Nationale des \u00c9lus Communistes et R\u00e9publicains, Convergences et Alternative, D\u00e9mocratie et socialisme, Europe Ecologie Les Verts, FASE, Gauche Anticapitaliste, Gauche Unitaire, M\u2019PEP, NPA, Parti Communiste Fran\u00e7ais, PCOF, Parti de Gauche, Parti pour la d\u00e9croissance).<br \/>\nAssociation Autogestion, FAE &#8211; F\u00e9ministes pour une autre Europe, Le Mouvement de la Paix, M\u00e9moire des luttes, R\u00e9seau F\u00e9ministe &#8220;Ruptures&#8221;,Transform ! Europe, Unies-vers-elles <\/p>\n<p>&mdash;&nbsp;<\/p>\n<p><strong>L\u2019APPEL DE LISBONNE<\/strong> <\/p>\n<p>L\u2019Europe subit une violente attaque du capital financier repr\u00e9sent\u00e9 par la Tro\u00efka (FMI, BCE, CE) et par les diff\u00e9rents gouvernements qui appliquent les politiques concoct\u00e9es par ces institutions qui m\u00e9prisent les personnes. Nous savons que cette offensive vise \u00e0 faire plier les peuples en les rendant esclaves de la dette et de l\u2019aust\u00e9rit\u00e9. Cette attaque concerne toute l\u2019Europe et elle doit \u00eatre \u00e9galement vaincue par la lutte internationale. <\/p>\n<p>Chacun de nous, dans chaque pays, dans chaque ville, avec ses sp\u00e9cificit\u00e9s, ressent dans ses chairs les mesures qui d\u00e9truisent les droits conquis par des d\u00e9cennies de luttes ; des mesures qui aggravent le ch\u00f4mage, qui privatisent tout ce qui peut \u00eatre rentable et qui conditionnent la souverainet\u00e9 des pays avec la propagande de \u00ab l\u2019aide externe \u00bb. Il est urgent d\u2019unir nos forces pour mieux combattre cette attaque. <\/p>\n<p>L\u2019appel de que nous lan\u00e7ons pour une manifestation internationale d\u00e9centralis\u00e9e circulait d\u00e9j\u00e0 parmi des dizaines de mouvements sociaux en Espagne, en France, en Gr\u00e8ce, en Italie, \u00e0 Chypre, en Irlande, en Angleterre, en Ecosse, en Allemagne, en Slov\u00e9nie\u2026 Lors de notre r\u00e9union d\u2019hier, le 26 avril \u00e0 Lisbonne, des camarades de plusieurs pays d\u2019Europe ont discut\u00e9 ensemble de cette proposition. <\/p>\n<p>Il a \u00e9t\u00e9 d\u00e9cid\u00e9 par consensus international que nous descendrons dans les rues le 1er juin prochain sous le mot d\u2019ordre : \u00ab Les peuples unis contre la Tro\u00efka ! \u00bb <\/p>\n<p>Ceci est le d\u00e9but d\u2019un processus qui se veut d\u00e9centralis\u00e9, inclusif et participatif. Nous voulons le construire collectivement en rassemblant nos forces. A partir d\u2019aujourd\u2019hui, cet \u00e9v\u00e9nement du 1er juin sera diffus\u00e9 \u00e0 l\u2019\u00e9chelle europ\u00e9enne et nous invitons tout le monde \u00e0 participer \u00e0 cette protestation internationale contre la Tro\u00efka et contre l\u2019aust\u00e9rit\u00e9 et pour que ce soient les peuples qui d\u00e9cident de leur destin. <\/p>\n<p>Nous faisons appel \u00e0 tous les citoyens et citoyennes, avec ou sans parti, avec ou sans emploi, avec ou sans espoir ; nous les appelons \u00e0 s\u2019unir tous et toutes. A toutes les organisations politiques, mouvement civiques, syndicats, partis, collectivit\u00e9s, groupes informels, nous les appelons \u00e0 nous rejoindre. <\/p>\n<p>Nous voulons continuer \u00e0 \u00e9largir nos contacts tant nationaux qu\u2019internationaux, parce que nous sommes conscients que ce sera l\u2019addition de nos voix qui pourra bloquer la nouvelle vague d\u2019aust\u00e9rit\u00e9 qui est en train de se pr\u00e9parer. Les peuples d\u2019Europe ont d\u00e9montr\u00e9 \u00e0 plusieurs reprises qu\u2019ils ne sont pas dispos\u00e9s \u00e0 plus de sacrifices au nom d\u2019un futur qui ne viendra jamais. <\/p>\n<p>C\u2019est pour cela que nous pensons que l\u2019heure est venue pour ces peuples de d\u00e9montrer qu\u2019ils peuvent se coordonner dans la lutte et dans l\u2019opposition \u00e0 ces politiques. <\/p>\n<p>Du Nord au Sud de l\u2019Europe : prenons la rue contre l\u2019aust\u00e9rit\u00e9 ! <\/p>\n<p>Source : http:\/\/www.esquerda.net\/artigo\/povos-unidos-contra-troika-manifesta\u00e7\u00e3o-internacional-dia-1-de-junho\/27632<\/p>\n","protected":false},"excerpt":{"rendered":"<p>Rassemblement \u00e0 Paris, samedi le 1er juin, \u00e0 14h sur le parvis des droits de l\u2019homme esplanade du Trocad\u00e9ro <\/p>\n","protected":false},"author":643,"featured_media":0,"comment_status":"open","ping_status":"open","sticky":false,"template":"","format":"standard","meta":{"_themeisle_gutenberg_block_has_review":false,"footnotes":""},"categories":[152],"tags":[],"class_list":["post-6698","post","type-post","status-publish","format-standard","hentry","category-agenda-militant"],"_links":{"self":[{"href":"https:\/\/archives.regards.fr\/index.php?rest_route=\/wp\/v2\/posts\/6698","targetHints":{"allow":["GET"]}}],"collection":[{"href":"https:\/\/archives.regards.fr\/index.php?rest_route=\/wp\/v2\/posts"}],"about":[{"href":"https:\/\/archives.regards.fr\/index.php?rest_route=\/wp\/v2\/types\/post"}],"author":[{"embeddable":true,"href":"https:\/\/archives.regards.fr\/index.php?rest_route=\/wp\/v2\/users\/643"}],"replies":[{"embeddable":true,"href":"https:\/\/archives.regards.fr\/index.php?rest_route=%2Fwp%2Fv2%2Fcomments&post=6698"}],"version-history":[{"count":0,"href":"https:\/\/archives.regards.fr\/index.php?rest_route=\/wp\/v2\/posts\/6698\/revisions"}],"wp:attachment":[{"href":"https:\/\/archives.regards.fr\/index.php?rest_route=%2Fwp%2Fv2%2Fmedia&parent=6698"}],"wp:term":[{"taxonomy":"category","embeddable":true,"href":"https:\/\/archives.regards.fr\/index.php?rest_route=%2Fwp%2Fv2%2Fcategories&post=6698"},{"taxonomy":"post_tag","embeddable":true,"href":"https:\/\/archives.regards.fr\/index.php?rest_route=%2Fwp%2Fv2%2Ftags&post=6698"}],"curies":[{"name":"wp","href":"https:\/\/api.w.org\/{rel}","templated":true}]}}