{"id":6691,"date":"2013-05-30T11:02:23","date_gmt":"2013-05-30T09:02:23","guid":{"rendered":"https:\/\/wp.muchomaas.com\/printemps-arabes-la-confiscation6691\/"},"modified":"2013-05-30T11:02:23","modified_gmt":"2013-05-30T09:02:23","slug":"printemps-arabes-la-confiscation6691","status":"publish","type":"post","link":"https:\/\/archives.regards.fr\/?p=6691","title":{"rendered":"Printemps arabes, la confiscation"},"content":{"rendered":"<p class=\"post_excerpt\">sur France 3<\/p>\n<p>Le 17 d\u00e9cembre 2010, l&#8217;immolation d&#8217;un vendeur ambulant \u00e0 Sidi Bouzid, en Tunisie, embrase le monde arabe. D\u00e8s lors, nombre de pays sont touch\u00e9s, voyant leurs dirigeants chass\u00e9s du pouvoir : Ben Ali en Tunisie, Moubarak en Egypte. En Libye, une traque impitoyable d\u00e9bute, qui conduit \u00e0 la mort de Kadhafi. En Syrie, la vague r\u00e9volutionnaire se transforme en guerre civile d\u00e9vastatrice, qui oppose Bachar el-Assad aux combattants de l&#8217;Arm\u00e9e syrienne libre. En destitutant ainsi leurs dictateurs, les jeunes rebelles pensent avoir gagn\u00e9 la libert\u00e9 et la d\u00e9mocratie. En r\u00e9alit\u00e9, la Confr\u00e9rie des Fr\u00e8res musulmans r\u00e9cup\u00e8re le pouvoir, soutenue par le Qatar.<\/p>\n<p><iframe loading=\"lazy\" width=\"460\" height=\"259\" src=\"http:\/\/www.youtube.com\/embed\/wCdSjWLmNSQ?rel=0\" frameborder=\"0\" allowfullscreen><\/iframe><br clear=\"all\">A voir <a href=\"http:\/\/programmes.france3.fr\/documentaires\/index.php?page=doc&#038;programme=histoire-immediate&#038;id_article=3788\">dans son int\u00e9gralit\u00e9 ici<\/a><\/p>\n<p>Documentaire de Fr\u00e9d\u00e9ric Brunnquell, 75mn<\/p>\n","protected":false},"excerpt":{"rendered":"<p>sur France 3<\/p>\n","protected":false},"author":643,"featured_media":0,"comment_status":"open","ping_status":"open","sticky":false,"template":"","format":"standard","meta":{"_themeisle_gutenberg_block_has_review":false,"footnotes":""},"categories":[111],"tags":[434],"class_list":["post-6691","post","type-post","status-publish","format-standard","hentry","category-nos-selections","tag-documentaire"],"_links":{"self":[{"href":"https:\/\/archives.regards.fr\/index.php?rest_route=\/wp\/v2\/posts\/6691","targetHints":{"allow":["GET"]}}],"collection":[{"href":"https:\/\/archives.regards.fr\/index.php?rest_route=\/wp\/v2\/posts"}],"about":[{"href":"https:\/\/archives.regards.fr\/index.php?rest_route=\/wp\/v2\/types\/post"}],"author":[{"embeddable":true,"href":"https:\/\/archives.regards.fr\/index.php?rest_route=\/wp\/v2\/users\/643"}],"replies":[{"embeddable":true,"href":"https:\/\/archives.regards.fr\/index.php?rest_route=%2Fwp%2Fv2%2Fcomments&post=6691"}],"version-history":[{"count":0,"href":"https:\/\/archives.regards.fr\/index.php?rest_route=\/wp\/v2\/posts\/6691\/revisions"}],"wp:attachment":[{"href":"https:\/\/archives.regards.fr\/index.php?rest_route=%2Fwp%2Fv2%2Fmedia&parent=6691"}],"wp:term":[{"taxonomy":"category","embeddable":true,"href":"https:\/\/archives.regards.fr\/index.php?rest_route=%2Fwp%2Fv2%2Fcategories&post=6691"},{"taxonomy":"post_tag","embeddable":true,"href":"https:\/\/archives.regards.fr\/index.php?rest_route=%2Fwp%2Fv2%2Ftags&post=6691"}],"curies":[{"name":"wp","href":"https:\/\/api.w.org\/{rel}","templated":true}]}}