{"id":6690,"date":"2013-05-29T17:09:16","date_gmt":"2013-05-29T15:09:16","guid":{"rendered":"https:\/\/wp.muchomaas.com\/pascal-durand-il-ne-faut-pas-que-l6690\/"},"modified":"2023-06-23T23:14:36","modified_gmt":"2023-06-23T21:14:36","slug":"pascal-durand-il-ne-faut-pas-que-l6690","status":"publish","type":"post","link":"https:\/\/archives.regards.fr\/?p=6690","title":{"rendered":"Pascal Durand : \u00ab Il ne faut pas que l&#8217;\u00e9cologie soit vue comme le suppl\u00e9tif du PS \u00bb"},"content":{"rendered":"<p class=\"post_excerpt\">Lors de son Conseil f\u00e9d\u00e9ral les 25 et 26 mai 2013, Europe Ecologie-Les Verts a demand\u00e9 au gouvernement un changement de cap. Pr\u00e9sence de ministres \u00e9cologistes, strat\u00e9gie de l&#8217;autonomie aux municipales de 2014, mobilisation autour des retraites&#8230; Comment peser sur les orientations politiques ? Entretien avec Pascal Durand, secr\u00e9taire national d&#8217;EELV. <\/p>\n<p><strong>Regards.fr.<\/strong> <em>\u00a0<strong>A propos de la participation des \u00e9cologistes au gouvernement, vous avez dit que \u00ab\u00a0la solidarit\u00e9, ce n\u2019est pas la soumission\u00a0\u00bb. Pourtant, plusieurs ministres sont r\u00e9guli\u00e8rement rappel\u00e9s \u00e0 l\u2019ordre par le chef de gouvernement ou le pr\u00e9sident de la R\u00e9publique\u2026<\/strong> <\/em><\/p>\n<p><strong>Pascal Durand.<\/strong> Pas les n\u00f4tres\u00a0! Ceci dit, qu\u2019un pr\u00e9sident de la R\u00e9publique ou qu\u2019un chef de gouvernement recherche une unit\u00e9 de discours dans ses \u00e9quipes, \u00e7a ne me choque pas. Je serais choqu\u00e9 qu\u2019ils l\u2019imposent, comme dans le syst\u00e8me sarkozyste, gaulliste, voire m\u00eame mitterrandien. Mais je ne crois pas que nous en soyons l\u00e0. Il n\u2019emp\u00eache que de notre point de vue, nous devons apporter notre valeur ajout\u00e9e \u00e0 un gouvernement de partenariat entre les socialistes, les radicaux et nous-m\u00eames. Personne n\u2019attend des \u00e9cologistes qu\u2019ils se conforment aux canons de la pens\u00e9e socialiste. Nous avons notre propre projet de soci\u00e9t\u00e9. Mais les ministres \u00e9tant solidaires d\u2019un gouvernement, leur capacit\u00e9 \u00e0 intervenir concerne d\u2019abord leur minist\u00e8re. J\u2019imagine que C\u00e9cile Duflot appr\u00e9cierait assez peu qu\u2019Arnaud Montebourg ou Delphine Batho fassent des commentaires sur la mani\u00e8re dont elle g\u00e8re le logement. Je comprends donc aussi qu\u2019elle, comme Pascal Canfin, ne critique pas l\u2019action du ministre du redressement productif. C\u2019est de bonne guerre\u00a0! En-dehors de cette limite, on a le droit d\u2019avoir un certain nombre de convictions et de les faire partager, comme au sujet de Notre-Dame-des-Landes ou des politiques d\u2019aust\u00e9rit\u00e9. <\/p>\n<p><em> <strong>Avez-vous l\u2019impression d\u2019\u00eatre entendus\u00a0?<\/strong> <\/em><\/p>\n<p>Sur certains sujets, nous le sommes. Beaucoup de nos amendements ont \u00e9t\u00e9 retenus dans le cadre de la loi bancaire. Concernant la transition \u00e9cologique \u2013 transport, industrie, fiscalit\u00e9, \u00e9nergie \u2013 nous sommes en attente de signaux. Le d\u00e9bat est en cours, mais nous n\u2019avons pas re\u00e7u \u00e0 ce stade d\u2019\u00e9l\u00e9ments attestant d\u2019une transition en marche. Nous sommes des acteurs et des observateurs attentifs de la volont\u00e9 de Bercy, du minist\u00e8re de l\u2019\u00e9cologie, de commencer \u00e0 mettre en \u0153uvre ces basculements.<\/p>\n<p><em> <strong>Si ces signaux n\u2019arrivent pas, quelles cons\u00e9quences en tirerez-vous\u00a0?<\/strong> <\/em><\/p>\n<p>C\u2019est comme si avant un match de foot, vous demandiez \u00e0 un joueur qui entre sur le terrain ce qu\u2019il fera si son \u00e9quipe perd\u00a0! Il vous r\u00e9pondra de bonne foi\u00a0: \u00ab\u00a0Laissez-moi jouer le match d\u2019abord\u00a0\u00bb. J\u2019esp\u00e8re que ces signaux arriveront. Par ailleurs, le monde n\u2019est pas blanc ou noir, nous n\u2019aurons pas tout ou rien. Oui ou non, a-t-on entam\u00e9 la sortie du nucl\u00e9aire que nous souhaitons \u00e0 terme\u00a0? Nous ne pouvons pas encore le mesurer. Une chose est s\u00fbre, nous ne l\u2019avons pas obtenue dans le cadre du partenariat avec le Parti socialiste, puisque la limite a \u00e9t\u00e9 fix\u00e9e \u00e0 50% \u00e0 l\u2019horizon 2025. Mais c\u2019est d\u00e9j\u00e0 une avanc\u00e9e consid\u00e9rable par rapport au 77% actuels\u00a0! Pour y parvenir, nous ne nous contenterons pas de la fermeture de Fessenheim en 2016. Il faudra aussi d\u00e9velopper fortement le renouvelable, les \u00e9conomies d\u2019\u00e9nergie, passer \u00e0 d\u2019autres modes de production et de consommation \u00e9nerg\u00e9tiques, ainsi qu\u2019\u00e0 une autre fiscalit\u00e9. J\u2019ai entendu le d\u00e9claratif, maintenant j\u2019attends le <em>modus operandi<\/em>.<\/p>\n<p><em> <strong>Peut-on participer \u00e0 un gouvernement et en appeler \u00e0 des moyens de pression et des modes de contestation venant de l\u2019ext\u00e9rieur\u00a0?<\/strong> <\/em><\/p>\n<p>Oui. J\u2019esp\u00e8re que sur des sujets aussi graves que les retraites, nous aurons une mobilisation citoyenne de la m\u00eame importance que celle de la droite contre le mariage pour tous. Je souhaite que la soci\u00e9t\u00e9 fran\u00e7aise se mette en marche sur des sujets de cette nature. Mais j\u2019aimerais aussi que la mobilisation sociale ne rel\u00e8ve pas simplement d\u2019une logique de blocage et de r\u00e9action \u00e0 des textes d&#8217;inspiration conservatrice ou lib\u00e9rale. Nous avons besoin d\u2019une d\u00e9marche constructive pour aboutir \u00e0 une r\u00e9forme solidaire. Le monde de 2013 dans lequel nous entrons ne sera pas celui des jours heureux du Conseil national de la R\u00e9sistance. J&#8217;ai beaucoup de respect pour le CNR, tout comme pour ce qui a \u00e9t\u00e9 r\u00e9alis\u00e9 au moment de la Commune. Il n&#8217;emp\u00eache qu&#8217;en 1946, les acteurs ne se sont pas uniquement concentr\u00e9s sur ce qu&#8217;il s&#8217;\u00e9tait pass\u00e9 en 1870. Nous vivons aujourd\u2019hui de nouvelles crises, les jeunes obtiennent leur premier CDI \u00e0 26 ans et non plus \u00e0 15 ou 16 ans, la France compte 5 millions de ch\u00f4meurs, les carri\u00e8res professionnelles des individus sont bris\u00e9es. Autrefois, on pouvait commencer m\u00e9canicien de surface et finir ing\u00e9nieur maison&#8230; Le mod\u00e8le de 1946 \u00e9tait fond\u00e9 sur le plein emploi. Ceux qui travaillaient \u00e9taient en capacit\u00e9 de financer les retraites de ceux qui arrivaient \u00e0 l&#8217;\u00e2ge du d\u00e9part. Ce monde n&#8217;existe plus. Il faut inventer de nouvelles solidarit\u00e9s \u00e0 l&#8217;\u00e9gard des jeunes sans travail, sans formation et sans argent. Il faut aider les seniors qui se font d\u00e9barquer \u00e0 55 ans au lieu de vouloir rallonger les dur\u00e9es de cotisation. La r\u00e9ponse comptable et lib\u00e9rale qui consiste \u00e0 dire qu&#8217;on vit plus longtemps et que donc il faut cotiser plus ne r\u00e9sout rien. J&#8217;aimerais que la gauche, les syndicats, les \u00e9cologistes arrivent \u00e0 d\u00e9battre de temps de travail, de formation au cours de la vie&#8230; Ces sujets ne peuvent plus \u00eatre dissoci\u00e9s de la question des retraites, de la solidarit\u00e9, de la pauvret\u00e9, de la pr\u00e9carit\u00e9. J&#8217;ai l&#8217;impression que dans notre pays des syndicats comme la CGT et FO sont tr\u00e8s attentifs \u00e0 ceux qui ont du boulot dans les gros groupes. On mesure la solidarit\u00e9 \u00e0 l&#8217;aune des grands plans sociaux. Mais ce qui s&#8217;est pass\u00e9 chez Continental n&#8217;est pas le pire : eux ont au moins la chance d&#8217;avoir pu faire un proc\u00e8s \u00e0 l&#8217;entreprise, cela concernait  plus de 500 salari\u00e9s, ils ont \u00e9t\u00e9 suivis par TF1&#8230; Ce n&#8217;est pas le cas des sous-traitants de Continental. J&#8217;aimerais qu&#8217;on aille voir la soci\u00e9t\u00e9 de 10 salari\u00e9s charg\u00e9e du m\u00e9nage dont personne ne parle! Nous avons besoin d&#8217;une belle mobilisation, mais \u00e7a ne se d\u00e9cr\u00e8te pas. Je ne suis pas un tenant de l&#8217;avant-garde politique. <\/p>\n<p><em> <strong>EELV d\u00e9fend une strat\u00e9gie d&#8217;autonomie pour les municipales de 2014. Des alliances au cas par cas sont-elles envisageables?<\/strong> <\/em><\/p>\n<p>Bien s\u00fbr. Mais il ne faut pas que l&#8217;\u00e9cologie soit vue comme le suppl\u00e9tif du PS. On reconna\u00eet aux \u00e9colos, dans les villes, des pratiques diff\u00e9rentes. Pour nous, faire des ronds-points, des autoroutes, des a\u00e9roports, des lotissements, ce n&#8217;est pas la meilleure mani\u00e8re de d\u00e9velopper une nouvelle soci\u00e9t\u00e9. C&#8217;est cela que nous voulons porter. Apr\u00e8s, notre parti n&#8217;a pas les moyens de pr\u00e9senter des listes dans les 36000 communes fran\u00e7aises! Dans certains endroits, nous avons moins de militants que de postes \u00e0 pourvoir. Et il y a des d\u00e9serts :  amusez-vous \u00e0 faire une liste 100% \u00e9colo \u00e0 Nice ! Mais en tant que secr\u00e9taire national du mouvement de l&#8217;\u00e9cologie politique fran\u00e7ais, j&#8217;aimerais que dans un maximum de villes, on puisse porter l&#8217;autonomie du projet \u00e9colo. Ce qui ne veut pas dire qu&#8217;on ira tout le temps seul. On peut \u00eatre autonome dans les valeurs que l&#8217;on porte et se mettre en partenariat avec d&#8217;autres. Europe \u00e9cologie ne s&#8217;est pas construit simplement avec les Verts mais aussi avec des anciens de Greenpeace, de la FNE (F\u00e9d\u00e9ration France nature environnement, ndlr)&#8230; Mais si demain on s&#8217;allie avec le PS \u00e0 Paris, on ne pourra pas parler d&#8217;autonomie! <\/p>\n<p><em> <strong>Que se passera-t-il si Dominique Voynet se retrouve face \u00e0 un candidat socialiste \u00e0 Montreuil ?<\/strong> <\/em><\/p>\n<p>Dans ce cas, nous nous bagarrerons. Montreuil est la seule ville de plus de 100000 habitants que les \u00e9cologistes g\u00e8rent \u2013 et pas n&#8217;importe lesquels : l&#8217;ancienne ministre de l&#8217;environnement. C&#8217;est pour nous une priorit\u00e9 nationale. Dominique Voynet aura sans la moindre h\u00e9sitation le soutien d&#8217;EELV. De la m\u00eame mani\u00e8re que je comprends que le Parti communiste tienne historiquement \u00e0 des villes comme Ivry ou Champigny, nous entendons garder Montreuil. Ce sera un combat.<\/p>\n<p><em> <strong>Songez-vous \u00e0 \u00eatre t\u00eate de liste aux \u00e9lections europ\u00e9ennes?<\/strong> <\/em><\/p>\n<p>Non, l&#8217;essentiel des bruits semble attester que je serai candidat, mais je ne sais pas encore. J&#8217;en parlerai d&#8217;abord aux militants de mon parti. Quand nous aurons r\u00e9ussi notre congr\u00e8s de novembre, nous verrons quelles sont les personnalit\u00e9s qui auront fait valoir leur capacit\u00e9 \u00e0 \u00eatre t\u00eates de liste dans les r\u00e9gions. Pour l&#8217;Ile-de-France, \u00e0 ce jour seul Pascal Canfin a fait savoir qu&#8217;\u00e9ventuellement il aimerait bien y revenir. Il est tout d\u00e9sign\u00e9 pour porter cette liste, mais c&#8217;est un excellent ministre, donc il lui appartient de d\u00e9cider si cela vaut le coup de quitter le gouvernement.<\/p>\n<p><strong> <em>Le d\u00e9put\u00e9 europ\u00e9en Yannick Jadot a estim\u00e9 dans Lib\u00e9ration qu&#8217;<\/em> \u00ab\u00a0il n&#8217;y aura pas d&#8217;appel \u00e0 sortir du gouvernement avant 2015\u00a0\u00bb. <em>Vous \u00eates d&#8217;accord ?<\/em> <\/strong> <\/p>\n<p>Je n&#8217;ai pas de boule de cristal. La question, c&#8217;est de savoir si les \u00e9cologistes ont ou non une utilit\u00e9 dans ce gouvernement pour ce qu&#8217;ils souhaitent y faire : transformer le monde. Tant qu&#8217;on sera efficients, on continuera. Quand C\u00e9cile Duflot fait en sorte qu&#8217;on isole les b\u00e2timents et qu&#8217;on construise des logements sociaux, elle fait oeuvre utile. Si un jour nous ne sommes pas entendus, alors les militants se prononceront \u2013 et les ministres en tireront s\u00fbrement les cons\u00e9quences. Selon le site Atlantico, Arnaud Montebourg pourrait remplacer Delphine Batho \u00e0 l&#8217;\u00e9cologie. Typiquement le genre de signal qui nous inqui\u00e9terait ! Cette d\u00e9cision donnerait la responsabilit\u00e9 de l&#8217;\u00e9nergie \u00e0 quelqu&#8217;un qui nous explique depuis le d\u00e9but que le nucl\u00e9aire c&#8217;est g\u00e9nial, que les gaz de schiste c&#8217;est merveilleux, qu&#8217;il ne faut pas  h\u00e9siter \u00e0 exploiter les gaz de houilles&#8230; Si c&#8217;est cette vision de la transition \u00e9nerg\u00e9tique qui est port\u00e9e, les \u00e9cologistes feront plus que se poser des questions. Mais pour le moment, l&#8217;unanimit\u00e9 au conseil f\u00e9d\u00e9ral s&#8217;est faite sur le changement de cap. Il faut qu&#8217;on reste et qu&#8217;on p\u00e8se.<br \/>\n<div id='gallery-1' class='gallery galleryid-6690 gallery-columns-3 gallery-size-thumbnail'><figure class='gallery-item'>\n\t\t\t<div class='gallery-icon landscape'>\n\t\t\t\t<a href='https:\/\/archives.regards.fr\/wp-content\/uploads\/2013\/05\/dur-dd0.png'><img loading=\"lazy\" decoding=\"async\" width=\"150\" height=\"150\" src=\"https:\/\/archives.regards.fr\/wp-content\/uploads\/2013\/05\/dur-dd0-150x150.png\" class=\"attachment-thumbnail size-thumbnail\" alt=\"dur.png\" \/><\/a>\n\t\t\t<\/div><\/figure>\n\t\t<\/div>\n<\/p>\n","protected":false},"excerpt":{"rendered":"<p>Lors de son Conseil f\u00e9d\u00e9ral les 25 et 26 mai 2013, Europe Ecologie-Les Verts a demand\u00e9 au gouvernement un changement de cap. Pr\u00e9sence de ministres \u00e9cologistes, strat\u00e9gie de l&#8217;autonomie aux municipales de 2014, mobilisation autour des retraites&#8230; Comment peser sur les orientations politiques ? Entretien avec Pascal Durand, secr\u00e9taire national d&#8217;EELV. <\/p>\n","protected":false},"author":573,"featured_media":18409,"comment_status":"open","ping_status":"open","sticky":false,"template":"","format":"standard","meta":{"_themeisle_gutenberg_block_has_review":false,"footnotes":""},"categories":[157],"tags":[457],"class_list":["post-6690","post","type-post","status-publish","format-standard","has-post-thumbnail","hentry","category-web","tag-eelv"],"_links":{"self":[{"href":"https:\/\/archives.regards.fr\/index.php?rest_route=\/wp\/v2\/posts\/6690","targetHints":{"allow":["GET"]}}],"collection":[{"href":"https:\/\/archives.regards.fr\/index.php?rest_route=\/wp\/v2\/posts"}],"about":[{"href":"https:\/\/archives.regards.fr\/index.php?rest_route=\/wp\/v2\/types\/post"}],"author":[{"embeddable":true,"href":"https:\/\/archives.regards.fr\/index.php?rest_route=\/wp\/v2\/users\/573"}],"replies":[{"embeddable":true,"href":"https:\/\/archives.regards.fr\/index.php?rest_route=%2Fwp%2Fv2%2Fcomments&post=6690"}],"version-history":[{"count":0,"href":"https:\/\/archives.regards.fr\/index.php?rest_route=\/wp\/v2\/posts\/6690\/revisions"}],"wp:featuredmedia":[{"embeddable":true,"href":"https:\/\/archives.regards.fr\/index.php?rest_route=\/wp\/v2\/media\/18409"}],"wp:attachment":[{"href":"https:\/\/archives.regards.fr\/index.php?rest_route=%2Fwp%2Fv2%2Fmedia&parent=6690"}],"wp:term":[{"taxonomy":"category","embeddable":true,"href":"https:\/\/archives.regards.fr\/index.php?rest_route=%2Fwp%2Fv2%2Fcategories&post=6690"},{"taxonomy":"post_tag","embeddable":true,"href":"https:\/\/archives.regards.fr\/index.php?rest_route=%2Fwp%2Fv2%2Ftags&post=6690"}],"curies":[{"name":"wp","href":"https:\/\/api.w.org\/{rel}","templated":true}]}}