{"id":6673,"date":"2013-05-24T11:49:33","date_gmt":"2013-05-24T09:49:33","guid":{"rendered":"https:\/\/wp.muchomaas.com\/nique-ta-race6673\/"},"modified":"2023-06-23T23:14:34","modified_gmt":"2023-06-23T21:14:34","slug":"nique-ta-race6673","status":"publish","type":"post","link":"https:\/\/archives.regards.fr\/?p=6673","title":{"rendered":"Nique ta race"},"content":{"rendered":"<p class=\"post_excerpt\">Jeudi dernier, l&#8217;Assembl\u00e9e nationale a adopt\u00e9 le projet de loi propos\u00e9 par le Front de gauche qui vise \u00e0 supprimer le mot race de la l\u00e9gislation fran\u00e7aise. Un vote qui fait pol\u00e9mique, \u00e0 droite, mais aussi \u00e0 gauche. De la d\u00e9claration de Fran\u00e7ois Asensi (d\u00e9put\u00e9 FG) dans l&#8217;h\u00e9micycle \u00e0 la tribune publi\u00e9e dans <em>Le Monde<\/em> de la romanci\u00e8re Nancy Huston et du biologiste Michel Raymond,  ce week end nous avons compuls\u00e9 pour vous diff\u00e9rents textes parus  sur le sujet un peu partout dans la presse. <\/p>\n<p><strong>A \u00e9couter :<\/strong><br \/>\n\u2022 <a href=\"6662\">La suppression du mot race et la th\u00e9orie du genre par Caroline Fourest<\/a><\/p>\n<p><strong>Et \u00e0 lire :<\/strong><br \/>\n\u2022 <a href=\"http:\/\/www.francoisasensi.com\/4710\/suppression-du-mot-race-de-la-constitution-une-victoire-des-deputes-du-front-de-gauche\/\">Suppression du mot race de la constitution: une victoire des d\u00e9put\u00e9s du Front de Gauche !<\/a>, par Fran\u00e7ois Asensi<br \/>\n\u2022\u00a0<a href=\"http:\/\/www.mrap.fr\/contre-le-racisme-sous-toutes-ses-formes\/suppression-du-mot-abracebb-une-premiere-mesure-qui-en-appelle-dautres\">Suppression du mot \u00abrace\u00bb : une premi\u00e8re mesure qui en appelle d&#8217;autres<\/a>, MRAP<br \/>\n\u2022 <a href=\"3011\">Question raciale, le mot et la chose<\/a> par Eric Fassin<br \/>\n\u2022 <a href=\"http:\/\/lmsi.net\/L-elephant-socialiste-dans-le\">L\u2019\u00e9l\u00e9phant (socialiste) dans le magasin de porcelaine<\/a><br \/>\n\u2022\u00a0<a href=\"http:\/\/www.lemonde.fr\/idees\/article\/2013\/05\/17\/oui-les-races-existent_3296359_3232.html\">Sexes et races, deux r\u00e9alit\u00e9s<\/a>, <em>Le Monde<\/em><br \/>\n\u2022 <a href=\"http:\/\/cafaitgenre.org\/2013\/05\/20\/sexes-et-races-deux-realites-une-reponse-a-nancy-huston-et-michel-raymond\/\">&#8220;Sexes et races, deux r\u00e9alit\u00e9s&#8221;: une r\u00e9ponse \u00e0 Nancy Huston et Michel Raymond<\/a><br \/>\n\u2022 <a href=\"http:\/\/www.crepegeorgette.com\/2013\/05\/19\/sexes-et-races-deux-realites-2-realites-socialement-construites\/\">\u00ab Sexes et races, deux r\u00e9alit\u00e9s \u00bb 2 r\u00e9alit\u00e9s socialement construites<\/a><br \/>\n<div id='gallery-1' class='gallery galleryid-6673 gallery-columns-3 gallery-size-thumbnail'><figure class='gallery-item'>\n\t\t\t<div class='gallery-icon landscape'>\n\t\t\t\t<a href='https:\/\/archives.regards.fr\/wp-content\/uploads\/2013\/05\/race-2-d02.png'><img loading=\"lazy\" decoding=\"async\" width=\"150\" height=\"150\" src=\"https:\/\/archives.regards.fr\/wp-content\/uploads\/2013\/05\/race-2-d02-150x150.png\" class=\"attachment-thumbnail size-thumbnail\" alt=\"race-2.png\" \/><\/a>\n\t\t\t<\/div><\/figure>\n\t\t<\/div>\n<\/p>\n","protected":false},"excerpt":{"rendered":"<p>Jeudi dernier, l&#8217;Assembl\u00e9e nationale a adopt\u00e9 le projet de loi propos\u00e9 par le Front de gauche qui vise \u00e0 supprimer le mot race de la l\u00e9gislation fran\u00e7aise. Un vote qui fait pol\u00e9mique, \u00e0 droite, mais aussi \u00e0 gauche. De la d\u00e9claration de Fran\u00e7ois Asensi (d\u00e9put\u00e9 FG) dans l&#8217;h\u00e9micycle \u00e0 la tribune publi\u00e9e dans <em>Le Monde<\/em> de la romanci\u00e8re Nancy Huston et du biologiste Michel Raymond,  ce week end nous avons compuls\u00e9 pour vous diff\u00e9rents textes parus  sur le sujet un peu partout dans la presse. <\/p>\n","protected":false},"author":643,"featured_media":18387,"comment_status":"open","ping_status":"open","sticky":false,"template":"","format":"standard","meta":{"_themeisle_gutenberg_block_has_review":false,"footnotes":""},"categories":[105],"tags":[],"class_list":["post-6673","post","type-post","status-publish","format-standard","has-post-thumbnail","hentry","category-nos-dossiers"],"_links":{"self":[{"href":"https:\/\/archives.regards.fr\/index.php?rest_route=\/wp\/v2\/posts\/6673","targetHints":{"allow":["GET"]}}],"collection":[{"href":"https:\/\/archives.regards.fr\/index.php?rest_route=\/wp\/v2\/posts"}],"about":[{"href":"https:\/\/archives.regards.fr\/index.php?rest_route=\/wp\/v2\/types\/post"}],"author":[{"embeddable":true,"href":"https:\/\/archives.regards.fr\/index.php?rest_route=\/wp\/v2\/users\/643"}],"replies":[{"embeddable":true,"href":"https:\/\/archives.regards.fr\/index.php?rest_route=%2Fwp%2Fv2%2Fcomments&post=6673"}],"version-history":[{"count":0,"href":"https:\/\/archives.regards.fr\/index.php?rest_route=\/wp\/v2\/posts\/6673\/revisions"}],"wp:featuredmedia":[{"embeddable":true,"href":"https:\/\/archives.regards.fr\/index.php?rest_route=\/wp\/v2\/media\/18387"}],"wp:attachment":[{"href":"https:\/\/archives.regards.fr\/index.php?rest_route=%2Fwp%2Fv2%2Fmedia&parent=6673"}],"wp:term":[{"taxonomy":"category","embeddable":true,"href":"https:\/\/archives.regards.fr\/index.php?rest_route=%2Fwp%2Fv2%2Fcategories&post=6673"},{"taxonomy":"post_tag","embeddable":true,"href":"https:\/\/archives.regards.fr\/index.php?rest_route=%2Fwp%2Fv2%2Ftags&post=6673"}],"curies":[{"name":"wp","href":"https:\/\/api.w.org\/{rel}","templated":true}]}}