{"id":6637,"date":"2013-06-03T13:56:04","date_gmt":"2013-06-03T11:56:04","guid":{"rendered":"https:\/\/wp.muchomaas.com\/2e-foire-a-l-autogestion-a6637\/"},"modified":"2013-06-03T13:56:04","modified_gmt":"2013-06-03T11:56:04","slug":"2e-foire-a-l-autogestion-a6637","status":"publish","type":"post","link":"https:\/\/archives.regards.fr\/?p=6637","title":{"rendered":"2e Foire \u00e0 l\u2019autogestion \u00e0 Montreuil"},"content":{"rendered":"<p>Forums, d\u00e9bats, ateliers pratiques, stands, guinguette, cin\u00e9ma, th\u00e9\u00e2tre, espace enfants&#8230; Une centaine de structures participantes. <\/p>\n<p>Les 8 &#038; 9 juin 2013, \u00e0 la Parole errante, au 9, rue Fran\u00e7ois-Debergue, \u00e0 Montreuil.<\/p>\n<p><iframe loading=\"lazy\" width=\"460\" height=\"259\" src=\"http:\/\/www.youtube.com\/embed\/M9oAHhTQHtI?rel=0\" frameborder=\"0\" allowfullscreen><\/iframe><\/p>\n<p>\u2022 www.foire-autogestion.org<br \/>\n\u2022 <a href=\"http:\/\/www.foire-autogestion.org\/Programme-2013\">Le programme<\/a><\/p>\n","protected":false},"excerpt":{"rendered":"<p>Forums, d\u00e9bats, ateliers pratiques, stands, guinguette, cin\u00e9ma, th\u00e9\u00e2tre, espace enfants&#8230; Une centaine de structures participantes. Les 8 &#038; 9 juin 2013, \u00e0 la Parole errante, au 9, rue Fran\u00e7ois-Debergue, \u00e0 Montreuil. \u2022 www.foire-autogestion.org \u2022 Le programme<\/p>\n","protected":false},"author":643,"featured_media":18338,"comment_status":"open","ping_status":"open","sticky":false,"template":"","format":"standard","meta":{"_themeisle_gutenberg_block_has_review":false,"footnotes":""},"categories":[152],"tags":[],"class_list":["post-6637","post","type-post","status-publish","format-standard","has-post-thumbnail","hentry","category-agenda-militant"],"_links":{"self":[{"href":"https:\/\/archives.regards.fr\/index.php?rest_route=\/wp\/v2\/posts\/6637","targetHints":{"allow":["GET"]}}],"collection":[{"href":"https:\/\/archives.regards.fr\/index.php?rest_route=\/wp\/v2\/posts"}],"about":[{"href":"https:\/\/archives.regards.fr\/index.php?rest_route=\/wp\/v2\/types\/post"}],"author":[{"embeddable":true,"href":"https:\/\/archives.regards.fr\/index.php?rest_route=\/wp\/v2\/users\/643"}],"replies":[{"embeddable":true,"href":"https:\/\/archives.regards.fr\/index.php?rest_route=%2Fwp%2Fv2%2Fcomments&post=6637"}],"version-history":[{"count":0,"href":"https:\/\/archives.regards.fr\/index.php?rest_route=\/wp\/v2\/posts\/6637\/revisions"}],"wp:featuredmedia":[{"embeddable":true,"href":"https:\/\/archives.regards.fr\/index.php?rest_route=\/wp\/v2\/media\/18338"}],"wp:attachment":[{"href":"https:\/\/archives.regards.fr\/index.php?rest_route=%2Fwp%2Fv2%2Fmedia&parent=6637"}],"wp:term":[{"taxonomy":"category","embeddable":true,"href":"https:\/\/archives.regards.fr\/index.php?rest_route=%2Fwp%2Fv2%2Fcategories&post=6637"},{"taxonomy":"post_tag","embeddable":true,"href":"https:\/\/archives.regards.fr\/index.php?rest_route=%2Fwp%2Fv2%2Ftags&post=6637"}],"curies":[{"name":"wp","href":"https:\/\/api.w.org\/{rel}","templated":true}]}}