{"id":6597,"date":"2013-05-06T14:19:00","date_gmt":"2013-05-06T12:19:00","guid":{"rendered":"https:\/\/wp.muchomaas.com\/manif-du-5-mai-une-majorite6597\/"},"modified":"2013-05-06T14:19:00","modified_gmt":"2013-05-06T12:19:00","slug":"manif-du-5-mai-une-majorite6597","status":"publish","type":"post","link":"https:\/\/archives.regards.fr\/?p=6597","title":{"rendered":"Manif du 5 mai, une majorit\u00e9 alternative en marche"},"content":{"rendered":"<p class=\"post_excerpt\">180\u00a0000 personnes dans la rue \u00e0 Paris. Un rassemblement in\u00e9dit de toutes les sensibilit\u00e9s de la gauche pour exiger une 6e R\u00e9publique et une politique de gauche. La marche du 5 mai a tenu ses promesses.<\/p>\n<p>Ce n\u2019est pas encore la rue qui gouverne. Mais ce 5 mai, la rue a manifest\u00e9 son aspiration \u00e0 gouverner. Dans une ambiance o\u00f9 se m\u00ealent la joie d\u2019\u00eatre l\u00e0 et une sourde col\u00e8re, <a href=\"http:\/\/www.humanite.fr\/politique\/pari-reussi-180-000-personnes-ont-marche-pour-la-v-536747\">180\u00a0000 personnes<\/a> ont d\u00e9fil\u00e9 entre les places de la Bastille et de la Nation pour exiger une 6e R\u00e9publique <a href=\"https:\/\/wp.muchomaas.com\/videos\/edito-video-de-clementine-autain\/5-mai-toujours-plus-de-raisons-d,6581\">mais aussi<\/a> la fin de l\u2019aust\u00e9rit\u00e9. Cette manifestation populaire a r\u00e9uni ce qui s\u2019apparente \u00e0 un d\u00e9but de rassemblement majoritaire.<\/p>\n<p>Au-del\u00e0 du Front de Gauche dans sa diversit\u00e9, Eva Joly et les militants d\u2019Europe Ecologie-Les Verts sont bien pr\u00e9sents. Leurs drapeaux au vent, ils affichent leur exigence de r\u00e9formes plus marqu\u00e9es et leur volont\u00e9 de rassemblement. Eva Joly <a href=\"http:\/\/www.lepartidegauche.fr\/lateledegauche\/conference\/discours-d-eva-joly-5-mai-2013-22635\">pr\u00e9cise<\/a>\u00a0: <em>\u00ab\u00a0Nous avons la t\u00eate dure. Nous ne c\u00e9derons ni aux menaces, ni aux flatteries, aux intimidations, aux rappels \u00e0 l&#8217;ordre. Nous avons chacun nos histoires, nos traditions politiques, nos r\u00e9flexes (\u2026) Mais nous ne nous laisserons pas diviser\u00a0\u00bb.<\/em><\/p>\n<p>Au fil d\u2019une marche qui arrive tout juste \u00e0 Nation quand les derniers ne sont pas encore partis de Bastille, de nombreux militants de la motion\u00a03 du Parti socialiste (Maintenant la gauche) tiennent \u00e0 faire savoir qu\u2019ils sont pr\u00e9sents <a href=\"https:\/\/wp.muchomaas.com\/web\/Marie-Noelle-Lienemann-Les-60,6585\">pour les m\u00eames raisons<\/a>\u00a0: rupture avec l\u2019aust\u00e9rit\u00e9 m\u00eame camoufl\u00e9e sous le nom de <em>\u00ab\u00a0rigueur\u00a0\u00bb<\/em>, rassemblement <em>\u00ab\u00a0rouge rose vert\u00a0\u00bb<\/em>, une politique authentiquement de gauche. Ces mots reviennent sur les l\u00e8vres, majoritaires, de celles et ceux qui manifestent sans carte.<\/p>\n<p>C\u2019est en effet <a href=\"http:\/\/www.humanite.fr\/politique\/le-peuple-de-gauche-se-remet-en-marche-533897\">le peuple de gauche<\/a> qui a repris sa marche, d\u00e9bordant le pr\u00e9c\u00e9dent succ\u00e8s qu\u2019a constitu\u00e9, pour le seul Front de gauche alors, la manifestation du 18 mars dernier. Il y a l\u00e0 de nombreux militants associatifs\u00a0; le fondateur de Mediapart, Edwy Plenel\u00a0; des syndicalistes, avec leurs banderoles\u00a0; Yvan Le Bolloc\u2019h\u00a0; le NPA avec Olivier Besancenot\u00a0; Ridan\u00a0; toutes celles et tous ceux qui ont fabriqu\u00e9 leurs propres calicots ou banderoles, s\u2019estimant <em>\u00ab\u00a0trahis\u00a0\u00bb<\/em> ou revendiquant que leur vote du 6 mai dernier soit pris en compte dans sa signification politique\u2026<\/p>\n<p><em>\u00ab\u00a0Il y a un an, la majorit\u00e9 de la France (&#8230;) a clairement choisi la voie du changement, de la rupture avec dix ann\u00e9es de reculs sociaux, d&#8217;autoritarisme, de racisme\u00a0\u00bb<\/em>, peut donc r\u00e9sumer <a href=\"http:\/\/www.humanite.fr\/politique\/5-mai-le-discours-de-pierre-laurent-avant-le-depar-536694\">Pierre Laurent<\/a>, secr\u00e9taire national du PCF. Et le co-pr\u00e9sident du Parti de Gauche, Jean-Luc M\u00e9lenchon, apr\u00e8s lui, a toutes les raisons de <a href=\"http:\/\/www.lemonde.fr\/politique\/article\/2013\/05\/05\/a-paris-les-partisans-du-front-de-gauche-defilent-contre-l-austerite_3171201_823448.html\">s\u2019adresser \u00e0 la majorit\u00e9 au pouvoir<\/a>\u00a0: <em>\u00ab\u00a0Si vous ne savez comment faire, nous, nous savons\u00a0\u00bb<\/em>. Il y a, dans cette marche, les contours d\u2019une majorit\u00e9 alternative d\u00e9cid\u00e9e \u00e0 exercer le pouvoir afin de changer la donne. Pour de bon cette fois.<\/p>\n","protected":false},"excerpt":{"rendered":"<p>180\u00a0000 personnes dans la rue \u00e0 Paris. Un rassemblement in\u00e9dit de toutes les sensibilit\u00e9s de la gauche pour exiger une 6e R\u00e9publique et une politique de gauche. La marche du 5 mai a tenu ses promesses.<\/p>\n","protected":false},"author":1149,"featured_media":0,"comment_status":"open","ping_status":"open","sticky":false,"template":"","format":"standard","meta":{"_themeisle_gutenberg_block_has_review":false,"footnotes":""},"categories":[157],"tags":[452],"class_list":["post-6597","post","type-post","status-publish","format-standard","hentry","category-web","tag-front-de-gauche"],"_links":{"self":[{"href":"https:\/\/archives.regards.fr\/index.php?rest_route=\/wp\/v2\/posts\/6597","targetHints":{"allow":["GET"]}}],"collection":[{"href":"https:\/\/archives.regards.fr\/index.php?rest_route=\/wp\/v2\/posts"}],"about":[{"href":"https:\/\/archives.regards.fr\/index.php?rest_route=\/wp\/v2\/types\/post"}],"author":[{"embeddable":true,"href":"https:\/\/archives.regards.fr\/index.php?rest_route=\/wp\/v2\/users\/1149"}],"replies":[{"embeddable":true,"href":"https:\/\/archives.regards.fr\/index.php?rest_route=%2Fwp%2Fv2%2Fcomments&post=6597"}],"version-history":[{"count":0,"href":"https:\/\/archives.regards.fr\/index.php?rest_route=\/wp\/v2\/posts\/6597\/revisions"}],"wp:attachment":[{"href":"https:\/\/archives.regards.fr\/index.php?rest_route=%2Fwp%2Fv2%2Fmedia&parent=6597"}],"wp:term":[{"taxonomy":"category","embeddable":true,"href":"https:\/\/archives.regards.fr\/index.php?rest_route=%2Fwp%2Fv2%2Fcategories&post=6597"},{"taxonomy":"post_tag","embeddable":true,"href":"https:\/\/archives.regards.fr\/index.php?rest_route=%2Fwp%2Fv2%2Ftags&post=6597"}],"curies":[{"name":"wp","href":"https:\/\/api.w.org\/{rel}","templated":true}]}}