{"id":6585,"date":"2013-05-02T16:33:30","date_gmt":"2013-05-02T14:33:30","guid":{"rendered":"https:\/\/wp.muchomaas.com\/marie-noelle-lienemann-les-606585\/"},"modified":"2013-05-02T16:33:30","modified_gmt":"2013-05-02T14:33:30","slug":"marie-noelle-lienemann-les-606585","status":"publish","type":"post","link":"https:\/\/archives.regards.fr\/?p=6585","title":{"rendered":"Marie-No\u00eblle Lienemann : \u00ab Les 60 propositions de Hollande doivent \u00eatre tenues \u00bb"},"content":{"rendered":"<p class=\"post_excerpt\">Marie-No\u00eblle Lienemann, s\u00e9natrice de Paris, est l\u2019une<br \/>\ndes animatrices de \u00ab Maintenant la gauche \u00bb, l\u2019aile gauche<br \/>\ndu PS. Elle plaide pour un rassemblement rouge, rose,<br \/>\nvert autour d\u2019un nouveau pacte majoritaire.<\/p>\n<p>\u00c7a sent la course. Marie-No\u00eblle Lienemann, dans<br \/>\nson bureau du S\u00e9nat, met la<br \/>\nderni\u00e8re main au texte que<br \/>\n\u00ab <a href=\"http:\/\/www.maintenantlagauche.fr\/\">Maintenant la gauche<\/a> \u00bb, le<br \/>\ncourant de gauche du Parti socialiste,<br \/>\npr\u00e9sente au bureau national en pr\u00e9vision<br \/>\nde la convention nationale sur l\u2019Europe.<br \/>\nAvec Emmanuel Maurel et J\u00e9r\u00f4me Guedj,<br \/>\nla s\u00e9natrice de Paris entend contribuer<br \/>\n\u00e0 la r\u00e9orientation de la politique du<br \/>\ngouvernement, sur l\u2019Europe mais aussi \u00e0<br \/>\npropos de l\u2019aust\u00e9rit\u00e9.<\/p>\n<p><strong>Regards.fr.<\/strong> <em> <strong>La position du gouvernement<br \/>\nsur l\u2019Europe, et notamment<br \/>\nses rapports avec l\u2019Allemagne,<br \/>\na fait beaucoup d\u00e9battre. O\u00f9 en<br \/>\n\u00eates-vous sur le sujet ?<\/strong> <\/em><\/p>\n<p><strong>Marie-No\u00eblle Lienemann.<\/strong> Nous demandons<br \/>\nun moratoire sur le Pacte de<br \/>\nstabilit\u00e9 et que l\u2019Europe lui substitue un<br \/>\npacte de relance. Il faut un budget pour<br \/>\naccompagner ce pacte de croissance.<br \/>\nNous appelons donc \u00e0 refuser le compromis<br \/>\nbudg\u00e9taire adopt\u00e9 en d\u00e9but d\u2019ann\u00e9e.<br \/>\nNous souhaitons que le nouveau<br \/>\nbudget appuie la relance europ\u00e9enne<br \/>\npar un programme de grands travaux de<br \/>\nnature \u00e0 r\u00e9pondre aux besoins.<\/p>\n<p><em> <strong>Vous plaidez aussi pour une autre<br \/>\npolitique mon\u00e9taire\u2026<\/strong> <\/em><\/p>\n<p>La politique dite de \u00ab l\u2019euro fort \u00bb affaiblit<br \/>\nen fait l\u2019Europe. Nous rappelons<br \/>\nque la politique mon\u00e9taire europ\u00e9enne<br \/>\npeut \u00eatre modifi\u00e9e par le conseil des ministres.<br \/>\nIl faut donc arr\u00eater de sur\u00e9valuer<br \/>\nl\u2019euro par rapport au dollar, au yen, au<br \/>\nyuan. Nous proposons, dans la continuit\u00e9,<br \/>\nde donner un autre r\u00f4le \u00e0 la Banque<br \/>\ncentrale europ\u00e9enne, en lui rendant la capacit\u00e9 de pr\u00eater aux \u00c9tats. \u00c0 l\u2019image<br \/>\nde la Federal Bank, nous pensons qu\u2019elle<br \/>\ndoit appuyer les politiques de croissance<br \/>\net d\u2019emploi.<\/p>\n<p><em> <strong>Vous vous positionnez enfin sur le<br \/>\ntrait\u00e9 transatlantique\u2026<\/strong> <\/em><\/p>\n<p>Nous pensons qu\u2019il ne faut pas commencer<br \/>\nla n\u00e9gociation sur ce sujet. Quand on<br \/>\ny met le pied, on ne peut plus revenir en<br \/>\narri\u00e8re. Le trait\u00e9 transatlantique constitue<br \/>\nun changement radical par rapport au<br \/>\nprojet europ\u00e9en. Si nous souhaitons des<br \/>\ncoop\u00e9rations avec les \u00c9tats-Unis, nous<br \/>\nr\u00e9affirmons l\u2019Europe comme un projet<br \/>\nsingulier dans un monde multipolaire.<\/p>\n<p><em> <strong>Sur ces propositions, vous vous<br \/>\ntrouvez plut\u00f4t sur la m\u00eame ligne<br \/>\nque le Front de gauche\u2026<\/strong> <\/em><\/p>\n<p>Nous avons tous vot\u00e9 contre le TSCG.<br \/>\nLa France se pi\u00e8ge elle-m\u00eame dans une<br \/>\npolitique d\u2019aust\u00e9rit\u00e9 qui m\u00e8ne l\u2019Europe<br \/>\ndans le mur. Nous pensons qu\u2019il faut partir<br \/>\nsur un nouveau pied d\u2019appel.<\/p>\n<p><em> <strong>Est-ce que le \u00ab nouveau pacte majoritaire<br \/>\n\u00bb que vous avez pr\u00e9sent\u00e9<br \/>\nen avril est ce nouveau pied d\u2019appel<br \/>\n?<\/strong> <\/em><\/p>\n<p>Notre conviction reste que la gauche ne<br \/>\nr\u00e9ussit que lorsqu\u2019elle est unie. Nous<br \/>\npensons qu\u2019il faut rassembler l\u2019ensemble des forces qui ont \u00e9lu Fran\u00e7ois Hollande<br \/>\npour battre Merkel, pour lutter<br \/>\ncontre l\u2019aust\u00e9rit\u00e9, pour faire vivre l\u2019alternative.<br \/>\nPour cela, il faut un nouveau<br \/>\nrapport de force. Si nous ne pouvons<br \/>\narriver \u00e0 un gouvernement rouge, rose,<br \/>\nvert \u2013 qui reste notre objectif \u2013, \u00e0 tout<br \/>\nle moins nous pouvons rapprocher<br \/>\ntoute la gauche autour d\u2019un accord<br \/>\nl\u00e9gislatif pour une nouvelle \u00e9tape du<br \/>\nquinquennat. C\u2019est ce que propose<br \/>\n\u00e9galement Claude Bartolone.<\/p>\n<p><em> <strong>Pensez-vous, comme Jean-Luc<br \/>\nM\u00e9lenchon, qu\u2019il existe une majorit\u00e9<br \/>\ndans ce pays pour mettre en<br \/>\noeuvre une autre politique ?<\/strong> <\/em><\/p>\n<p>Effectivement : les moyens d\u2019un accord<br \/>\nsont sur la table. Mais nous ne pourrons<br \/>\npas construire cet accord contre les<br \/>\nproches de Fran\u00e7ois Hollande, contre<br \/>\nl\u2019aile droite du Parti socialiste. En ce<br \/>\nsens, nous sommes plus proches de nos<br \/>\namis communistes que de Jean-Luc [M\u00e9lenchon].<br \/>\nIl ne sera pas premier ministre,<br \/>\nnon pas que j\u2019aie quelque chose contre<br \/>\nmais parce que ce n\u2019est pas l\u2019objet<br \/>\npolitique. Nous ne souhaitons pas une<br \/>\ninversion de majorit\u00e9 mais nous voulons<br \/>\nen changer le centre de gravit\u00e9. Dans le<br \/>\nfond, une partie de la gauche ne peut<br \/>\npas gagner contre l\u2019autre. Encore moins<br \/>\nquand elle est en situation de minorit\u00e9.<\/p>\n<p><em> <strong>D\u2019autres tentatives de r\u00e9orienter<br \/>\nle Parti socialiste se sont succ\u00e9d\u00e9<br \/>\npendant 20 ans. Sans gu\u00e8re de<br \/>\nsucc\u00e8s\u2026<\/strong> <\/em><\/p>\n<p>Je ne laisserai jamais le PS aux sociaux-lib\u00e9raux<br \/>\n! Avec mes amis, je souhaite un<br \/>\nparti \u00e0 l\u2019image de la gauche, \u00e0 l\u2019image<br \/>\ndu peuple de gauche. Je refuse de laisser<br \/>\nles mains libres \u00e0 celles et ceux qui<br \/>\nmilitent pour une alliance au centre. Lors<br \/>\ndu dernier vote interne au congr\u00e8s de<br \/>\nToulouse, Emmanuel Maurel, en tant que<br \/>\nrepr\u00e9sentant de l\u2019aile gauche du PS, a<br \/>\nr\u00e9uni pr\u00e8s d\u2019un tiers des voix.<\/p>\n<p><em> <strong>Comme le pr\u00e9tendent certains,<br \/>\nvotre r\u00f4le n\u2019est-il pas finalement<br \/>\nd\u2019emp\u00eacher le basculement de<br \/>\nl\u2019\u00e9lectorat PS au Front de gauche ?<\/strong> <\/em><\/p>\n<p>Nous ne voulons pas mettre en p\u00e9ril<br \/>\nles chances de r\u00e9ussite de la gauche.<br \/>\nSinon, c\u2019est le FN qui gagnera. Donc, la<br \/>\nquestion du rapport de force entre PS et<br \/>\nFront de gauche est \u00ab secondaire \u00bb. Ce<br \/>\nqui nous mobilise, ce sont les textes examin\u00e9s<br \/>\npar le Parlement. Il y a plus de d\u00e9put\u00e9s<br \/>\net de s\u00e9nateurs socialistes qui se<br \/>\nsont oppos\u00e9s \u00e0 l\u2019ANI que de parlementaires<br \/>\nFront de gauche\u2026 Nous consid\u00e9rons<br \/>\nque les 60 propositions de Fran\u00e7ois<br \/>\nHollande constituent un bon pied<br \/>\nd\u2019appel pour la r\u00e9ussite de la gauche.<br \/>\nIl faut qu\u2019elles soient tenues.<\/p>\n","protected":false},"excerpt":{"rendered":"<p>Marie-No\u00eblle Lienemann, s\u00e9natrice de Paris, est l\u2019une<br \/>\ndes animatrices de \u00ab Maintenant la gauche \u00bb, l\u2019aile gauche<br \/>\ndu PS. Elle plaide pour un rassemblement rouge, rose,<br \/>\nvert autour d\u2019un nouveau pacte majoritaire.<\/p>\n","protected":false},"author":1149,"featured_media":0,"comment_status":"open","ping_status":"open","sticky":false,"template":"","format":"standard","meta":{"_themeisle_gutenberg_block_has_review":false,"footnotes":""},"categories":[1],"tags":[293,452,390],"class_list":["post-6585","post","type-post","status-publish","format-standard","hentry","category-non-classe","tag-entretien","tag-front-de-gauche","tag-parti-socialiste"],"_links":{"self":[{"href":"https:\/\/archives.regards.fr\/index.php?rest_route=\/wp\/v2\/posts\/6585","targetHints":{"allow":["GET"]}}],"collection":[{"href":"https:\/\/archives.regards.fr\/index.php?rest_route=\/wp\/v2\/posts"}],"about":[{"href":"https:\/\/archives.regards.fr\/index.php?rest_route=\/wp\/v2\/types\/post"}],"author":[{"embeddable":true,"href":"https:\/\/archives.regards.fr\/index.php?rest_route=\/wp\/v2\/users\/1149"}],"replies":[{"embeddable":true,"href":"https:\/\/archives.regards.fr\/index.php?rest_route=%2Fwp%2Fv2%2Fcomments&post=6585"}],"version-history":[{"count":0,"href":"https:\/\/archives.regards.fr\/index.php?rest_route=\/wp\/v2\/posts\/6585\/revisions"}],"wp:attachment":[{"href":"https:\/\/archives.regards.fr\/index.php?rest_route=%2Fwp%2Fv2%2Fmedia&parent=6585"}],"wp:term":[{"taxonomy":"category","embeddable":true,"href":"https:\/\/archives.regards.fr\/index.php?rest_route=%2Fwp%2Fv2%2Fcategories&post=6585"},{"taxonomy":"post_tag","embeddable":true,"href":"https:\/\/archives.regards.fr\/index.php?rest_route=%2Fwp%2Fv2%2Ftags&post=6585"}],"curies":[{"name":"wp","href":"https:\/\/api.w.org\/{rel}","templated":true}]}}