{"id":6570,"date":"2013-04-30T19:50:29","date_gmt":"2013-04-30T17:50:29","guid":{"rendered":"https:\/\/wp.muchomaas.com\/numero-de-mai-du-e-mensuel6570\/"},"modified":"2023-06-23T23:14:18","modified_gmt":"2023-06-23T21:14:18","slug":"numero-de-mai-du-e-mensuel6570","status":"publish","type":"post","link":"https:\/\/archives.regards.fr\/?p=6570","title":{"rendered":"Num\u00e9ro de mai du e-mensuel"},"content":{"rendered":"\n\n<p class=\"post_excerpt\">Cliquez sur la couverture ci-dessous pour d\u00e9couvrir le nouveau num\u00e9ro de notre e-mensuel. Autre format de lecture possible \u00e0 sa suite : la version Ipad et imprimable (avec images) et la version imprimable (sans images).<\/p>\n\n<strong>Mai 2013<\/strong><br>\n<br>\n<strong>\u2022 Front de Gauche<\/strong> Et maintenant ? Avec Marie-Pierre Vieu, Eric Coquerel, Pierre Khalfa, Ingrid Hayes, Fran\u00e7ois Calaret<br>\n<strong>\u2022 Entretien<\/strong> Marie-No\u00eblle Lienneman ?<br>\n<strong>\u2022 PSA<\/strong> Place au \u00abplan social innacceptable\u00bb<br>\n<strong>\u2022 Detroit<\/strong> La tutelle contre la d\u00e9mocratie\n<h2 class=\"wp-block-heading\">Documents joints<\/h2>\n\n\n\n<div class=\"wp-block-file\"><a href=\"https:\/\/wp.muchomaas.com\/wp-content\/uploads\/2013\/04\/regardsmai_print-491.pdf\">Version pdf\/Ipad et imprimable (avec images)<\/a><\/div>\n\n\n\n<div class=\"wp-block-file\"><a href=\"https:\/\/wp.muchomaas.com\/wp-content\/uploads\/2013\/04\/nbl-35c.pdf\">Version pdf imprimable (sans images)<\/a><\/div>\n\n\n","protected":false},"excerpt":{"rendered":"<p>Cliquez sur la couverture ci-dessous pour d\u00e9couvrir le nouveau num\u00e9ro de notre e-mensuel. Autre format de lecture possible \u00e0 sa suite : la version Ipad et imprimable (avec images) et la version imprimable (sans images).<\/p>\n","protected":false},"author":643,"featured_media":0,"comment_status":"open","ping_status":"open","sticky":false,"template":"","format":"standard","meta":{"_themeisle_gutenberg_block_has_review":false,"footnotes":""},"categories":[1],"tags":[359],"class_list":["post-6570","post","type-post","status-publish","format-standard","hentry","category-non-classe","tag-exclure-de-la-home"],"_links":{"self":[{"href":"https:\/\/archives.regards.fr\/index.php?rest_route=\/wp\/v2\/posts\/6570","targetHints":{"allow":["GET"]}}],"collection":[{"href":"https:\/\/archives.regards.fr\/index.php?rest_route=\/wp\/v2\/posts"}],"about":[{"href":"https:\/\/archives.regards.fr\/index.php?rest_route=\/wp\/v2\/types\/post"}],"author":[{"embeddable":true,"href":"https:\/\/archives.regards.fr\/index.php?rest_route=\/wp\/v2\/users\/643"}],"replies":[{"embeddable":true,"href":"https:\/\/archives.regards.fr\/index.php?rest_route=%2Fwp%2Fv2%2Fcomments&post=6570"}],"version-history":[{"count":0,"href":"https:\/\/archives.regards.fr\/index.php?rest_route=\/wp\/v2\/posts\/6570\/revisions"}],"wp:attachment":[{"href":"https:\/\/archives.regards.fr\/index.php?rest_route=%2Fwp%2Fv2%2Fmedia&parent=6570"}],"wp:term":[{"taxonomy":"category","embeddable":true,"href":"https:\/\/archives.regards.fr\/index.php?rest_route=%2Fwp%2Fv2%2Fcategories&post=6570"},{"taxonomy":"post_tag","embeddable":true,"href":"https:\/\/archives.regards.fr\/index.php?rest_route=%2Fwp%2Fv2%2Ftags&post=6570"}],"curies":[{"name":"wp","href":"https:\/\/api.w.org\/{rel}","templated":true}]}}