{"id":6562,"date":"2013-04-30T20:00:00","date_gmt":"2013-04-30T18:00:00","guid":{"rendered":"https:\/\/wp.muchomaas.com\/defiles-du-1er-mai-a-paris-et-en6562\/"},"modified":"2013-04-30T20:00:00","modified_gmt":"2013-04-30T18:00:00","slug":"defiles-du-1er-mai-a-paris-et-en6562","status":"publish","type":"post","link":"https:\/\/archives.regards.fr\/?p=6562","title":{"rendered":"D\u00e9fil\u00e9s du 1er mai \u00e0 Paris et en r\u00e9gions"},"content":{"rendered":"<p class=\"post_excerpt\">A Paris, manifestation unitaire : CGT, Solidaires et FSU. D\u00e9part \u00e0 15h Place de la Bastille en direction de Nation par la  rue du Faubourg-Saint-Antoine. Manifestations <a href=\"http:\/\/www.carte.cgt.fr\/index.php\">en r\u00e9gions<\/a>.<\/p>\n<p><strong>D\u00e9claration r\u00e9gionale Ile-de-France CGT, FSU et Solidaires<\/strong><br \/>\n1er mai 2013 :<br \/>\n\u2022 Solidarit\u00e9 internationale, paix dans le monde<br \/>\n\u2022 Pour une v\u00e9ritable s\u00e9curit\u00e9 de l\u2019emploi<br \/>\n\u2022 Pour le progr\u00e8s social, l\u2019augmentation des salaires<\/p>\n<p>Le 1er mai 2013 journ\u00e9e de lutte et de solidarit\u00e9 internationale sera un rendez-vous de luttes important pour revendiquer un meilleur avenir en France et dans le monde\u2026 Partout les politiques d\u2019aust\u00e9rit\u00e9 sont impos\u00e9es aux salari\u00e9s, aux populations et cela g\u00e9n\u00e9ralise la pr\u00e9carit\u00e9, le ch\u00f4mage, la pauvret\u00e9, la remise en cause des services publics. En m\u00eame temps, les in\u00e9galit\u00e9s grandissent, les profits des multinationales s\u2019envolent, la sp\u00e9culation financi\u00e8re se g\u00e9n\u00e9ralise au d\u00e9triment de l\u2019emploi, des salari\u00e9s\u2026 Dans beaucoup de pays europ\u00e9ens, les populations subissent des politiques d\u2019aust\u00e9rit\u00e9 et des r\u00e9formes r\u00e9duisant les droits des travailleurs et leur protection sociale.<\/p>\n<p>Aujourd\u2019hui, ce qui p\u00e9nalise l\u2019emploi, ce n\u2019est pas le co\u00fbt du travail mais celui du capital via la r\u00e9mun\u00e9ration excessive du capital au d\u00e9triment de l\u2019investissement dans l\u2019emploi, l\u2019industrie, la recherche\u2026 Il faut d\u00e9fendre et promouvoir l\u2019emploi, en particulier des jeunes, alors que le nombre de ch\u00f4meurs ne cesse d\u2019augmenter, que les restructurations, les licenciements et les fermetures d\u2019entreprises sont le quotidien de nombreux salari\u00e9s. Lutter contre la pr\u00e9carit\u00e9 qui touche un nombre croissant de salari\u00e9s, en particulier jeunes et femmes, et provoque des situations de pauvret\u00e9 intol\u00e9rables. Nous r\u00e9affirmons notre opposition \u00e0 la transposition dans la loi de l\u2019accord national interprofessionnel du 11 janvier (ratifi\u00e9 par le MEDEF et 3 organisations syndicales). Malgr\u00e9 l\u2019opposition d\u2019une majorit\u00e9 d\u2019organisations syndicales, les parlementaires de la majorit\u00e9 gouvernementale ont approuv\u00e9 le projet de loi. Au lieu de sortir notre pays de la crise, cet accord contribuerait \u00e0 d\u00e9grader encore plus la situation de l\u2019emploi et mettre chaque salari\u00e9 en situation de fragilit\u00e9 et de soumission face \u00e0 son employeur. Pour les organisations syndicales franciliennes, ce projet est inacceptable ; il est la copie conforme des exigences du MEDEF. Ce serait un v\u00e9ritable recul historique.<\/p>\n<p>Aujourd\u2019hui, face \u00e0 la pr\u00e9carit\u00e9 il faut de v\u00e9ritables mesures de s\u00e9curisation de l\u2019emploi et du travail.<\/p>\n<p>Nous voulons dans les mobilisations du 1er mai r\u00e9affirmer le besoin de mesures \u00e9conomiques favorisant le progr\u00e8s social, une Europe solidaire et un monde de paix affirmant sa dimension sociale.<\/p>\n<p>&mdash;&nbsp;<\/p>\n<p><strong>Tract CGT<\/strong> &#8211; De l&#8217;argent, il y en a dans les poches du patronat, dans les coffres des poss\u00e9dants, dans les banques, ici ou dans les paradis fiscaux, sur les march\u00e9s financiers partout dans le monde. Il circule, il se cache, il est surabondant.<\/p>\n<p>C&#8217;est cet argent qui ne va pas \u00e0 l&#8217;investissement productif, au logement, au d\u00e9veloppement des services publics, \u00e0 la protection sociale. C&#8217;est cet argent qui manque en fin de mois aux salari\u00e9s condamn\u00e9s aux petits salaires, au ch\u00f4mage, aux petites retraites, aux minima sociaux.<\/p>\n<p>Partout, on nous dit que nous co\u00fbtons trop cher\u2009 !<br \/>\nMais c&#8217;est nous qui, par notre travail, cr\u00e9ons la richesse\u2009 !<br \/>\nAlors oui, il est temps que les salari\u00e9s mettent les pieds dans le plat. <a href=\"http:\/\/cgt.fr\/Un-1er-Mai-de-solidarite-et-d.html\">Lire la suite (&#8230;)<\/a><\/p>\n<p>&mdash;&nbsp;<\/p>\n<p><strong>Tract Solidaires<\/strong> &#8211; Fran\u00e7ois Hollande s\u2019est fait \u00e9lire Pr\u00e9sident de la R\u00e9publique en mai 2012 en promettant que \u00ab le changement c\u2019est maintenant \u00bb. Les \u00e9lections l\u00e9gislatives de juin 2012 ont donn\u00e9 aux partis de Gauche une majorit\u00e9 \u00e0 l\u2019Assembl\u00e9e nationale qu\u2019ils avaient d\u00e9j\u00e0 au S\u00e9nat. Mais pour que ceci soit utile, il faut des d\u00e9cisions concr\u00e8tes. <\/p>\n<p>Il y a un an, l\u2019Union syndicale Solidaires r\u00e9affirmait ses revendications et propositions, port\u00e9es dans les mobilisations sociales des derni\u00e8res ann\u00e9es. Nous demandions des d\u00e9cisions imm\u00e9diates pour certains points, des engagements sur d\u2019autres. <a href=\"http:\/\/www.solidaires.org\/article44417.html\">Lire la suite (&#8230;)<\/a><\/p>\n","protected":false},"excerpt":{"rendered":"<p>A Paris, manifestation unitaire : CGT, Solidaires et FSU. D\u00e9part \u00e0 15h Place de la Bastille en direction de Nation par la  rue du Faubourg-Saint-Antoine. Manifestations <a href=\"http:\/\/www.carte.cgt.fr\/index.php\">en r\u00e9gions<\/a>.<\/p>\n","protected":false},"author":643,"featured_media":0,"comment_status":"open","ping_status":"open","sticky":false,"template":"","format":"standard","meta":{"_themeisle_gutenberg_block_has_review":false,"footnotes":""},"categories":[152],"tags":[315],"class_list":["post-6562","post","type-post","status-publish","format-standard","hentry","category-agenda-militant","tag-syndicats"],"_links":{"self":[{"href":"https:\/\/archives.regards.fr\/index.php?rest_route=\/wp\/v2\/posts\/6562","targetHints":{"allow":["GET"]}}],"collection":[{"href":"https:\/\/archives.regards.fr\/index.php?rest_route=\/wp\/v2\/posts"}],"about":[{"href":"https:\/\/archives.regards.fr\/index.php?rest_route=\/wp\/v2\/types\/post"}],"author":[{"embeddable":true,"href":"https:\/\/archives.regards.fr\/index.php?rest_route=\/wp\/v2\/users\/643"}],"replies":[{"embeddable":true,"href":"https:\/\/archives.regards.fr\/index.php?rest_route=%2Fwp%2Fv2%2Fcomments&post=6562"}],"version-history":[{"count":0,"href":"https:\/\/archives.regards.fr\/index.php?rest_route=\/wp\/v2\/posts\/6562\/revisions"}],"wp:attachment":[{"href":"https:\/\/archives.regards.fr\/index.php?rest_route=%2Fwp%2Fv2%2Fmedia&parent=6562"}],"wp:term":[{"taxonomy":"category","embeddable":true,"href":"https:\/\/archives.regards.fr\/index.php?rest_route=%2Fwp%2Fv2%2Fcategories&post=6562"},{"taxonomy":"post_tag","embeddable":true,"href":"https:\/\/archives.regards.fr\/index.php?rest_route=%2Fwp%2Fv2%2Ftags&post=6562"}],"curies":[{"name":"wp","href":"https:\/\/api.w.org\/{rel}","templated":true}]}}