{"id":6548,"date":"2013-04-25T15:21:50","date_gmt":"2013-04-25T13:21:50","guid":{"rendered":"https:\/\/wp.muchomaas.com\/amnistie-sociale-le-crime-vient-de6548\/"},"modified":"2013-04-25T15:21:50","modified_gmt":"2013-04-25T13:21:50","slug":"amnistie-sociale-le-crime-vient-de6548","status":"publish","type":"post","link":"https:\/\/archives.regards.fr\/?p=6548","title":{"rendered":"Amnistie sociale, le crime vient de loin"},"content":{"rendered":"<p class=\"post_excerpt\">L\u2019opposition du gouvernement \u00e0 la loi d\u2019amnistie, explicit\u00e9e le 24 avril, a sem\u00e9 le trouble \u00e0 gauche. Pourtant, les d\u00e9bats au S\u00e9nat en d\u00e9but d\u2019ann\u00e9e illustrent la volont\u00e9 du Parti socialiste de vider le proposition de loi du Front de gauche de sa substance. <\/p>\n<p>Dans le fond, l\u2019amnistie sociale r\u00e9sume bien <a href=\"http:\/\/www.pcf.fr\/39292\">le divorce \u00e0 gauche<\/a>\u00a0: le Front de gauche la veut encore, le gouvernement n\u2019en a jamais voulu. Mercredi 24 avril, Bruno Le Roux, patron des d\u00e9put\u00e9s PS, annonce que son groupe ne <em>\u00ab\u00a0votera pas le texte en l\u2019\u00e9tat\u00a0\u00bb<\/em>. Plus tard, dans la journ\u00e9e, <a href=\"http:\/\/www.humanite.fr\/le-gouvernement-se-prononce-contre-lamnistie-socia-524970\">le ministre des Relations avec le Parlement<\/a>, Alain Vidalies, annonce\u00a0: <em>\u00ab\u00a0Le gouvernement manifestera son opposition claire et ferme \u00e0 toute forme d&#8217;amnistie\u00a0\u00bb<\/em>. Le coup vient de loin. Les s\u00e9nateurs PS et apparent\u00e9s ont d\u00e9j\u00e0 bien \u00e9dulcor\u00e9 le texte.<\/p>\n<p>Au d\u00e9part est une proposition de loi pr\u00e9sent\u00e9e par les s\u00e9nateurs Front de gauche (FDG) portant amnistie des faits commis \u00e0 l&#8217;occasion de mouvements sociaux et d&#8217;activit\u00e9s syndicales et revendicatives. Le <a href=\"http:\/\/www.senat.fr\/leg\/ppl12-169.html\">texte initial<\/a> propose d\u2019amnistier les salari\u00e9s qui d\u00e9fendent leur outil de travail mais aussi les militants impliqu\u00e9s dans des actions de d\u00e9fense de l\u2019environnement, le refus de pr\u00e9l\u00e8vement ADN ou encore ceux coupables de \u00ab\u00a0d\u00e9lit de solidarit\u00e9\u00a0\u00bb, notamment en direction des sans-papiers. Les amendements d\u00e9pos\u00e9s par le groupe socialistes et apparent\u00e9s dans la Haute-Assembl\u00e9e vont exclure les militants soci\u00e9taux et environnementaux de l\u2019application de la loi.<\/p>\n<p>Le Front de gauche, tout en se f\u00e9licitant d\u2019un <em>\u00ab\u00a0premier pas\u00a0\u00bb<\/em>, <a href=\"http:\/\/gauche-unitaire.fr\/2013\/03\/05\/communique-du-front-de-gauche-amnistie-sociale-le-combat-continue\/\">regrette alors<\/a> <em>\u00ab\u00a0que les amendements du groupe socialiste (en) aient amoindri la port\u00e9e en excluant les faits li\u00e9s \u00e0 des actions concernant la sant\u00e9, l\u2019environnement (OGM\u2026) ou encore les droits des migrants (RESF) en contradiction avec une loi r\u00e9cente vot\u00e9e au parlement abrogeant le d\u00e9lit de solidarit\u00e9\u00a0\u00bb<\/em>. Les d\u00e9put\u00e9s FDG pr\u00e9parent alors leurs amendements en vue du d\u00e9bat \u00e0 l\u2019Assembl\u00e9e nationale. Le pr\u00e9sident du groupe PS et le gouvernement d\u00e9cident alors de rompre l\u2019accord conclu avec le FDG. Jeudi 25 avril, Martine Billard, co-pr\u00e9sidente du Parti de gauche, rappelle que Fran\u00e7ois Hollande, lui-m\u00eame, a donn\u00e9 son feu vert \u00e0 l\u2019amnistie sociale \u00e0 l\u2019occasion d\u2019une rencontre \u00e0 l\u2019Elys\u00e9e. <\/p>\n<p>C\u00f4t\u00e9 PS, on se justifie par le <em>\u00ab\u00a0devoir de faire respecter l\u2019ordre r\u00e9publicain\u00a0\u00bb, au moment o\u00f9 les militants d\u2019extr\u00eame-droite multiplient les violences de rue en marge de la \u00ab\u00a0manif pour tous\u00a0\u00bb<\/em>. Une partie des d\u00e9put\u00e9s pr\u00e9f\u00e8re demander le renvoi du texte en commission des lois. <em>\u00ab\u00a0Ce n\u2019est pas enterrer le dossier mais permettre de r\u00e9int\u00e9grer le d\u00e9lit de solidarit\u00e9 qui a \u00e9t\u00e9 exclu par le S\u00e9nat ou pr\u00e9ciser que les d\u00e9lits financiers ne seront pas amnisti\u00e9s\u00a0\u00bb<\/em>, explique Razzy Hammadi, d\u00e9put\u00e9 PS de Seine-Saint-Denis. Le parlementaire de l\u2019aile gauche du PS devra convaincre son propre gouvernement. Ce dernier<em> \u00ab\u00a0appelle \u00e0 un nouveau coup de force<\/em> (apr\u00e8s <a href=\"http:\/\/www.humanite.fr\/social-eco\/le-gouvernement-fait-passer-lani-en-force-au-senat-521746\">le vote bloqu\u00e9 au S\u00e9nat sur l\u2019ANI<\/a> &#8211;\u00a0NDLR) <em>contre la repr\u00e9sentation nationale et sa propre majorit\u00e9\u00a0!\u00a0\u00bb,<\/em> estime le Parti de gauche dans <a href=\"http:\/\/lepartidegauche.fr\/actualites\/communique\/le-gouvernement-veut-censurer-amnistie-sociale-22474\">un communiqu\u00e9<\/a>.<\/p>\n<p>Reste qu\u2019apr\u00e8s la transposition de l\u2019ANI en texte de loi, il est difficile de ne pas devinez la main du MEDEF dans le refus surprenant du gouvernement de voter la loi d\u2019amnistie sociale. L\u2019ex patronne des patrons n\u2019a jamais fait myst\u00e8re de son opposition r\u00e9solue \u00e0 cette loi. Aujourd\u2019hui, elle semble avoir eu gain de cause aupr\u00e8s de Matignon.<\/p>\n<p>A voir aussi : <a href=\"6544\">Mariage pour tous ET amnistie sociale<\/a>, l\u2019\u00e9dito vid\u00e9o de Cl\u00e9mentine Autain.<\/p>\n","protected":false},"excerpt":{"rendered":"<p>L\u2019opposition du gouvernement \u00e0 la loi d\u2019amnistie, explicit\u00e9e le 24 avril, a sem\u00e9 le trouble \u00e0 gauche. Pourtant, les d\u00e9bats au S\u00e9nat en d\u00e9but d\u2019ann\u00e9e illustrent la volont\u00e9 du Parti socialiste de vider le proposition de loi du Front de gauche de sa substance. <\/p>\n","protected":false},"author":1149,"featured_media":0,"comment_status":"open","ping_status":"open","sticky":false,"template":"","format":"standard","meta":{"_themeisle_gutenberg_block_has_review":false,"footnotes":""},"categories":[157],"tags":[452],"class_list":["post-6548","post","type-post","status-publish","format-standard","hentry","category-web","tag-front-de-gauche"],"_links":{"self":[{"href":"https:\/\/archives.regards.fr\/index.php?rest_route=\/wp\/v2\/posts\/6548","targetHints":{"allow":["GET"]}}],"collection":[{"href":"https:\/\/archives.regards.fr\/index.php?rest_route=\/wp\/v2\/posts"}],"about":[{"href":"https:\/\/archives.regards.fr\/index.php?rest_route=\/wp\/v2\/types\/post"}],"author":[{"embeddable":true,"href":"https:\/\/archives.regards.fr\/index.php?rest_route=\/wp\/v2\/users\/1149"}],"replies":[{"embeddable":true,"href":"https:\/\/archives.regards.fr\/index.php?rest_route=%2Fwp%2Fv2%2Fcomments&post=6548"}],"version-history":[{"count":0,"href":"https:\/\/archives.regards.fr\/index.php?rest_route=\/wp\/v2\/posts\/6548\/revisions"}],"wp:attachment":[{"href":"https:\/\/archives.regards.fr\/index.php?rest_route=%2Fwp%2Fv2%2Fmedia&parent=6548"}],"wp:term":[{"taxonomy":"category","embeddable":true,"href":"https:\/\/archives.regards.fr\/index.php?rest_route=%2Fwp%2Fv2%2Fcategories&post=6548"},{"taxonomy":"post_tag","embeddable":true,"href":"https:\/\/archives.regards.fr\/index.php?rest_route=%2Fwp%2Fv2%2Ftags&post=6548"}],"curies":[{"name":"wp","href":"https:\/\/api.w.org\/{rel}","templated":true}]}}