{"id":6546,"date":"2013-04-25T11:34:48","date_gmt":"2013-04-25T09:34:48","guid":{"rendered":"https:\/\/wp.muchomaas.com\/logements-sociaux-de-chemetov-en6546\/"},"modified":"2013-04-25T11:34:48","modified_gmt":"2013-04-25T09:34:48","slug":"logements-sociaux-de-chemetov-en6546","status":"publish","type":"post","link":"https:\/\/archives.regards.fr\/?p=6546","title":{"rendered":"Logements sociaux de Chemetov en sursis"},"content":{"rendered":"<p class=\"post_excerpt\">Demain matin, le tribunal de grande instance se prononcera sur le fond dans le diff\u00e9rend qui oppose Paul Chemetov et la ville de Courcouronnes. C\u2019est une premi\u00e8re victoire pour l\u2019architecte qui obtient que la justice se penche sur le projet de d\u00e9molition d\u2019un b\u00e2timent de 80 logements sociaux dont il est l\u2019auteur. Rappel des faits. <\/p>\n<p>Dans les ann\u00e9es 1980, Paul Chemetov construit des logements \u00e0 Courcouronnes. Connu pour la qualit\u00e9 de ses plans, l\u2019architecte a ici r\u00e9alis\u00e9 un b\u00e2timent qui sans \u00eatre un sommet de son art est suffisamment embl\u00e9matique d\u2019une \u00e9poque pour avoir \u00e9t\u00e9 pr\u00e9sent\u00e9 dans une r\u00e9cente exposition d\u2019architecture sur les ann\u00e9es 1980. Il y a donc un premier enjeu de m\u00e9moire, de reconnaissance de l\u2019architecture. C\u2019est \u00e0 ce titre que les plus grands noms de l\u2019architecture fran\u00e7aise (Nouvel, Ricciotti, Portzamparc\u2026) ont sign\u00e9 ensemble <a href=\"http:\/\/next.liberation.fr\/design\/2012\/07\/31\/petition-contre-la-demolition-de-logements-sociaux-chemetov_836730\">un texte<\/a> s\u2019opposant \u00e0 la destruction de ce b\u00e2timent. L\u2019Acad\u00e9mie d\u2019Architecture s\u2019est prononc\u00e9e dans le m\u00eame sens.<\/p>\n<p><iframe loading=\"lazy\" frameborder=\"0\" width=\"460\" height=\"260\" src=\"http:\/\/api.dmcloud.net\/player\/embed\/4f3d114d94a6f66945000325\/5044b4d506361d361e00011c\/fbe6bfcff4f343b29721b1ba2b79275d?exported=1\"><\/iframe><br clear=\"all\"><\/p>\n<p>Mais pour Paul Chemetov ce n\u2019est pas le seul. L\u2019architecte du minist\u00e8re des Finances et du Mus\u00e9um national d\u2019histoire naturelle ne s\u2019est pas engag\u00e9 dans cette bataille pour pr\u00e9server son oeuvre. Il le reconna\u00eet d\u2019ailleurs volontiers : un b\u00e2timent n\u2019appartient pas \u00e0 l\u2019architecte qui l\u2019a con\u00e7u quand bien m\u00eame il a un droit de regard sur ses \u00e9volutions au titre de la propri\u00e9t\u00e9 intellectuelle. Le second enjeu est ici celui de la fa\u00e7on de construire la ville, en particulier les villes populaires. Ces villes ne peuvent se construire \u00e0 coup de d\u00e9molition. Tout un chacun a besoin de s\u2019inscrire dans une histoire longue et cette inscription, la mat\u00e9rialisation de cette histoire est en particulier \u00e0 la charge de l\u2019architecture, livre de pierre. Plus encore, elle est une des fonctions de la ville et m\u00eame la condition de sa beaut\u00e9 et de son attractivit\u00e9. Dans les villes anciennes, les urbanistes construisent \u00ab la ville sur la ville \u00bb. En banlieue, on d\u00e9molit. L\u2019id\u00e9ologie de l\u2019<a href=\"http:\/\/www.anru.fr\/\">ANRU<\/a>  (Agence nationale pour la r\u00e9novation urbaine) qui conditionne l\u2019obtention de cr\u00e9dits \u00e0 la d\u00e9molition n\u2019y est pas pour rien. Il faudrait que cela change si l\u2019on veut enfin faire baisser les tensions n\u00e9es du m\u00e9pris de classe.<\/p>\n<p>Le troisi\u00e8me enjeu de ce dossier est celui du sort fait au logement social. Il se trouve que ce b\u00e2timent a b\u00e9n\u00e9fici\u00e9 d\u2019une r\u00e9habilitation il y a 5 ans. Que l\u2019on manque cruellement de logements et de logements sociaux en particulier en r\u00e9gion parisienne. Que le co\u00fbt de la d\u00e9molition est estim\u00e9 \u00e0 7 millions auxquels s\u2019ajoutent les frais de d\u00e9m\u00e9nagement, de manque \u00e0 gagner pour l\u2019Office. Total de l\u2019op\u00e9ration : 20 millions. Un peu cher. L\u2019argument de la ville et de l\u2019agglom\u00e9ration est le passage d\u2019un tram. Qui oserait contester le bienfait d\u2019un tramway ? Y avait-il un seul chemin pour ce tram ? Supposons qu\u2019une \u00e9glise, peu fr\u00e9quent\u00e9e, ou une maison de ma\u00eetre, soient sur ce chemin, les aurait-on d\u00e9molis avec d\u00e9sinvolture ? Le tramway les aurait contourn\u00e9s. Il n\u2019y a jamais une seule solution. Le tribunal en jugera. <\/p>\n<p>En attendant le groupe Front de gauche du S\u00e9nat et de la r\u00e9gion se sont saisis du dossier. Pierre Laurent, s\u00e9nateur de Paris, a adress\u00e9 <a href=\"http:\/\/www.senat.fr\/questions\/base\/2013\/qSEQ130305339.html\">une question \u00e9crite<\/a> \u00e0 la ministre de l&#8217;\u00c9galit\u00e9 des territoires et du logement. Elle a obligation d\u2019y r\u00e9pondre dans les deux mois. La r\u00e9ponse n\u2019est pas venue. \u00c0 suivre donc. <\/p>\n","protected":false},"excerpt":{"rendered":"<p>Demain matin, le tribunal de grande instance se prononcera sur le fond dans le diff\u00e9rend qui oppose Paul Chemetov et la ville de Courcouronnes. C\u2019est une premi\u00e8re victoire pour l\u2019architecte qui obtient que la justice se penche sur le projet de d\u00e9molition d\u2019un b\u00e2timent de 80 logements sociaux dont il est l\u2019auteur. Rappel des faits. <\/p>\n","protected":false},"author":464,"featured_media":0,"comment_status":"open","ping_status":"open","sticky":false,"template":"","format":"standard","meta":{"_themeisle_gutenberg_block_has_review":false,"footnotes":""},"categories":[157],"tags":[423],"class_list":["post-6546","post","type-post","status-publish","format-standard","hentry","category-web","tag-architecture"],"_links":{"self":[{"href":"https:\/\/archives.regards.fr\/index.php?rest_route=\/wp\/v2\/posts\/6546","targetHints":{"allow":["GET"]}}],"collection":[{"href":"https:\/\/archives.regards.fr\/index.php?rest_route=\/wp\/v2\/posts"}],"about":[{"href":"https:\/\/archives.regards.fr\/index.php?rest_route=\/wp\/v2\/types\/post"}],"author":[{"embeddable":true,"href":"https:\/\/archives.regards.fr\/index.php?rest_route=\/wp\/v2\/users\/464"}],"replies":[{"embeddable":true,"href":"https:\/\/archives.regards.fr\/index.php?rest_route=%2Fwp%2Fv2%2Fcomments&post=6546"}],"version-history":[{"count":0,"href":"https:\/\/archives.regards.fr\/index.php?rest_route=\/wp\/v2\/posts\/6546\/revisions"}],"wp:attachment":[{"href":"https:\/\/archives.regards.fr\/index.php?rest_route=%2Fwp%2Fv2%2Fmedia&parent=6546"}],"wp:term":[{"taxonomy":"category","embeddable":true,"href":"https:\/\/archives.regards.fr\/index.php?rest_route=%2Fwp%2Fv2%2Fcategories&post=6546"},{"taxonomy":"post_tag","embeddable":true,"href":"https:\/\/archives.regards.fr\/index.php?rest_route=%2Fwp%2Fv2%2Ftags&post=6546"}],"curies":[{"name":"wp","href":"https:\/\/api.w.org\/{rel}","templated":true}]}}