{"id":6517,"date":"2013-04-19T19:20:16","date_gmt":"2013-04-19T17:20:16","guid":{"rendered":"https:\/\/wp.muchomaas.com\/la-nebuleuse-facho-des-anti6517\/"},"modified":"2023-06-23T23:14:13","modified_gmt":"2023-06-23T21:14:13","slug":"la-nebuleuse-facho-des-anti6517","status":"publish","type":"post","link":"https:\/\/archives.regards.fr\/?p=6517","title":{"rendered":"La n\u00e9buleuse extr\u00eame droite des anti-mariage pour tous"},"content":{"rendered":"<p class=\"post_excerpt\">Le d\u00e9bat sur le mariage pour tous a r\u00e9veill\u00e9 les droites extr\u00eames. Multipliant les manifs et les happenings, les militants d&#8217;extr\u00eame droite occupent le terrain et les Unes des journaux, cr\u00e9ant par l\u00e0-m\u00eame une ambiance politique d\u00e9l\u00e9t\u00e8re et explosive. Ce week-end, Regards s&#8217;int\u00e9resse \u00e0 cette n\u00e9buleuse extr\u00eame droite des anti-mariage pour tous.\n<\/p>\n<p><strong>A lire sur Regards :<\/strong><\/p>\n<ul>\n<li> &#8211; <a href=\"6513\">Le Printemps fran\u00e7ais, marque d\u00e9pos\u00e9e par B\u00e9atrice Bourges<\/a><\/li>\n<li> &#8211; <a href=\"6267\">Quand Lyon se l\u00e8ve contre l\u2019extr\u00e9misme de droite<\/a><\/li>\n<li> &#8211; <a href=\"https:\/\/wp.muchomaas.com\/acces-payant\/archives-web\/les-aventures-de-rosa-lo-et-dis,5169\">Th\u00e9\u00e2tre, chr\u00e9tient\u00e9 et extr\u00eame droite<\/a><br clear=\"all\"><br \/>\n<br \/>\n<strong>et ailleurs :<\/strong><\/li>\n<li> &#8211; <a href=\"http:\/\/www.lemonde.fr\/idees\/article\/2013\/04\/18\/ne-laissons-pas-la-rue-a-l-extreme-droite_3161515_3232.html\">Ne laissons pas la rue \u00e0 l&#8217;extr\u00eame-droite !<\/a>, tribune de Cl\u00e9mentine Autain, <em>Le Monde<\/em><\/li>\n<li> &#8211; <a href=\"http:\/\/www.rue89.com\/2013\/04\/16\/harcelement-democratique-anti-mariage-homo-est-a-gauche-241503\">Le \u00ab harc\u00e8lement d\u00e9mocratique \u00bb des anti-mariage homo est n\u00e9 \u00e0 gauche<\/a>, <em>Rue89<\/em><\/li>\n<li> &#8211; <a href=\"http:\/\/www.rue89.com\/2013\/04\/10\/ex-para-ultracathos-fachos-les-visages-printemps-francais-241299\">Ex-para, ultracathos et fachos : les visages du Printemps fran\u00e7ais<\/a>, <em>Rue89<\/em><\/li>\n<li> &#8211; <a href=\"http:\/\/droites-extremes.blog.lemonde.fr\/2013\/04\/10\/derriere-le-printemps-francais-linfluence-de-linstitut-ichtus\/\">Derri\u00e8re le Printemps fran\u00e7ais, l\u2019influence de l\u2019institut Ichtus<\/a>, blog <em>Droite(s) extr\u00eame(s)<\/em><\/li>\n<li> &#8211; <a href=\"http:\/\/www.lexpress.fr\/actualite\/societe\/manif-pour-tous-civitas-printemps-francais-la-nebuleuse-des-anti-mariage-gay_1240453.html\">Manif pour tous, Civitas, Printemps fran\u00e7ais&#8230; la n\u00e9buleuse des anti-mariage gay<\/a>, <em>L&#8217;Express<\/em><\/li>\n<li> &#8211; <a href=\"http:\/\/www.liberation.fr\/societe\/2013\/04\/13\/qui-se-cache-derriere-le-label-printemps-francais_895764\">Qui se cache derri\u00e8re le label \u00abPrintemps fran\u00e7ais\u00bb ?<\/a>, <em>Lib\u00e9ration<\/em><\/li>\n<li> &#8211; <a href=\"http:\/\/yagg.com\/2013\/03\/08\/civitas-association-interet-general\/\">Civitas, association \u00abd\u2019int\u00e9r\u00eat g\u00e9n\u00e9ral\u00bb?<\/a>, <em>Yagg<\/em><\/li>\n<li> &#8211; <a href=\"http:\/\/www.humanite.fr\/societe\/des-reseaux-catholiques-traditionalistes-520250\">Mariage pour tous. &#8220;On assiste au retour des r\u00e9seaux catholiques traditionalistes&#8221; selon Jean-Yves Camus<\/a>, <em>L&#8217;Humanit\u00e9<\/em><\/li>\n<\/ul>\n<div id='gallery-1' class='gallery galleryid-6517 gallery-columns-3 gallery-size-thumbnail'><figure class='gallery-item'>\n\t\t\t<div class='gallery-icon landscape'>\n\t\t\t\t<a href='https:\/\/archives.regards.fr\/wp-content\/uploads\/2013\/04\/printemps-695.jpg'><img loading=\"lazy\" decoding=\"async\" width=\"150\" height=\"150\" src=\"https:\/\/archives.regards.fr\/wp-content\/uploads\/2013\/04\/printemps-695-150x150.jpg\" class=\"attachment-thumbnail size-thumbnail\" alt=\"printemps.jpg\" \/><\/a>\n\t\t\t<\/div><\/figure>\n\t\t<\/div>\n\n","protected":false},"excerpt":{"rendered":"<p>Le d\u00e9bat sur le mariage pour tous a r\u00e9veill\u00e9 les droites extr\u00eames. Multipliant les manifs et les happenings, les militants d&#8217;extr\u00eame droite occupent le terrain et les Unes des journaux, cr\u00e9ant par l\u00e0-m\u00eame une ambiance politique d\u00e9l\u00e9t\u00e8re et explosive. Ce week-end, Regards s&#8217;int\u00e9resse \u00e0 cette n\u00e9buleuse extr\u00eame droite des anti-mariage pour tous.<\/p>\n","protected":false},"author":643,"featured_media":18181,"comment_status":"open","ping_status":"open","sticky":false,"template":"","format":"standard","meta":{"_themeisle_gutenberg_block_has_review":false,"footnotes":""},"categories":[105],"tags":[355,439],"class_list":["post-6517","post","type-post","status-publish","format-standard","has-post-thumbnail","hentry","category-nos-dossiers","tag-extreme-droite","tag-mariage-pour-tous"],"_links":{"self":[{"href":"https:\/\/archives.regards.fr\/index.php?rest_route=\/wp\/v2\/posts\/6517","targetHints":{"allow":["GET"]}}],"collection":[{"href":"https:\/\/archives.regards.fr\/index.php?rest_route=\/wp\/v2\/posts"}],"about":[{"href":"https:\/\/archives.regards.fr\/index.php?rest_route=\/wp\/v2\/types\/post"}],"author":[{"embeddable":true,"href":"https:\/\/archives.regards.fr\/index.php?rest_route=\/wp\/v2\/users\/643"}],"replies":[{"embeddable":true,"href":"https:\/\/archives.regards.fr\/index.php?rest_route=%2Fwp%2Fv2%2Fcomments&post=6517"}],"version-history":[{"count":0,"href":"https:\/\/archives.regards.fr\/index.php?rest_route=\/wp\/v2\/posts\/6517\/revisions"}],"wp:featuredmedia":[{"embeddable":true,"href":"https:\/\/archives.regards.fr\/index.php?rest_route=\/wp\/v2\/media\/18181"}],"wp:attachment":[{"href":"https:\/\/archives.regards.fr\/index.php?rest_route=%2Fwp%2Fv2%2Fmedia&parent=6517"}],"wp:term":[{"taxonomy":"category","embeddable":true,"href":"https:\/\/archives.regards.fr\/index.php?rest_route=%2Fwp%2Fv2%2Fcategories&post=6517"},{"taxonomy":"post_tag","embeddable":true,"href":"https:\/\/archives.regards.fr\/index.php?rest_route=%2Fwp%2Fv2%2Ftags&post=6517"}],"curies":[{"name":"wp","href":"https:\/\/api.w.org\/{rel}","templated":true}]}}