{"id":6511,"date":"2013-04-16T15:05:03","date_gmt":"2013-04-16T13:05:03","guid":{"rendered":"https:\/\/wp.muchomaas.com\/en-voiture-shimon-c-est-toi-qui6511\/"},"modified":"2023-06-23T23:14:11","modified_gmt":"2023-06-23T21:14:11","slug":"en-voiture-shimon-c-est-toi-qui6511","status":"publish","type":"post","link":"https:\/\/archives.regards.fr\/?p=6511","title":{"rendered":"C&#8217;est Shimon qui conduit, mais c&#8217;est qui qui klaxonne (pour d\u00e9gager les muslims de la route)?"},"content":{"rendered":"<p class=\"post_excerpt\">Lors de la venue \u00e0 Paris du monarque jordanien Abdallah II, la SNCF et sa filiale Itiremia ont-elles pris des mesures antis\u00e9mites? Selon un syndicat, les personnels aux noms \u00e0 consonances juives auraient en effet \u00e9t\u00e9 \u00e9cart\u00e9s, arguant du fait qu&#8217;il fallait \u00e9viter de froisser le roi. Par ailleurs, un agent arborant le maillot du Maccabi Tel-Aviv a \u00e9t\u00e9 pri\u00e9 de changer de quai et un passager portant une kippa longuement fouill\u00e9 par la police. Scandale? Non, tout est faux, la vraie histoire, c&#8217;est celle-l\u00e0:<\/p>\n<p>C&#8217;est <a href=\"http:\/\/www.solidaires.org\/IMG\/pdf\/2013_-_4_-_11_-_Discriminations_Paris_Nord.pdf\">un communiqu\u00e9 de Sud Rail<\/a> dat\u00e9 du 10 avril qui a r\u00e9v\u00e9l\u00e9 cette \u00abaffaire\u00bb datant plus d&#8217;un mois. Elle tient en deux questions: le 8 mars dernier, \u00e0 l&#8217;occasion de la visite en France du pr\u00e9sident isra\u00e9lien Shimon P\u00e9res, la SNCF et\/ou sa filiale Itiremia ont-elles pris des mesures pour s&#8217;assurer qu&#8217;aucun personnel musulman ne se chargerait d&#8217;accueillir la d\u00e9l\u00e9gation isra\u00e9lienne en Gare du Nord \u00e0 Paris? Et si elles ont bien \u00e9t\u00e9 prises, ces mesures discriminatoires ont-elle \u00e9t\u00e9 exig\u00e9es par les repr\u00e9sentants isra\u00e9liens?<\/p>\n<p>Les informations donn\u00e9es par le syndicat, sur la base de t\u00e9moignages d&#8217;agents, sont pr\u00e9cises: la veille de l&#8217;arriv\u00e9e de P\u00e9res, le responsable de site (Gare du Nord) aurait expliqu\u00e9 \u00e0 son personnel qu&#8217;il ne fallait \u00ab<em>pas de salari\u00e9s musulmans pour accueillir le Chef d&#8217;Etat isra\u00e9lien<\/em>\u00bb. Une consigne confirm\u00e9e, <em>a posteriori<\/em>, le 25 mars lors d&#8217;une r\u00e9union extraordinaire du Comit\u00e9 d&#8217;hygi\u00e8ne et s\u00e9curit\u00e9 (CHSCT) d&#8217;Itiremia durant laquelle le directeur de la filiale (et pr\u00e9sident du CHSCT), S\u00e9bastien Budillon, aurait indiqu\u00e9 que \u00ab<em>les crit\u00e8res de choix pour accueillir M. Peres avaient \u00e9t\u00e9 effectu\u00e9s en fonction de l&#8217;apparence des salari\u00e9s<\/em>\u00bb; et reconnu avoir op\u00e9r\u00e9 un \u00ab<em>choix confessionnel<\/em>\u00bb. Suite \u00e0 ces \u00ab<em>aveux<\/em>\u00bb, le CHSCT a d\u00e9cid\u00e9 d&#8217;ouvrir une enqu\u00eate interne dont les r\u00e9sultats n&#8217;avaient toujours pas \u00e9t\u00e9 rendu public mardi 16 avril en fin de matin\u00e9e. Le communiqu\u00e9 note que, toujours \u00e0 l&#8217;occasion de cette visite, \u00ab<em>un des contr\u00f4leurs du Thalys, qui est m\u00e9tis, s&#8217;est \u00e9galement vu interdire de contr\u00f4ler la voiture o\u00f9 se trouvait Shimon P\u00e9res<\/em>\u00bb et que \u00ab<em>un conducteur d&#8217;origine maghrebine n&#8217;a pas pu aller chercher son train en gare du Nord, car il devait traverser la zone o\u00f9 se trouvait Shimon P\u00e9res.<\/em>\u00bb<\/p>\n<p>Autant dire que si tout ou partie de ces faits est confirm\u00e9 par l&#8217;enqu\u00eate, on se trouve dans un cas caract\u00e9ris\u00e9 et gravissime de \u00ab<em>discrimination et racisme<\/em>\u00bb comme l&#8217;affirme l&#8217;intitul\u00e9 du communiqu\u00e9 de Sud Rail.<\/p>\n<p>Dans <a href=\"http:\/\/www.sncf.com\/fr\/presse\/a-la-une#\">un d\u00e9menti consultable sur son site<\/a>, la SNCF r\u00e9fute avoir re\u00e7u des consignes de l&#8217;Ambassade d&#8217;Isra\u00ebl comme cela est \u00e9voqu\u00e9 dans le communiqu\u00e9 de Sud et renvoie \u00e0 l&#8217;enqu\u00eate interne: \u00ab<em>SNCF d\u00e9ment les faits rapport\u00e9s par le communiqu\u00e9 de Sud Rail en date du 10 avril 2013.\u00a0SNCF n\u2019a re\u00e7u aucune demande des services du Pr\u00e9sident isra\u00e9lien, Monsieur Shimon Peres, ni du Minist\u00e8re Fran\u00e7ais des Affaires \u00e9trang\u00e8res relative aux personnels concourant \u00e0 ce d\u00e9placement, et n\u2019a, en aucun cas, \u00e9mis de telles instructions aupr\u00e8s de son prestataire bagagiste, la soci\u00e9t\u00e9 Itir\u00e9mia. Une enqu\u00eate interne (CHSCT) \u00e0 Itir\u00e9mia est en cours<\/em>.\u00bb<\/p>\n<p>Un d\u00e9menti qui laisse Monique Dabat, repr\u00e9sentante Sud Rail \u00e0 Paris Nord, contact\u00e9e par regards.fr, tr\u00e8s sceptique: \u00ab<em>Honn\u00eatement, \u00e7a nous para\u00eet difficile que des services isra\u00e9liens, quels qu&#8217;ils soient, aient eux m\u00eames fait la d\u00e9marche de d\u00e9goter le prestataire fran\u00e7ais charg\u00e9 des bagagistes, et qu&#8217;ils l&#8217;aient appel\u00e9 directement sans passer par la SNCF.<\/em>\u00bb Quant \u00e0 envisager que ces mesures discriminatoires seraient le fruit d&#8217;une initiative propre et interne \u00e0 Itiremia, elle n&#8217;ose m\u00eame pas y penser: \u00ab<em>ce serait compl\u00e8tement fou!<\/em>\u00bb Pour elle, les propos tenus aux salari\u00e9s sont sans \u00e9quivoque. \u00ab<em>Quand les agents ont demand\u00e9 pourquoi aucun Noir ni Arabe ne figuraient dans la liste des personnels pour l&#8217;accueil de la d\u00e9l\u00e9gation isra\u00e9lienne, il leur a \u00e9t\u00e9 r\u00e9pondu que le vrai enjeu \u00e9tait qu&#8217;il ne fallait pas de musulmans<\/em>.\u00bb Un \u00ab<em>Il ne faut pas<\/em>\u00bb qui s&#8217;apparente bien, de fait, \u00e0 une consigne venue d&#8217;en haut. Mais d&#8217;o\u00f9 et de qui?<\/p>\n<p>Joint par regards.fr, la communication de la SNCF refuse d&#8217;en dire plus tant que l&#8217;enqu\u00eate n&#8217;a pas rendu ses conclusions: \u00ab<em>On souhaite que l&#8217;\u00e9clairage soit fait sur cette affaire. Au niveau du groupe et des filiales, on attend que les r\u00e8gles d&#8217;\u00e9thique et de d\u00e9ontologie auxquelles nous sommes tr\u00e8s attach\u00e9es soient respect\u00e9es de la m\u00eame fa\u00e7on par tous.<\/em>\u00bb La porte-parole interrog\u00e9e se borne \u00e0 r\u00e9p\u00e9ter qu&#8217; \u00ab<em>aucune demande<\/em>\u00bb \u00e9manant des services isra\u00e9liens n&#8217;a \u00e9t\u00e9 formul\u00e9e tout en conc\u00e9dant que \u00ab<em>chaque fois qu&#8217;une d\u00e9l\u00e9gation de ce type est annonc\u00e9e, nous nous renseignons pour savoir si il y a des dispositions sp\u00e9cifiques \u00e0 prendre pour les services, voitures, les bagagistes, etc<\/em>.\u00bb <\/p>\n<p>Sollicit\u00e9e par <a href=\"http:\/\/www.lepoint.fr\/societe\/embarrassantes-precautions-en-marge-de-la-visite-de-peres-15-04-2013-1655015_23.php\">Lepoint.fr <\/a>, la repr\u00e9sentation isra\u00e9lienne \u00e0 Paris assure de son c\u00f4t\u00e9 qu&#8217;elle n&#8217;a formul\u00e9 aucune exigence particuli\u00e8re \u00e0 Itiremia en vue de cette visite. Rappelons ici que les autorit\u00e9s isra\u00e9liennes sont d\u00e9j\u00e0 directement intervenues, par le pass\u00e9, aupr\u00e8s de compagnies \u00e9trang\u00e8res. Ainsi, en avril dernier, plusieurs passagers disposant de passeports europ\u00e9ens et participant \u00e0 l&#8217;initiative \u00abBienvenue en Palestine\u00bb avaient \u00e9t\u00e9 bloqu\u00e9s dans les a\u00e9roports de Paris et Gen\u00e8ve. Interdit d&#8217;acc\u00e8s \u00e0 bord sur la base des listes de \u00ab<em>passagers ind\u00e9sirables<\/em>\u00bb transmises \u00e0 certaines compagnies (Air france, Lufthansa&#8230;) par les services isra\u00e9liens. Un an apr\u00e8s, jeudi 4 avril dernier, <a href=\"http:\/\/www.lemonde.fr\/proche-orient\/article\/2013\/04\/04\/air-france-condamnee-pour-discrimination-d-une-passagere-non-juive-a-destination-d-israel_3154118_3218.html\">Air France a d&#8217;ailleurs \u00e9t\u00e9 condamn\u00e9e \u00e0 une amende<\/a> pour avoir, \u00e0 l&#8217;\u00e9poque, d\u00e9barqu\u00e9e \u00e0 Nice une militante (de l&#8217;op\u00e9ration \u00abBienvenue en Palestine\u00bb) d&#8217;un avion en partance pour Tel-Aviv au motif qu&#8217;elle n&#8217;\u00e9tait pas juive&#8230;<\/p>\n<p>Des faits bien av\u00e9r\u00e9s et qui laissent songeur quand on sait que r\u00e9guli\u00e8rement les officines d\u00e9di\u00e9es au \u00absoutien inconditionnel\u202f\u00bb du gouvernement isra\u00e9lien en France accusent les jeunes des quartiers populaires et les associations du mouvement de solidarit\u00e9 avec la Palestine d&#8217;\u00ab<em>importer le conflit isra\u00e9lo-palestinien<\/em>\u202f\u00bb sur le territoire national. <\/p>\n<p>En attendant les r\u00e9sultats de l&#8217;enqu\u00eate, les salari\u00e9s d&#8217;Itiremia Paris-Nord ont envoy\u00e9 au directeur de la filiale une d\u00e9claration\/p\u00e9tition \u00ab<em>pour d\u00e9noncer ces pratiques [et lui rappeler que ] Itiremia et la SNCF sont notamment signataires de la Charte de la diversit\u00e9<\/em>\u00bb.<br \/>\nSelon <a href=\"http:\/\/www.humanite.fr\/societe\/sncf-discrimination-sur-injonctions-israeliennes-520220\">l&#8217;Humanit\u00e9<\/a>, le secr\u00e9taire g\u00e9n\u00e9ral de la f\u00e9d\u00e9ration CGT des cheminots a lui adress\u00e9 un courrier au pr\u00e9sident de la SNCF Guillaume P\u00e9py o\u00f9 il demande que tout soit \u00e9clairci au plus vite. \u00ab\u202f<em>C\u2019est l\u2019honneur de notre entreprise qui est engag\u00e9<\/em>\u202f\u00bb, souligne-t-il, notant que si les faits \u00e9taient av\u00e9r\u00e9s \u00ab\u202f<em>les valeurs r\u00e9publicaines et la l\u00e9gislation fran\u00e7aise auraient \u00e9t\u00e9 bafou\u00e9es volontairement pour r\u00e9pondre \u00e0 des requ\u00eates racistes et x\u00e9nophobes\u202f<\/em>\u202f\u00bb. <\/p>\n<p>Pour m\u00e9moire, la visite de P\u00e9res \u00e0 Paris d\u00e9but mars avait entre autre pour motif \u00ab<em>un plaidoyer pour la paix, entre les religions juives et musulmanes<\/em>\u00bb. <\/p>\n<div id='gallery-1' class='gallery galleryid-6511 gallery-columns-3 gallery-size-thumbnail'><figure class='gallery-item'>\n\t\t\t<div class='gallery-icon landscape'>\n\t\t\t\t<a href='https:\/\/archives.regards.fr\/wp-content\/uploads\/2013\/04\/tr-3-642.jpg'><img loading=\"lazy\" decoding=\"async\" width=\"150\" height=\"150\" src=\"https:\/\/archives.regards.fr\/wp-content\/uploads\/2013\/04\/tr-3-642-150x150.jpg\" class=\"attachment-thumbnail size-thumbnail\" alt=\"tr-3.jpg\" \/><\/a>\n\t\t\t<\/div><\/figure>\n\t\t<\/div>\n\n","protected":false},"excerpt":{"rendered":"<p>Lors de la venue \u00e0 Paris du monarque jordanien Abdallah II, la SNCF et sa filiale Itiremia ont-elles pris des mesures antis\u00e9mites? Selon un syndicat, les personnels aux noms \u00e0 consonances juives auraient en effet \u00e9t\u00e9 \u00e9cart\u00e9s, arguant du fait qu&#8217;il fallait \u00e9viter de froisser le roi. Par ailleurs, un agent arborant le maillot du Maccabi Tel-Aviv a \u00e9t\u00e9 pri\u00e9 de changer de quai et un passager portant une kippa longuement fouill\u00e9 par la police. Scandale? Non, tout est faux, la vraie histoire, c&#8217;est celle-l\u00e0:<\/p>\n","protected":false},"author":558,"featured_media":18167,"comment_status":"open","ping_status":"open","sticky":false,"template":"","format":"standard","meta":{"_themeisle_gutenberg_block_has_review":false,"footnotes":""},"categories":[157],"tags":[332,333,315,401],"class_list":["post-6511","post","type-post","status-publish","format-standard","has-post-thumbnail","hentry","category-web","tag-palestine","tag-proche-et-moyen-orient","tag-syndicats","tag-transports"],"_links":{"self":[{"href":"https:\/\/archives.regards.fr\/index.php?rest_route=\/wp\/v2\/posts\/6511","targetHints":{"allow":["GET"]}}],"collection":[{"href":"https:\/\/archives.regards.fr\/index.php?rest_route=\/wp\/v2\/posts"}],"about":[{"href":"https:\/\/archives.regards.fr\/index.php?rest_route=\/wp\/v2\/types\/post"}],"author":[{"embeddable":true,"href":"https:\/\/archives.regards.fr\/index.php?rest_route=\/wp\/v2\/users\/558"}],"replies":[{"embeddable":true,"href":"https:\/\/archives.regards.fr\/index.php?rest_route=%2Fwp%2Fv2%2Fcomments&post=6511"}],"version-history":[{"count":0,"href":"https:\/\/archives.regards.fr\/index.php?rest_route=\/wp\/v2\/posts\/6511\/revisions"}],"wp:featuredmedia":[{"embeddable":true,"href":"https:\/\/archives.regards.fr\/index.php?rest_route=\/wp\/v2\/media\/18167"}],"wp:attachment":[{"href":"https:\/\/archives.regards.fr\/index.php?rest_route=%2Fwp%2Fv2%2Fmedia&parent=6511"}],"wp:term":[{"taxonomy":"category","embeddable":true,"href":"https:\/\/archives.regards.fr\/index.php?rest_route=%2Fwp%2Fv2%2Fcategories&post=6511"},{"taxonomy":"post_tag","embeddable":true,"href":"https:\/\/archives.regards.fr\/index.php?rest_route=%2Fwp%2Fv2%2Ftags&post=6511"}],"curies":[{"name":"wp","href":"https:\/\/api.w.org\/{rel}","templated":true}]}}