{"id":6483,"date":"2013-04-09T13:12:53","date_gmt":"2013-04-09T11:12:53","guid":{"rendered":"https:\/\/wp.muchomaas.com\/le-portugal-fait-de-la-resistance6483\/"},"modified":"2013-04-09T13:12:53","modified_gmt":"2013-04-09T11:12:53","slug":"le-portugal-fait-de-la-resistance6483","status":"publish","type":"post","link":"https:\/\/archives.regards.fr\/?p=6483","title":{"rendered":"Le Portugal fait de la r\u00e9sistance"},"content":{"rendered":"<p class=\"post_excerpt\">La Cour constitutionnelle a invalid\u00e9 deux \u00e9l\u00e9ments du plan de rigueur du gouvernement de centre-droit diminuant les r\u00e9mun\u00e9rations des salari\u00e9s. D&#8217;un quart \u00e0 un tiers du plan de r\u00e9duction des d\u00e9penses est ainsi annul\u00e9. Une sage d\u00e9cision qui att\u00e9nuera la r\u00e9cession qui fait exploser l&#8217;endettement du pays.<\/p>\n<p>Vendredi dernier, la Cour constitutionnelle du Portugal a rejet\u00e9 deux \u00e9l\u00e9ments du plan de rigueur impos\u00e9 par la Tro\u00efka\u00a0: la suppression du 14\u00e8me mois vers\u00e9 aux retrait\u00e9s et aux fonctionnaires et une autre mesure instaurant un pr\u00e9l\u00e8vement sur les assurances ch\u00f4mage et maladie. Le manque \u00e0 gagner net pour le budget de l\u2019Etat s&#8217;\u00e9tablirait dans une fourchette de 900 millions \u00e0 1,3 milliard.<\/p>\n<p>Cet effort budg\u00e9taire s&#8217;inscrit dans le cadre d&#8217;un accord avec la Tro\u00efka (Commission europ\u00e9enne, Banque centrale et Fonds mon\u00e9taire international) pour lequel ce pays a re\u00e7u un pr\u00eat de 78 milliards d\u2019euros en mai 2011 contre l&#8217;engagement d&#8217;atteindre 3\u00a0% de d\u00e9ficit budg\u00e9taire en 2015. L\u2019objectif du gouvernement de centre-droit de Pedro Passos Coelho de ramener son d\u00e9ficit public \u00e0 5,5 % du PIB \u00e0 la fin de cette ann\u00e9e, contre 6,4 % en 2012, est ainsi largement remis en cause.<\/p>\n<p>En 2013, 80\u00a0% de l&#8217;effort budg\u00e9taire est r\u00e9alis\u00e9 par une hausse g\u00e9n\u00e9ralis\u00e9e des imp\u00f4ts, le reste correspondant \u00e0 des r\u00e9ductions de d\u00e9penses. A l&#8217;horizon 2015, le gouvernement pr\u00e9voyait pour 4 milliards d&#8217;euros de r\u00e9duction permanente des d\u00e9penses\u00a0: avec la d\u00e9cision de la Cour constitutionnelle, c&#8217;est d&#8217;un quart \u00e0 un tiers de ce plan de r\u00e9duction des d\u00e9penses qui est annul\u00e9. Le gouvernement va donc devoir trouver d&#8217;autres pistes au moment o\u00f9 le Portugal s\u2019enfonce dans sa pire r\u00e9cession depuis trente ans, avec une contraction du PIB de 3,2% en 2012. Comme en Gr\u00e8ce et ailleurs, le rem\u00e8de s&#8217;av\u00e8re \u00eatre pire que le mal dans la mesure o\u00f9 l&#8217;endettement du pays \u00e0 bondi de 108\u00a0% \u00e0 123\u00a0% entre 2011 et 2012.<\/p>\n","protected":false},"excerpt":{"rendered":"<p>La Cour constitutionnelle a invalid\u00e9 deux \u00e9l\u00e9ments du plan de rigueur du gouvernement de centre-droit diminuant les r\u00e9mun\u00e9rations des salari\u00e9s. D&#8217;un quart \u00e0 un tiers du plan de r\u00e9duction des d\u00e9penses est ainsi annul\u00e9. Une sage d\u00e9cision qui att\u00e9nuera la r\u00e9cession qui fait exploser l&#8217;endettement du pays.<\/p>\n","protected":false},"author":672,"featured_media":0,"comment_status":"open","ping_status":"open","sticky":false,"template":"","format":"standard","meta":{"_themeisle_gutenberg_block_has_review":false,"footnotes":""},"categories":[157],"tags":[425],"class_list":["post-6483","post","type-post","status-publish","format-standard","hentry","category-web","tag-portugal"],"_links":{"self":[{"href":"https:\/\/archives.regards.fr\/index.php?rest_route=\/wp\/v2\/posts\/6483","targetHints":{"allow":["GET"]}}],"collection":[{"href":"https:\/\/archives.regards.fr\/index.php?rest_route=\/wp\/v2\/posts"}],"about":[{"href":"https:\/\/archives.regards.fr\/index.php?rest_route=\/wp\/v2\/types\/post"}],"author":[{"embeddable":true,"href":"https:\/\/archives.regards.fr\/index.php?rest_route=\/wp\/v2\/users\/672"}],"replies":[{"embeddable":true,"href":"https:\/\/archives.regards.fr\/index.php?rest_route=%2Fwp%2Fv2%2Fcomments&post=6483"}],"version-history":[{"count":0,"href":"https:\/\/archives.regards.fr\/index.php?rest_route=\/wp\/v2\/posts\/6483\/revisions"}],"wp:attachment":[{"href":"https:\/\/archives.regards.fr\/index.php?rest_route=%2Fwp%2Fv2%2Fmedia&parent=6483"}],"wp:term":[{"taxonomy":"category","embeddable":true,"href":"https:\/\/archives.regards.fr\/index.php?rest_route=%2Fwp%2Fv2%2Fcategories&post=6483"},{"taxonomy":"post_tag","embeddable":true,"href":"https:\/\/archives.regards.fr\/index.php?rest_route=%2Fwp%2Fv2%2Ftags&post=6483"}],"curies":[{"name":"wp","href":"https:\/\/api.w.org\/{rel}","templated":true}]}}