{"id":6472,"date":"2013-04-11T07:50:00","date_gmt":"2013-04-11T05:50:00","guid":{"rendered":"https:\/\/wp.muchomaas.com\/affaire-cahuzac-de-la-nausee-au6472\/"},"modified":"2023-06-23T23:14:07","modified_gmt":"2023-06-23T21:14:07","slug":"affaire-cahuzac-de-la-nausee-au6472","status":"publish","type":"post","link":"https:\/\/archives.regards.fr\/?p=6472","title":{"rendered":"Affaire Cahuzac : de la naus\u00e9e au changement v\u00e9ritable"},"content":{"rendered":"<p class=\"post_excerpt\">Edito-vid\u00e9o de Cl\u00e9mentine Autain, directrice de Regards. Vid\u00e9o publi\u00e9e le 5 avril 2013.<\/p>\n<div class=\"iframe_container\"><iframe frameborder=\"0\" style=\"position:absolute;width:100%;height:100%\" src=\"http:\/\/www.youtube.com\/embed\/U-ZEDwr3Hs0\" frameborder=\"0\" allowfullscreen><\/iframe><\/div>\n<div id='gallery-1' class='gallery galleryid-6472 gallery-columns-3 gallery-size-thumbnail'><figure class='gallery-item'>\n\t\t\t<div class='gallery-icon landscape'>\n\t\t\t\t<a href='https:\/\/archives.regards.fr\/wp-content\/uploads\/2013\/04\/clem-18-e8e.jpg'><img loading=\"lazy\" decoding=\"async\" width=\"150\" height=\"150\" src=\"https:\/\/archives.regards.fr\/wp-content\/uploads\/2013\/04\/clem-18-e8e-150x150.jpg\" class=\"attachment-thumbnail size-thumbnail\" alt=\"clem-18.jpg\" \/><\/a>\n\t\t\t<\/div><\/figure>\n\t\t<\/div>\n\n","protected":false},"excerpt":{"rendered":"<p>Edito-vid\u00e9o de Cl\u00e9mentine Autain, directrice de Regards. Vid\u00e9o publi\u00e9e le 5 avril 2013.<\/p>\n","protected":false},"author":570,"featured_media":18113,"comment_status":"open","ping_status":"open","sticky":false,"template":"","format":"standard","meta":{"_themeisle_gutenberg_block_has_review":false,"footnotes":""},"categories":[172],"tags":[450,328],"class_list":["post-6472","post","type-post","status-publish","format-standard","has-post-thumbnail","hentry","category-video","tag-cahuzac","tag-editorial"],"_links":{"self":[{"href":"https:\/\/archives.regards.fr\/index.php?rest_route=\/wp\/v2\/posts\/6472","targetHints":{"allow":["GET"]}}],"collection":[{"href":"https:\/\/archives.regards.fr\/index.php?rest_route=\/wp\/v2\/posts"}],"about":[{"href":"https:\/\/archives.regards.fr\/index.php?rest_route=\/wp\/v2\/types\/post"}],"author":[{"embeddable":true,"href":"https:\/\/archives.regards.fr\/index.php?rest_route=\/wp\/v2\/users\/570"}],"replies":[{"embeddable":true,"href":"https:\/\/archives.regards.fr\/index.php?rest_route=%2Fwp%2Fv2%2Fcomments&post=6472"}],"version-history":[{"count":0,"href":"https:\/\/archives.regards.fr\/index.php?rest_route=\/wp\/v2\/posts\/6472\/revisions"}],"wp:featuredmedia":[{"embeddable":true,"href":"https:\/\/archives.regards.fr\/index.php?rest_route=\/wp\/v2\/media\/18113"}],"wp:attachment":[{"href":"https:\/\/archives.regards.fr\/index.php?rest_route=%2Fwp%2Fv2%2Fmedia&parent=6472"}],"wp:term":[{"taxonomy":"category","embeddable":true,"href":"https:\/\/archives.regards.fr\/index.php?rest_route=%2Fwp%2Fv2%2Fcategories&post=6472"},{"taxonomy":"post_tag","embeddable":true,"href":"https:\/\/archives.regards.fr\/index.php?rest_route=%2Fwp%2Fv2%2Ftags&post=6472"}],"curies":[{"name":"wp","href":"https:\/\/api.w.org\/{rel}","templated":true}]}}