{"id":6442,"date":"2013-04-02T20:36:26","date_gmt":"2013-04-02T18:36:26","guid":{"rendered":"https:\/\/wp.muchomaas.com\/cinema-inferno-greve-chez-gaumont6442\/"},"modified":"2013-04-02T20:36:26","modified_gmt":"2013-04-02T18:36:26","slug":"cinema-inferno-greve-chez-gaumont6442","status":"publish","type":"post","link":"https:\/\/archives.regards.fr\/?p=6442","title":{"rendered":"Cin\u00e9ma Inferno ? Gr\u00e8ve chez Gaumont-Path\u00e9"},"content":{"rendered":"<p class=\"post_excerpt\">Sous couvert de son deuxi\u00e8me volet de Gestion Pr\u00e9visionnelle des Emplois et Comp\u00e9tences, le groupe Gaumont-Path\u00e9 met la pression sur ses projectionnistes. Soit ces derniers acceptent le r\u00f4le de technicien polyvalent que leur propose le groupe, soit on les raye du sc\u00e9nario. R\u00e9sultat, depuis le 30 mars une quarantaine d\u2019entre eux est en gr\u00e8ve reconductible. <\/p>\n<p>Alors que tout le monde a les yeux riv\u00e9s sur la nouvelle convention collective du cin\u00e9ma (lire <a href=\"http:\/\/www.la-srf.fr\/index.php?option=com_flexicontent&#038;view=items&#038;id=1343%3Aqar-srf-convention-collective-&#038;Itemid=999\">ici les explications \u00e9clairantes<\/a> de la SRF) les salles Path\u00e9-Gaumont poursuivent leur recherche de profit. Apr\u00e8s avoir tent\u00e9 de renouer avec la s\u00e9gr\u00e9gation entre spectateurs riches et pauvres en proposant des fauteuils premium, plus chers, pour un suppos\u00e9 plus grand confort, le groupe,  qui a distribu\u00e9 l\u2019an pass\u00e9 entre 25 et 30 millions de dividendes \u00e0 ses actionnaires principaux, les fr\u00e8res J\u00e9r\u00f4me et Nicolas Seydoux demande aux 230 projectionnistes de renoncer \u00e0 leur statut pour endosser la blouse de \u00ab\u00a0techniciens polyvalents\u00a0\u00bb. En r\u00e9sum\u00e9 projectionnistes ET vendeurs de pop corn. L\u2019accord, sign\u00e9 par l\u2019ensemble des organisations syndicales est contest\u00e9 par SUD et la CNT, malgr\u00e9 les promesses de maintien de l\u2019emploi et du salaire. Comme si un m\u00e9tier en valait un autre, comme si la sp\u00e9cificit\u00e9 du travail du projectionniste ( qui requiert quand m\u00eame un go\u00fbt prononc\u00e9 pour l\u2019obscurit\u00e9 et la solitude) \u00e9tait soluble dans l\u2019accueil d\u2019un public de plus en plus \u00ab\u00a0clientis\u00e9\u00a0\u00bb. <\/p>\n<p>Jouant sur un pr\u00e9tendu all\u00e9gement des taches propres au projectionniste depuis l\u2019av\u00e8nement du num\u00e9rique, la direction aimerait bien que les agents projectionnistes, d\u00e9j\u00e0 somm\u00e9s de se former \u00e0 chaque nouvelle \u00e9volution techno-num\u00e9rique, puissent en outre effectuer des taches de maintenance du b\u00e2timent, avec formation expresse \u00e0 la cl\u00e9. Une proposition qui ne passe par pour pr\u00e8s de quarante cinq d\u2019entre eux, qui depuis samedi se relaient dans une gr\u00e8ve reconductible, sous la banni\u00e8re du chat noir anarcho-syndical. Le mot d\u2019ordre est simple\u00a0: repousser le d\u00e9lai de signature \u00e0 l\u2019automne, en esp\u00e9rant que les \u00e9lections des d\u00e9l\u00e9gu\u00e9s du personnel en juin prochain puissent changer un peu la donne. A suivre.<\/p>\n","protected":false},"excerpt":{"rendered":"<p>Sous couvert de son deuxi\u00e8me volet de Gestion Pr\u00e9visionnelle des Emplois et Comp\u00e9tences, le groupe Gaumont-Path\u00e9 met la pression sur ses projectionnistes. Soit ces derniers acceptent le r\u00f4le de technicien polyvalent que leur propose le groupe, soit on les raye du sc\u00e9nario. R\u00e9sultat, depuis le 30 mars une quarantaine d\u2019entre eux est en gr\u00e8ve reconductible. <\/p>\n","protected":false},"author":1,"featured_media":0,"comment_status":"open","ping_status":"open","sticky":false,"template":"","format":"standard","meta":{"_themeisle_gutenberg_block_has_review":false,"footnotes":""},"categories":[157],"tags":[299],"class_list":["post-6442","post","type-post","status-publish","format-standard","hentry","category-web","tag-cinema"],"_links":{"self":[{"href":"https:\/\/archives.regards.fr\/index.php?rest_route=\/wp\/v2\/posts\/6442","targetHints":{"allow":["GET"]}}],"collection":[{"href":"https:\/\/archives.regards.fr\/index.php?rest_route=\/wp\/v2\/posts"}],"about":[{"href":"https:\/\/archives.regards.fr\/index.php?rest_route=\/wp\/v2\/types\/post"}],"author":[{"embeddable":true,"href":"https:\/\/archives.regards.fr\/index.php?rest_route=\/wp\/v2\/users\/1"}],"replies":[{"embeddable":true,"href":"https:\/\/archives.regards.fr\/index.php?rest_route=%2Fwp%2Fv2%2Fcomments&post=6442"}],"version-history":[{"count":0,"href":"https:\/\/archives.regards.fr\/index.php?rest_route=\/wp\/v2\/posts\/6442\/revisions"}],"wp:attachment":[{"href":"https:\/\/archives.regards.fr\/index.php?rest_route=%2Fwp%2Fv2%2Fmedia&parent=6442"}],"wp:term":[{"taxonomy":"category","embeddable":true,"href":"https:\/\/archives.regards.fr\/index.php?rest_route=%2Fwp%2Fv2%2Fcategories&post=6442"},{"taxonomy":"post_tag","embeddable":true,"href":"https:\/\/archives.regards.fr\/index.php?rest_route=%2Fwp%2Fv2%2Ftags&post=6442"}],"curies":[{"name":"wp","href":"https:\/\/api.w.org\/{rel}","templated":true}]}}